{"id":426131,"date":"2025-09-29T13:11:10","date_gmt":"2025-09-29T13:11:10","guid":{"rendered":"https:\/\/www.europesays.com\/fr\/426131\/"},"modified":"2025-09-29T13:11:10","modified_gmt":"2025-09-29T13:11:10","slug":"cyclisme-paris-chauny-arnaud-de-lie-cette-fois-encore-il-y-a-la-cerise-sur-le-gateau","status":"publish","type":"post","link":"https:\/\/www.europesays.com\/fr\/426131\/","title":{"rendered":"Cyclisme. Paris-Chauny &#8211; Arnaud De Lie : \u00abCette fois encore, il y a la cerise sur le g\u00e2teau\u00bb"},"content":{"rendered":"<p>Et de trois \u00e0 la suite pour<strong> <a href=\"https:\/\/www.cyclismactu.net\/..\/news-paris-chauny-route-arnaud-de-lie-vainqueur-sans-contestation-de-75e-edition-90356.html\" target=\"_blank\" rel=\"noopener\">Arnaud De Lie<\/a><\/strong>, qui marche sur l&rsquo;eau en cette fin de saison ! Alors que tous les yeux \u00e9taient riv\u00e9s sur les<strong>\u00a0<a href=\"https:\/\/www.cyclismactu.net\/..\/news-cyclisme-route-championnats-du-monde-nouvelle-demonstration-de-tadej-pogacar-kigali-90352.html\" target=\"_blank\" rel=\"noopener\">Championnats du Monde<\/a>\u00a0<\/strong>au Rwanda ce dimanche, il y avait \u00e9galement une classique fran\u00e7aise en parall\u00e8le avec\u00a0<strong>Paris-Chauny<\/strong>. Et comme quasiment tous les ans, cette\u00a075e \u00e9dition s&rsquo;est termin\u00e9e au sprint avec la victoire du Taureau de Lescheret<strong>\u00a0<\/strong>! Intouchable dans les 200 derniers m\u00e8tres, le Belge de la\u00a0<strong>Lotto\u00a0<\/strong>s&rsquo;est offert sa 7e victoire en 2025, et la troisi\u00e8me cons\u00e9cutive apr\u00e8s le\u00a0<strong>GP de Wallonie<\/strong>\u00a0et la\u00a0<strong>Super 8 Classic<\/strong>.<\/p>\n<p>Vid\u00e9o &#8211; De Lie, vainqueur de la Super 8 Classic dimanche dernier Lire la suite de l&rsquo;article&#13;<\/p>\n<p>\u00a0<\/p>\n<p>&#13;<br \/>\n\u00ab\u00a0La forme est encore l\u00e0 et je veux en tirer tout ce qu\u2019il reste\u00a0\u00bb&#13;<\/p>\n<p>\u00ab\u00a0Avant que les gens pensent que cela devient une habitude\u00a0: ce n\u2019est pas toujours comme \u00e7a, bien s\u00fbr\u00a0\u00bb, a r\u00e9agi <strong>Arnaud De Lie<\/strong> dans le communiqu\u00e9 d&rsquo;apr\u00e8s-course de son \u00e9quipe. \u00ab\u00a0Entre gagner et ne pas gagner, il y a une \u00e9norme diff\u00e9rence. Souvent, il y a de la pression pour pas grand-chose, alors qu\u2019avec l\u2019\u00e9quipe, notre objectif est surtout de r\u00e9aliser une belle performance. Cette fois encore, il y avait la cerise sur le g\u00e2teau sous la forme d\u2019une victoire, donc je veux vraiment profiter de chaque moment.\u00a0\u00bb<\/p>\n<p>&#13;<\/p>\n<p>\u00ab\u00a0Habituellement, la course ici est assez contr\u00f4l\u00e9e, mais aujourd&rsquo;hui, nous avons vraiment eu une finale chaotique, je dois l&rsquo;admettre. L&rsquo;\u00e9quipe a \u00e9t\u00e9 tr\u00e8s forte. Le lead-out avec Steffen (De Schuyteneer, ndlr) et Milan (Menten, ndlr) s\u2019est parfaitement d\u00e9roul\u00e9 \u2013 entre nous \u00e7a fonctionne vraiment bien. Et c\u2019est d\u2019autant plus agr\u00e9able de pouvoir conclure le travail de ses co\u00e9quipiers\u00a0\u00bb. Pourra-t-il conserver son invincibilit\u00e9 jusqu&rsquo;\u00e0 la fin de l&rsquo;ann\u00e9e, avec des participations pr\u00e9vues au\u00a0<strong>Tour du M\u00fcnster<\/strong>, <strong>Binche-Chimay-Binche<\/strong>, <strong>Paris-Tours<\/strong> et au <strong>Tour des Pays-Bas<\/strong> ? \u00ab\u00a0Je veux courir comme aujourd\u2019hui. Pas que je puisse gagner partout, mais je veux \u00eatre pr\u00e9sent dans les sprints et esp\u00e9rer de bonnes jambes comme aujourd\u2019hui. La forme est encore l\u00e0 et je veux en tirer tout ce qu\u2019il reste\u00a0\u00bb, a-t-il conclu.<\/p>\n<p>Classique Paris-Chauny &#8211; Classement g\u00e9n\u00e9ral<\/p>\n","protected":false},"excerpt":{"rendered":"Et de trois \u00e0 la suite pour Arnaud De Lie, qui marche sur l&rsquo;eau en cette fin de&hellip;\n","protected":false},"author":2,"featured_media":426132,"comment_status":"","ping_status":"","sticky":false,"template":"","format":"standard","meta":{"footnotes":""},"categories":[1411],"tags":[1154,207,211,1011,27,55495,209,60,210,212,208,213],"class_list":{"0":"post-426131","1":"post","2":"type-post","3":"status-publish","4":"format-standard","5":"has-post-thumbnail","7":"category-cyclisme","8":"tag-cycling","9":"tag-cyclisme","10":"tag-ffc","11":"tag-fr","12":"tag-france","13":"tag-paris-chauny","14":"tag-route","15":"tag-sports","16":"tag-tour-de-france","17":"tag-uci","18":"tag-velo","19":"tag-world-tour"},"share_on_mastodon":{"url":"https:\/\/pubeurope.com\/@fr\/115287758175803964","error":""},"_links":{"self":[{"href":"https:\/\/www.europesays.com\/fr\/wp-json\/wp\/v2\/posts\/426131","targetHints":{"allow":["GET"]}}],"collection":[{"href":"https:\/\/www.europesays.com\/fr\/wp-json\/wp\/v2\/posts"}],"about":[{"href":"https:\/\/www.europesays.com\/fr\/wp-json\/wp\/v2\/types\/post"}],"author":[{"embeddable":true,"href":"https:\/\/www.europesays.com\/fr\/wp-json\/wp\/v2\/users\/2"}],"replies":[{"embeddable":true,"href":"https:\/\/www.europesays.com\/fr\/wp-json\/wp\/v2\/comments?post=426131"}],"version-history":[{"count":0,"href":"https:\/\/www.europesays.com\/fr\/wp-json\/wp\/v2\/posts\/426131\/revisions"}],"wp:featuredmedia":[{"embeddable":true,"href":"https:\/\/www.europesays.com\/fr\/wp-json\/wp\/v2\/media\/426132"}],"wp:attachment":[{"href":"https:\/\/www.europesays.com\/fr\/wp-json\/wp\/v2\/media?parent=426131"}],"wp:term":[{"taxonomy":"category","embeddable":true,"href":"https:\/\/www.europesays.com\/fr\/wp-json\/wp\/v2\/categories?post=426131"},{"taxonomy":"post_tag","embeddable":true,"href":"https:\/\/www.europesays.com\/fr\/wp-json\/wp\/v2\/tags?post=426131"}],"curies":[{"name":"wp","href":"https:\/\/api.w.org\/{rel}","templated":true}]}}