{"id":426137,"date":"2025-09-29T13:14:14","date_gmt":"2025-09-29T13:14:14","guid":{"rendered":"https:\/\/www.europesays.com\/fr\/426137\/"},"modified":"2025-09-29T13:14:14","modified_gmt":"2025-09-29T13:14:14","slug":"dans-lorne-laurette-change-de-metier-et-sinstalle-a-la-maison","status":"publish","type":"post","link":"https:\/\/www.europesays.com\/fr\/426137\/","title":{"rendered":"dans l&rsquo;Orne, Laurette change de m\u00e9tier et s&rsquo;installe \u00e0 la maison"},"content":{"rendered":"<p>            Par<br \/>\n        <strong><br \/>\n            <a href=\"https:\/\/actu.fr\/auteur\/redaction-oc\" title=\"Consulter tous les articles de R\u00e9daction Flers\" target=\"_blank\" rel=\"noopener\">R\u00e9daction Flers<\/a><br \/>\n        <\/strong><\/p>\n<p>        Publi\u00e9 le<\/p>\n<p>            29 sept. 2025 \u00e0 6h50        <\/p>\n<p>Photographe polyvalente, Laurette Jouin s\u2019adresse aussi bien <b>aux professionnels qu\u2019aux particuliers<\/b>. Depuis peu, elle a install\u00e9 <a href=\"https:\/\/actu.fr\/tag\/photographie\" target=\"_blank\" rel=\"noopener\">un home studio<\/a> \u00e0 son domicile de <a href=\"https:\/\/actu.fr\/normandie\/saint-pierre-du-regard_61447\" target=\"_blank\" rel=\"noopener\">Saint-Pierre-du-Regard<\/a> (<b>Orne<\/b>).<\/p>\n<p class=\" wall-content\">\u00ab\u00a0J\u2019interviens aupr\u00e8s d\u2019artisans pour <b>mettre en valeur leur activit\u00e9<\/b> et aupr\u00e8s des particuliers pour des photos de couple, de grossesse, <a href=\"https:\/\/actu.fr\/tag\/maternite\" target=\"_blank\" rel=\"noopener\">de naissance<\/a>, <a href=\"https:\/\/actu.fr\/tag\/enfants\" target=\"_blank\" rel=\"noopener\">d\u2019enfants<\/a> ou <a href=\"https:\/\/actu.fr\/tag\/famille\" target=\"_blank\" rel=\"noopener\">de familles<\/a>\u00ab\u00a0, explique-t-elle.<\/p>\n<p class=\" wall-content\">R\u00e9cemment, elle a men\u00e9 des s\u00e9ances sp\u00e9ciales pour la rentr\u00e9e des classes. Ses prises de vue se d\u00e9roulent en studio, \u00e0 domicile ou en ext\u00e9rieur, selon les envies. Et d\u00e9j\u00e0, elle envisage <b>de franchir une nouvelle \u00e9tape<\/b> : \u00ab\u00a0Je suis actuellement en r\u00e9flexion pour photographier <a href=\"https:\/\/actu.fr\/tag\/mariage\" target=\"_blank\" rel=\"noopener\">les mariages<\/a>\u00ab\u00a0, confie-t-elle.<\/p>\n<p>Une reconversion guid\u00e9e par l\u2019\u00e9motion<\/p>\n<p class=\" wall-content\">Avant de se consacrer \u00e0 la photographie, Laurette travaillait comme <b>coordinatrice de projet dans le domaine socioculturel.<\/b><\/p>\n<p>Vid\u00e9os : en ce moment sur Actu<\/p>\n<p class=\" wall-content\">Une exp\u00e9rience qu\u2019elle souhaite aujourd\u2019hui prolonger autrement : en d\u00e9veloppant des interventions en photographie et arts visuels aupr\u00e8s des enfants, <a href=\"https:\/\/actu.fr\/tag\/ecoles\" target=\"_blank\" rel=\"noopener\">dans les \u00e9coles<\/a>, centres de loisirs ou centres sociaux. Son objectif : transmettre de mani\u00e8re ludique les bases de la photo et <b>\u00e9veiller la cr\u00e9ativit\u00e9 des plus jeunes.<\/b><\/p>\n<p class=\" wall-content\">Cette reconversion s\u2019est impos\u00e9e <b>comme une \u00e9vidence<\/b> apr\u00e8s une formation personnelle en photographie. \u00ab\u00a0Ce que j\u2019aime photographier, ce sont les \u00e9motions\u00a0\u00bb, affirme-t-elle.<\/p>\n<p>Votre r\u00e9gion, votre actu !<\/p>\n<p>Recevez chaque jour les infos qui comptent pour vous.<\/p>\n<p>\t<a href=\"https:\/\/actu.fr\/newsletter\" class=\"ac-btn ac-btn--corner ac-btn--medium ac-btn--blue800\" target=\"_blank\" rel=\"noopener\">S&rsquo;incrire<\/a><br \/>\nUn studio \u00e0 son image<\/p>\n<p class=\" wall-content\">Chez elle, avec son conjoint, Laurette a con\u00e7u un studio douillet, <b>tel un petit cocon<\/b>, qui sort des standards : une lumi\u00e8re continue, douce et non intrusive, propice \u00e0 la spontan\u00e9it\u00e9.<\/p>\n<p class=\" wall-content\">\u00ab\u00a0Je<b> communique beaucoup<\/b> avec les personnes que je photographie. Je veux quelque chose de naturel, que des liens se cr\u00e9ent. J\u2019aime les photos en mouvement, o\u00f9 les sujets ne sont pas fig\u00e9s. On joue, parce que ce que je photographie, c\u2019est le vrai, le doux, le vivant\u00a0\u00bb.\u00a0<\/p>\n<p class=\" wall-content\">Avec son approche sensible et humaine, L\u2019oiseau photographe entend bien faire de chaque s\u00e9ance <b>un moment unique<\/b>, o\u00f9 l\u2019authenticit\u00e9 prime.<\/p>\n<p>Contact : 06 81 62 07 48 ou <a href=\"https:\/\/actu.fr\/cdn-cgi\/l\/email-protection\" class=\"__cf_email__\" data-cfemail=\"c0b0a8afb4afa7b2a1b0a8a5eeacafa9b3a5a1b580a7ada1a9aceea3afad\" target=\"_blank\" rel=\"noopener\">[email\u00a0protected]<\/a><\/p>\n<p class=\" wall-content\">Personnalisez votre actualit\u00e9 en ajoutant vos villes et m\u00e9dias en favori avec <a href=\"https:\/\/moncompte.actu.fr\" title=\"D\u00e9couvez Mon Actu\" rel=\"nofollow noopener\" data-trk=\"{&quot;cta&quot;:{&quot;action&quot;:&quot;https:\\\/\\\/moncompte.actu.fr&quot;,&quot;category&quot;:&quot;mon compte&quot;,&quot;from&quot;:&quot;article footer&quot;,&quot;name&quot;:&quot;Mon actu&quot;,&quot;type&quot;:&quot;cta&quot;}}\" target=\"_blank\">Mon Actu<\/a>.<\/p>\n","protected":false},"excerpt":{"rendered":"Par R\u00e9daction Flers Publi\u00e9 le 29 sept. 2025 \u00e0 6h50 Photographe polyvalente, Laurette Jouin s\u2019adresse aussi bien aux&hellip;\n","protected":false},"author":2,"featured_media":426138,"comment_status":"","ping_status":"","sticky":false,"template":"","format":"standard","meta":{"footnotes":""},"categories":[1358],"tags":[1348,1384,1385,1386,58,59,22362,1011,27,1756,9026,104],"class_list":{"0":"post-426137","1":"post","2":"type-post","3":"status-publish","4":"format-standard","5":"has-post-thumbnail","7":"category-arts-et-design","8":"tag-arts","9":"tag-arts-and-design","10":"tag-arts-et-design","11":"tag-design","12":"tag-divertissement","13":"tag-entertainment","14":"tag-flers-agglo","15":"tag-fr","16":"tag-france","17":"tag-photographie","18":"tag-portrait","19":"tag-societe"},"share_on_mastodon":{"url":"https:\/\/pubeurope.com\/@fr\/115287770026668362","error":""},"_links":{"self":[{"href":"https:\/\/www.europesays.com\/fr\/wp-json\/wp\/v2\/posts\/426137","targetHints":{"allow":["GET"]}}],"collection":[{"href":"https:\/\/www.europesays.com\/fr\/wp-json\/wp\/v2\/posts"}],"about":[{"href":"https:\/\/www.europesays.com\/fr\/wp-json\/wp\/v2\/types\/post"}],"author":[{"embeddable":true,"href":"https:\/\/www.europesays.com\/fr\/wp-json\/wp\/v2\/users\/2"}],"replies":[{"embeddable":true,"href":"https:\/\/www.europesays.com\/fr\/wp-json\/wp\/v2\/comments?post=426137"}],"version-history":[{"count":0,"href":"https:\/\/www.europesays.com\/fr\/wp-json\/wp\/v2\/posts\/426137\/revisions"}],"wp:featuredmedia":[{"embeddable":true,"href":"https:\/\/www.europesays.com\/fr\/wp-json\/wp\/v2\/media\/426138"}],"wp:attachment":[{"href":"https:\/\/www.europesays.com\/fr\/wp-json\/wp\/v2\/media?parent=426137"}],"wp:term":[{"taxonomy":"category","embeddable":true,"href":"https:\/\/www.europesays.com\/fr\/wp-json\/wp\/v2\/categories?post=426137"},{"taxonomy":"post_tag","embeddable":true,"href":"https:\/\/www.europesays.com\/fr\/wp-json\/wp\/v2\/tags?post=426137"}],"curies":[{"name":"wp","href":"https:\/\/api.w.org\/{rel}","templated":true}]}}