{"id":426139,"date":"2025-09-29T13:15:10","date_gmt":"2025-09-29T13:15:10","guid":{"rendered":"https:\/\/www.europesays.com\/fr\/426139\/"},"modified":"2025-09-29T13:15:10","modified_gmt":"2025-09-29T13:15:10","slug":"benoit-toccacieli-pour-son-livre-on-nabandonne-pas-un-chien-sur-lautoroute","status":"publish","type":"post","link":"https:\/\/www.europesays.com\/fr\/426139\/","title":{"rendered":"Benoit Toccacieli pour son livre \u201cOn n\u2019abandonne pas un chien sur l\u2019autoroute\u201d"},"content":{"rendered":"<p class=\"PopSlotParagraph qg-tx2 qg-xtra-lh svelte-1r0pyek\">En mai dernier son livre \u201c<strong>On n\u2019abandonne pas un chien sur l\u2019autoroute<\/strong>\u201d a \u00e9t\u00e9 publi\u00e9 aux\u00a0<a href=\"https:\/\/www.buchetchastel.fr\/\" target=\"_blank\" rel=\"noopener noreferrer\" class=\"\" data-testid=\"link\">\u00e9ditions Buchet Chastel<\/a>. Il pr\u00e9sentera cet ouvrage au cours d\u2019une rencontre d\u00e9dicace ce mercredi 1er octobre \u00e0 la Librairie Les Volcans de Clermont-Ferrand.<\/p>\n<p class=\"PopSlotParagraph qg-tx2 qg-xtra-lh svelte-1r0pyek\">Avec <strong>Jean-Luc Guillet<\/strong> et <strong>Benoit Toccacieli<\/strong>.<\/p>\n<p class=\"PopSlotParagraph qg-tx2 qg-xtra-lh svelte-1r0pyek\">Rencontre d\u00e9dicace le mercredi 1er octobre entre 17h et 19h \u00e0 la\u00a0<a href=\"https:\/\/www.librairielesvolcans.com\/agenda-176584\/benoit-toccacieli-on-n-abandonne-pas-un-chien-sur-l-autoroute\/\" target=\"_blank\" rel=\"noopener noreferrer\" class=\"\" data-testid=\"link\"><strong>Librairie Les Volcans<\/strong><\/a>\u00a0de Clermont-Ferrand.<\/p>\n<p class=\"PopSlotParagraph qg-tx2 qg-xtra-lh svelte-1r0pyek\">Benoit Toccacieli sera pr\u00e9sent\u00a0:<\/p>\n<p class=\"PopSlotParagraph qg-tx2 qg-xtra-lh svelte-1r0pyek\"><a href=\"https:\/\/lelivreauchateau.fr\/\" target=\"_blank\" rel=\"noopener noreferrer\" class=\"\" data-testid=\"link\"><strong>Salon du Livre du ch\u00e2teau de Sedaige<\/strong><\/a>\u00a0\u00e0 Marmanhac dans le Cantal\u00a0<br \/>Dimanche 5 octobre de 10h00 \u00e0 18h00<\/p>\n<p class=\"PopSlotParagraph qg-tx2 qg-xtra-lh svelte-1r0pyek\"><a href=\"https:\/\/www.tourisme-brioudesudauvergne.fr\/animations\/5eme-edition-de-brioude-se-livre\/\" target=\"_blank\" rel=\"noopener noreferrer\" class=\"\" data-testid=\"link\"><strong>5\u00e9me \u00e9dition de Brioude se Livre<\/strong><\/a>, organis\u00e9e par la Mission Locale en partenariat avec la ville et la m\u00e9diath\u00e8que de Brioude.<br \/>Mairie de Brioude<br \/>Samedi 8 novembre 2025 de 10h00 \u00e0 18h00<\/p>\n","protected":false},"excerpt":{"rendered":"En mai dernier son livre \u201cOn n\u2019abandonne pas un chien sur l\u2019autoroute\u201d a \u00e9t\u00e9 publi\u00e9 aux\u00a0\u00e9ditions Buchet Chastel.&hellip;\n","protected":false},"author":2,"featured_media":426140,"comment_status":"","ping_status":"","sticky":false,"template":"","format":"standard","meta":{"footnotes":""},"categories":[1357],"tags":[1379,58,59,1011,27,1380],"class_list":{"0":"post-426139","1":"post","2":"type-post","3":"status-publish","4":"format-standard","5":"has-post-thumbnail","7":"category-livres","8":"tag-books","9":"tag-divertissement","10":"tag-entertainment","11":"tag-fr","12":"tag-france","13":"tag-livres"},"share_on_mastodon":{"url":"https:\/\/pubeurope.com\/@fr\/115287774007073440","error":""},"_links":{"self":[{"href":"https:\/\/www.europesays.com\/fr\/wp-json\/wp\/v2\/posts\/426139","targetHints":{"allow":["GET"]}}],"collection":[{"href":"https:\/\/www.europesays.com\/fr\/wp-json\/wp\/v2\/posts"}],"about":[{"href":"https:\/\/www.europesays.com\/fr\/wp-json\/wp\/v2\/types\/post"}],"author":[{"embeddable":true,"href":"https:\/\/www.europesays.com\/fr\/wp-json\/wp\/v2\/users\/2"}],"replies":[{"embeddable":true,"href":"https:\/\/www.europesays.com\/fr\/wp-json\/wp\/v2\/comments?post=426139"}],"version-history":[{"count":0,"href":"https:\/\/www.europesays.com\/fr\/wp-json\/wp\/v2\/posts\/426139\/revisions"}],"wp:featuredmedia":[{"embeddable":true,"href":"https:\/\/www.europesays.com\/fr\/wp-json\/wp\/v2\/media\/426140"}],"wp:attachment":[{"href":"https:\/\/www.europesays.com\/fr\/wp-json\/wp\/v2\/media?parent=426139"}],"wp:term":[{"taxonomy":"category","embeddable":true,"href":"https:\/\/www.europesays.com\/fr\/wp-json\/wp\/v2\/categories?post=426139"},{"taxonomy":"post_tag","embeddable":true,"href":"https:\/\/www.europesays.com\/fr\/wp-json\/wp\/v2\/tags?post=426139"}],"curies":[{"name":"wp","href":"https:\/\/api.w.org\/{rel}","templated":true}]}}