{"id":426141,"date":"2025-09-29T13:16:14","date_gmt":"2025-09-29T13:16:14","guid":{"rendered":"https:\/\/www.europesays.com\/fr\/426141\/"},"modified":"2025-09-29T13:16:14","modified_gmt":"2025-09-29T13:16:14","slug":"un-troisieme-bebe-en-3-ans-cette-aventuriere-de-koh-lanta-est-enceinte-un-bebe-surprise-va-pointer-le-bout-de-son-nez","status":"publish","type":"post","link":"https:\/\/www.europesays.com\/fr\/426141\/","title":{"rendered":"Un troisi\u00e8me b\u00e9b\u00e9 en 3 ans ! Cette aventuri\u00e8re de Koh-Lanta est enceinte, un b\u00e9b\u00e9 surprise va pointer le bout de son nez"},"content":{"rendered":"<p>            <img loading=\"lazy\" decoding=\"async\" src=\"https:\/\/www.europesays.com\/fr\/wp-content\/uploads\/2025\/04\/67-60dc2d2db82b7-35x35-1.jpg\" class=\"author-article-picture\" width=\"35\" height=\"35\"\/><\/p>\n<p>                Par<br \/>\n                                    <a class=\"author-article-bio-link\" href=\"https:\/\/www.purepeople.com\/auteur\/hiba-semali_a67\" rel=\"nofollow noopener\" target=\"_blank\">Hiba Semali<\/a><br \/>\n                                                    | R\u00e9dactrice<\/p>\n<p>\n                Rattach\u00e9e \u00e0 la rubrique t\u00e9l\u00e9, Hiba Semali se consacre au petit \u00e9cran. The Voice, Koh-Lanta, Top Chef, Secret Story, Star Academy ou encore Les Marseillais n&rsquo;ont aucun secret pour elle.\n            <\/p>\n<p>\n    Apr\u00e8s \u00ab\u00a0Koh-Lanta\u00a0\u00bb, son quotidien a chang\u00e9 : elle a divorc\u00e9 de son \u00e9poux avant de rencontrer un autre homme qui deviendra le p\u00e8re de ses enfants. Cette aventuri\u00e8re du jeu de survie de la premi\u00e8re chaine nage dans le bonheur&#8230; et s&rsquo;appr\u00eate \u00e0 donner naissance \u00e0 un troisi\u00e8me b\u00e9b\u00e9 !\n<\/p>\n<p>                            <img loading=\"lazy\" decoding=\"async\" class=\"player-thumbnail\" src=\"https:\/\/www.europesays.com\/fr\/wp-content\/uploads\/2025\/09\/ee16b9a8caaa0101-580x326-2.png\" width=\"580\" height=\"326\"\/><\/p>\n<p>                    Un troisi\u00e8me b\u00e9b\u00e9 en 3 ans ! Cette aventuri\u00e8re de Koh-Lanta est enceinte, un b\u00e9b\u00e9 surprise va pointer le bout de son nez<\/p>\n<p>La suite apr\u00e8s la publicit\u00e9<\/p>\n<p>La famille Koh-Lanta ne cesse de s&rsquo;agrandir ! Et cela, notamment gr\u00e2ce \u00e0 <a href=\"https:\/\/www.purepeople.com\/article\/finale-de-koh-lanta-2021-maxine-candice-vincent-les-aventuriers-avant-apres_a439048\/1\" rel=\"nofollow noopener\" target=\"_blank\">Candice, r\u00e9v\u00e9l\u00e9e en 2021 dans Koh-Lanta, Les Armes secr\u00e8tes<\/a>. Pour rappel, apr\u00e8s le jeu de TF1, <a href=\"https:\/\/www.purepeople.com\/article\/koh-lanta-une-aventuriere-separee-de-son-mari-et-pacsee-a-un-autre-le-couple-officialise_a489643\/1\" rel=\"nofollow noopener\" target=\"_blank\">elle a divorc\u00e9 de son ex-mari<\/a> puis rencontr\u00e9 Corentin, l&rsquo;homme de sa vie. Le couple s&rsquo;est mari\u00e9 et a eu deux enfants, Augustin (2 ans) et Prune (1 an). Et la voil\u00e0 qui annonce <strong>une heureuse nouvelle, celle de sa troisi\u00e8me grossesse<\/strong> ! Apr\u00e8s un b\u00e9b\u00e9 n\u00e9 en 2023, un autre en 2024, elle en attend un autre pour 2025.\u00a0<\/p>\n<p>Dimanche 28 septembre 2025, Candice se saisit de son compte Instagram. Cette fois, pas de photos d&rsquo;elle en plein effort sportif ni d&rsquo;images r\u00e9sumant sa vie de maman. Enfin, si. Elle prend la pose avec son \u00e9poux Corentin et leurs deux enfants en pleine nature&#8230; et affiche <strong>un ventre d\u00e9j\u00e0 bien arrondi de future maman<\/strong> ! Candice annonce ainsi \u00eatre enceinte de son troisi\u00e8me b\u00e9b\u00e9. \u00ab\u00a0Augustin et Prune (et Maverick [le chien de la famille, ndlr]) ont une petite surprise \u00e0 vous annoncer\u00a0\u00bb, lance-t-elle en l\u00e9gende. Et de poursuivre avec une pointe d&rsquo;humour : \u00ab\u00a0Et non, maman n&rsquo;a pas abus\u00e9 des fondues et raclettes estivales. Il est temps de vous annoncer un petit secret que nous gardions bien au chaud ! Depuis quelques semaines, on sait qu\u2019<strong>une troisi\u00e8me petite personne a d\u00e9cid\u00e9 de venir, par surprise, compl\u00e9ter notre famille.<\/strong>\u00a0\u00bb Cette grossesse est la raison de l&rsquo;absence de Candice : \u00ab\u00a0Si j\u2019ai un peu disparu des radars ces derniers mois, c\u2019est qu\u2019il m\u2019a fallu du temps pour r\u00e9aliser ce qui allait se passer. \u00c7a para\u00eet encore surr\u00e9aliste mais quel bonheur d\u2019imaginer les voir grandir tous les trois ! Je sens que cette fratrie va \u00eatre pleiiiine d\u2019\u00e9nergie.\u00a0\u00bb<\/p>\n<p>Candice (Koh-Lanta) enceinte de son troisi\u00e8me b\u00e9b\u00e9 : une heureuse nouvelle qui ravit toute la famille<\/p>\n<p>Par ailleurs, l&rsquo;aventuri\u00e8re \u00e9voque le choix du pr\u00e9nom de b\u00e9b\u00e9 \u00e0 na\u00eetre. \u00ab\u00a0Le choix final est parfait\u00a0\u00bb, assure-t-elle. Si tout semble pr\u00eat &#8211; ou presque -, Candice ne peut s&#8217;emp\u00eacher d&rsquo;angoisser : \u00ab\u00a0\u00c9videmment, une troisi\u00e8me grossesse n\u2019est pas un long fleuve tranquille\u2026 Entre <strong>deux a\u00een\u00e9s pas si grands, la fatigue d\u2019une 3eme grossesse rapproch\u00e9e<\/strong>, les responsabilit\u00e9s, les milliers de trucs flippants et le souvenir de ma grossesse pour Prune\u2026 on est HIGH in stress. \u00a0Mais les semaines d\u00e9filent et, pour le moment, tout se passe (plut\u00f4t) bien.\u00a0\u00bb Et puis, surtout, elle a accouch\u00e9 de <a href=\"https:\/\/www.purepeople.com\/article\/un-bebe-ne-tres-en-avance-apres-son-divorce-puis-un-autre-mariage-candice-koh-lanta-maman-pour-la-deuxieme-fois_a527756\/1\" rel=\"nofollow noopener\" target=\"_blank\">sa petite Prune tr\u00e8s en avance, \u00e0 \u00e0 peine six mois de grossesse<\/a>. \u00ab\u00a0On approche doucement du terme de Prune. J\u2019esp\u00e8re qu\u2019une fois ce cap pass\u00e9, je pourrai profiter plus sereinement\u2026 Pour l\u2019instant, je suis plut\u00f4t en mode &lsquo;survie'\u00a0\u00bb, l\u00e2che-t-elle. Et <a href=\"https:\/\/www.purepeople.com\/article\/koh-lanta-all-stars-2021-maxime-elimine-candice-quitte-le-jeu-en-larmes-un-collier-chamboule-le-conseil_a455059\/1\" rel=\"nofollow noopener\" target=\"_blank\">celle qui avait fini en larmes lors de son d\u00e9part de Koh-Lanta<\/a> de conclure : \u00ab\u00a0Bref, c&rsquo;est reparti pour un tour ! <strong>En esp\u00e9rant \u00eatre un peu plus au point sur la cuisson cette fois-ci !<\/strong> Allez, on reste bien au chaud.\u00a0\u00bb Et c&rsquo;est tout ce qu&rsquo;on lui souhaite.<\/p>\n","protected":false},"excerpt":{"rendered":"Par Hiba Semali | R\u00e9dactrice Rattach\u00e9e \u00e0 la rubrique t\u00e9l\u00e9, Hiba Semali se consacre au petit \u00e9cran. The&hellip;\n","protected":false},"author":2,"featured_media":426142,"comment_status":"","ping_status":"","sticky":false,"template":"","format":"standard","meta":{"footnotes":""},"categories":[1356],"tags":[58,59,1011,27,252,1364],"class_list":{"0":"post-426141","1":"post","2":"type-post","3":"status-publish","4":"format-standard","5":"has-post-thumbnail","7":"category-television","8":"tag-divertissement","9":"tag-entertainment","10":"tag-fr","11":"tag-france","12":"tag-television","13":"tag-tv"},"share_on_mastodon":{"url":"https:\/\/pubeurope.com\/@fr\/115287778516200591","error":""},"_links":{"self":[{"href":"https:\/\/www.europesays.com\/fr\/wp-json\/wp\/v2\/posts\/426141","targetHints":{"allow":["GET"]}}],"collection":[{"href":"https:\/\/www.europesays.com\/fr\/wp-json\/wp\/v2\/posts"}],"about":[{"href":"https:\/\/www.europesays.com\/fr\/wp-json\/wp\/v2\/types\/post"}],"author":[{"embeddable":true,"href":"https:\/\/www.europesays.com\/fr\/wp-json\/wp\/v2\/users\/2"}],"replies":[{"embeddable":true,"href":"https:\/\/www.europesays.com\/fr\/wp-json\/wp\/v2\/comments?post=426141"}],"version-history":[{"count":0,"href":"https:\/\/www.europesays.com\/fr\/wp-json\/wp\/v2\/posts\/426141\/revisions"}],"wp:featuredmedia":[{"embeddable":true,"href":"https:\/\/www.europesays.com\/fr\/wp-json\/wp\/v2\/media\/426142"}],"wp:attachment":[{"href":"https:\/\/www.europesays.com\/fr\/wp-json\/wp\/v2\/media?parent=426141"}],"wp:term":[{"taxonomy":"category","embeddable":true,"href":"https:\/\/www.europesays.com\/fr\/wp-json\/wp\/v2\/categories?post=426141"},{"taxonomy":"post_tag","embeddable":true,"href":"https:\/\/www.europesays.com\/fr\/wp-json\/wp\/v2\/tags?post=426141"}],"curies":[{"name":"wp","href":"https:\/\/api.w.org\/{rel}","templated":true}]}}