{"id":426143,"date":"2025-09-29T13:17:13","date_gmt":"2025-09-29T13:17:13","guid":{"rendered":"https:\/\/www.europesays.com\/fr\/426143\/"},"modified":"2025-09-29T13:17:13","modified_gmt":"2025-09-29T13:17:13","slug":"le-plus-grand-regret-de-ma-vie","status":"publish","type":"post","link":"https:\/\/www.europesays.com\/fr\/426143\/","title":{"rendered":"le plus grand regret de ma vie"},"content":{"rendered":"<p><strong>Souffrance.<\/strong> En octobre 1972, <a href=\"https:\/\/www.journaldesfemmes.fr\/people\/personnalites\/2858953-veronique-sanson-rupture-michel-berger-violence-conjugale-maladie-cancer\/\" title=\"V\u00e9ronique Sanson\" target=\"_blank\" rel=\"noopener\">V\u00e9ronique Sanson<\/a> a quitt\u00e9 brutalement Michel Berger en lui disant qu&rsquo;elle allait \u00ab\u00a0chercher des cigarettes et des allumettes\u00a0\u00bb et a encore des remords. \u00ab\u00a0Je m&rsquo;en veux beaucoup d&rsquo;ailleurs, parce que ce sont des choses qui se font pas. C&rsquo;\u00e9tait pas bien de ma part. Et que je l&rsquo;ai fait avec l\u00e2chet\u00e9 (&#8230;) C&rsquo;est le plus grand regret de ma vie\u00a0\u00bb, a confi\u00e9 la chanteuse de 76 ans dans\u00a0Sept \u00e0 huit.<\/p>\n","protected":false},"excerpt":{"rendered":"Souffrance. En octobre 1972, V\u00e9ronique Sanson a quitt\u00e9 brutalement Michel Berger en lui disant qu&rsquo;elle allait \u00ab\u00a0chercher des&hellip;\n","protected":false},"author":2,"featured_media":426144,"comment_status":"","ping_status":"","sticky":false,"template":"","format":"standard","meta":{"footnotes":""},"categories":[1355],"tags":[55496,51761,58,59,52292,1011,27,51766,1031,1361,873,15151],"class_list":{"0":"post-426143","1":"post","2":"type-post","3":"status-publish","4":"format-standard","5":"has-post-thumbnail","7":"category-musique","8":"tag-cms-journaldesfemmes-3242766","9":"tag-controller-content","10":"tag-divertissement","11":"tag-entertainment","12":"tag-format-reportage","13":"tag-fr","14":"tag-france","15":"tag-les-histoires-du-jdf","16":"tag-magazine","17":"tag-music","18":"tag-musique","19":"tag-veronique-sanson"},"share_on_mastodon":{"url":"https:\/\/pubeurope.com\/@fr\/115287781803958954","error":""},"_links":{"self":[{"href":"https:\/\/www.europesays.com\/fr\/wp-json\/wp\/v2\/posts\/426143","targetHints":{"allow":["GET"]}}],"collection":[{"href":"https:\/\/www.europesays.com\/fr\/wp-json\/wp\/v2\/posts"}],"about":[{"href":"https:\/\/www.europesays.com\/fr\/wp-json\/wp\/v2\/types\/post"}],"author":[{"embeddable":true,"href":"https:\/\/www.europesays.com\/fr\/wp-json\/wp\/v2\/users\/2"}],"replies":[{"embeddable":true,"href":"https:\/\/www.europesays.com\/fr\/wp-json\/wp\/v2\/comments?post=426143"}],"version-history":[{"count":0,"href":"https:\/\/www.europesays.com\/fr\/wp-json\/wp\/v2\/posts\/426143\/revisions"}],"wp:featuredmedia":[{"embeddable":true,"href":"https:\/\/www.europesays.com\/fr\/wp-json\/wp\/v2\/media\/426144"}],"wp:attachment":[{"href":"https:\/\/www.europesays.com\/fr\/wp-json\/wp\/v2\/media?parent=426143"}],"wp:term":[{"taxonomy":"category","embeddable":true,"href":"https:\/\/www.europesays.com\/fr\/wp-json\/wp\/v2\/categories?post=426143"},{"taxonomy":"post_tag","embeddable":true,"href":"https:\/\/www.europesays.com\/fr\/wp-json\/wp\/v2\/tags?post=426143"}],"curies":[{"name":"wp","href":"https:\/\/api.w.org\/{rel}","templated":true}]}}