{"id":426147,"date":"2025-09-29T13:19:10","date_gmt":"2025-09-29T13:19:10","guid":{"rendered":"https:\/\/www.europesays.com\/fr\/426147\/"},"modified":"2025-09-29T13:19:10","modified_gmt":"2025-09-29T13:19:10","slug":"quels-sont-les-symptomes-de-frankenstein-le-nouveau-variant-du-covid-19","status":"publish","type":"post","link":"https:\/\/www.europesays.com\/fr\/426147\/","title":{"rendered":"quels sont les sympt\u00f4mes de \u00ab\u00a0Frankenstein\u00a0\u00bb, le nouveau variant du Covid-19 ?"},"content":{"rendered":"<p class=\"article-p mdl\">Depuis plusieurs semaines, les contaminations au <strong>\u00ab\u00a0Frankenstein\u00a0\u00bb<\/strong>, nouveau variant du Covid-19, sont \u00e0 la hausse. De son nom scientifique <strong>\u00ab\u00a0XFG\u00a0\u00bb<\/strong>, il est le r\u00e9sultat du m\u00e9lange de plusieurs souches de coronavirus, d&rsquo;o\u00f9 son surnom en r\u00e9f\u00e9rence \u00e0 la cr\u00e9ature du docteur Frankenstein imagin\u00e9e par\u00a0Mary Shelley.\u00a0\u00a0<\/p>\n<p class=\"article-p mdl\">La<a class=\"link\" href=\"https:\/\/www.rtl.fr\/sujet\/rentree-scolaire\" target=\"_blank\" rel=\"noopener\"> rentr\u00e9e scolaire<\/a>\u00a0est, depuis trois ans, syst\u00e9matiquement marqu\u00e9e par une<strong> hausse de contaminations<\/strong> au coronavirus. Chaque ann\u00e9e, une \u00e9pid\u00e9mie se d\u00e9clare \u00e0 cette p\u00e9riode pour plusieurs raisons, notamment la baisse des temp\u00e9ratures. Le retour \u00e0 l&rsquo;\u00e9cole des enfants, la <strong>mauvaise isolation des salles de classe<\/strong> et la suppression totale des gestes barri\u00e8res et du port du masque sont aussi des facteurs cruciaux. Les contaminations augmentent hebdomadairement de <strong>36%<\/strong>.\u00a0<\/p>\n<p class=\"article-p mdl\">Les sympt\u00f4mes du variant \u00ab\u00a0Frankenstein\u00a0\u00bb sont tr\u00e8s similaires \u00e0 ceux d&rsquo;un \u00e9tat\u00a0<a class=\"link\" href=\"https:\/\/www.rtl.fr\/sujet\/grippe\" target=\"_blank\" rel=\"noopener\">grippal\u00a0<\/a>: fi\u00e8vre, maux de t\u00eate, courbatures, toux et mal de gorge. Il n&rsquo;y a, pour l&rsquo;instant, <strong>aucune forme grave particuli\u00e8re <\/strong>si vous n&rsquo;\u00eates pas une personne \u00e0 risque.\u00a0<\/p>\n<blockquote class=\"article-quote\">\n<p class=\"article-quote-text icon icon-quote-v2\">Plus le temps passe, plus le coronavirus va lutter, devenir contagieux et moins agressif<\/p>\n<p>Jimmy Mohamed<\/p>\n<\/blockquote>\n<p class=\"article-p mdl\">D&rsquo;apr\u00e8s les experts, le\u00a0<a class=\"link\" href=\"https:\/\/www.rtl.fr\/sujet\/coronavirus\" target=\"_blank\" rel=\"noopener\">coronavirus\u00a0<\/a>est devenu un virus respiratoire comme les autres. Plus le temps passe, plus le coronavirus va lutter, devenir contagieux et moins agressif. Les pr\u00e9dispositions en 2025<strong> ne sont plus celles de 2020 <\/strong>et 2021, o\u00f9 les jeunes aussi d\u00e9veloppaient des formes graves.\u00a0<\/p>\n<p class=\"article-p mdl\">En 2024, seulement 30% de la population \u00e9ligible s&rsquo;est faite vacciner. N\u00e9anmoins, si vous faites partie des personnes dites \u00ab\u00a0fragiles\u00a0\u00bb, il est fortement recommand\u00e9 de se faire vacciner pour <strong>faire face <\/strong>\u00e0 ce nouveau\u00a0<a class=\"link\" href=\"https:\/\/www.rtl.fr\/actu\/sante\/coronavirus-ce-que-l-on-sait-du-nouveau-variant-du-covid-frankenstein-7900545956\" target=\"_blank\" rel=\"noopener\">variant<\/a>. Cela concerne les personnes immunod\u00e9prim\u00e9es, qui ont \u00e9t\u00e9 transplant\u00e9es, sous chimioth\u00e9rapie, ont au-del\u00e0 de 65 ans, ou souffrent de bronchite chronique, \u00e0 cause du tabac.\u00a0\u00a0<br \/>\u00a0<br \/>La\u00a0<a class=\"link\" href=\"https:\/\/www.rtl.fr\/actu\/sante\/covid-19-le-virus-recommence-a-circuler-en-france-une-nouvelle-campagne-de-vaccination-prevue-en-octobre-7900543552\" target=\"_blank\" rel=\"noopener\">campagne de vaccination<\/a>\u00a0contre la grippe et le coronavirus, d\u00e9butant<strong> le 14 octobre 2025<\/strong>, arrive bien apr\u00e8s la p\u00e9riode d&rsquo;\u00e9pid\u00e9mie. Il est possible que le pic de contamination soit d\u00e9pass\u00e9 avant m\u00eame que le vaccin soit efficace. Les experts estiment donc qu&rsquo;il faudrait avancer cette op\u00e9ration. Il est toujours possible de s&rsquo;adresser \u00e0 son pharmacien, mais la campagne de vaccination commence officiellement le 14 octobre.<\/p>\n<p>    La r\u00e9daction vous recommande<\/p>\n<p class=\"s-newsletter__title\">\n                L\u2019actualit\u00e9 par la r\u00e9daction de RTL dans votre bo\u00eete mail.\n            <\/p>\n<p class=\"s-newsletter__subtitle\">\n                Gr\u00e2ce \u00e0 votre compte RTL abonnez-vous \u00e0 la newsletter RTL info pour suivre toute l&rsquo;actualit\u00e9 au quotidien\n            <\/p>\n<p>\n                                    Lire la suite\n                                <\/p>\n","protected":false},"excerpt":{"rendered":"Depuis plusieurs semaines, les contaminations au \u00ab\u00a0Frankenstein\u00a0\u00bb, nouveau variant du Covid-19, sont \u00e0 la hausse. De son nom&hellip;\n","protected":false},"author":2,"featured_media":426148,"comment_status":"","ping_status":"","sticky":false,"template":"","format":"standard","meta":{"footnotes":""},"categories":[10],"tags":[4356,107,1011,27,72,226,362,71,773],"class_list":{"0":"post-426147","1":"post","2":"type-post","3":"status-publish","4":"format-standard","5":"has-post-thumbnail","7":"category-sante","8":"tag-coronavirus","9":"tag-fil-info","10":"tag-fr","11":"tag-france","12":"tag-health","13":"tag-maladie","14":"tag-replay","15":"tag-sante","16":"tag-vaccin"},"share_on_mastodon":{"url":"https:\/\/pubeurope.com\/@fr\/115287789683275130","error":""},"_links":{"self":[{"href":"https:\/\/www.europesays.com\/fr\/wp-json\/wp\/v2\/posts\/426147","targetHints":{"allow":["GET"]}}],"collection":[{"href":"https:\/\/www.europesays.com\/fr\/wp-json\/wp\/v2\/posts"}],"about":[{"href":"https:\/\/www.europesays.com\/fr\/wp-json\/wp\/v2\/types\/post"}],"author":[{"embeddable":true,"href":"https:\/\/www.europesays.com\/fr\/wp-json\/wp\/v2\/users\/2"}],"replies":[{"embeddable":true,"href":"https:\/\/www.europesays.com\/fr\/wp-json\/wp\/v2\/comments?post=426147"}],"version-history":[{"count":0,"href":"https:\/\/www.europesays.com\/fr\/wp-json\/wp\/v2\/posts\/426147\/revisions"}],"wp:featuredmedia":[{"embeddable":true,"href":"https:\/\/www.europesays.com\/fr\/wp-json\/wp\/v2\/media\/426148"}],"wp:attachment":[{"href":"https:\/\/www.europesays.com\/fr\/wp-json\/wp\/v2\/media?parent=426147"}],"wp:term":[{"taxonomy":"category","embeddable":true,"href":"https:\/\/www.europesays.com\/fr\/wp-json\/wp\/v2\/categories?post=426147"},{"taxonomy":"post_tag","embeddable":true,"href":"https:\/\/www.europesays.com\/fr\/wp-json\/wp\/v2\/tags?post=426147"}],"curies":[{"name":"wp","href":"https:\/\/api.w.org\/{rel}","templated":true}]}}