{"id":426163,"date":"2025-09-29T13:27:27","date_gmt":"2025-09-29T13:27:27","guid":{"rendered":"https:\/\/www.europesays.com\/fr\/426163\/"},"modified":"2025-09-29T13:27:27","modified_gmt":"2025-09-29T13:27:27","slug":"firminy-lisa-smoczek-sacree-miss-corso-2025","status":"publish","type":"post","link":"https:\/\/www.europesays.com\/fr\/426163\/","title":{"rendered":"Firminy : Lisa Smoczek sacr\u00e9e Miss Corso 2025"},"content":{"rendered":"<p>Ce vendredi 26 septembre, Lisa Smoczek a \u00e9t\u00e9 d\u00e9sign\u00e9e par le jury pour devenir Miss Corso 2025. Elle a pour dauphines Marine Baccaglioni et L\u00e9a Tinocco. Elles d\u00e9fileront dans les rues de la ville lors du Corso, le dimanche 19 octobre.<\/p>\n<p>Apr\u00e8s une d\u00e9lib\u00e9ration difficile, <b>Lisa Smoczek<\/b> a \u00e9t\u00e9 \u00e9lue <b>Miss Corso 2025<\/b> par le jury, parmi les 12 candidates au titre, <b>ce vendredi 26 septembre<\/b> sur la sc\u00e8ne de la grande salle appelouse \u00e0 Firminy.<\/p>\n<p>Lisa Smoczek et ses dauphines d\u00e9fileront prochainement\u00a0<\/p>\n<p>Comme le veut la tradition, Lisa Smoczek sera accompagn\u00e9e tout au long de l&rsquo;ann\u00e9e par ses deux dauphines : Marine Baccaglioni et L\u00e9a Tinocco.\u00a0<\/p>\n<p>Elles d\u00e9fileront dans les rues de la ville lors du Corso, <b>dimanche 19 octobre<\/b>.\u00a0<\/p>\n<p><img loading=\"lazy\" decoding=\"async\" src=\"https:\/\/www.europesays.com\/fr\/wp-content\/uploads\/2025\/09\/1759152447_869_img\" width=\"350\" height=\"200\" border=\"0\" title=\"Tame Impala\"\/><\/p>\n<p>\u25baCulture<\/p>\n<p style=\"font-size: 22px;\"><b>Tame Impala annonce un concert en Auvergne-Rh\u00f4ne-Alpes pour 2026\u00a0<\/b><\/p>\n<p>Le groupe Tame Impala a annonc\u00e9, ce vendredi 26&#8230;<\/p>\n<p><\/p>\n","protected":false},"excerpt":{"rendered":"Ce vendredi 26 septembre, Lisa Smoczek a \u00e9t\u00e9 d\u00e9sign\u00e9e par le jury pour devenir Miss Corso 2025. Elle&hellip;\n","protected":false},"author":2,"featured_media":426164,"comment_status":"","ping_status":"","sticky":false,"template":"","format":"standard","meta":{"footnotes":""},"categories":[9653],"tags":[1111,11,2430,1777,674,10282,1011,27,55502,55500,55501,55499,12,25,4001],"class_list":{"0":"post-426163","1":"post","2":"type-post","3":"status-publish","4":"format-standard","5":"has-post-thumbnail","7":"category-saint-etienne","8":"tag-actu","9":"tag-actualites","10":"tag-auvergne-rhone-alpes","11":"tag-eu","12":"tag-europe","13":"tag-firminy","14":"tag-fr","15":"tag-france","16":"tag-la-tinocco","17":"tag-lisa-smoczek","18":"tag-marine-baccaglioni","19":"tag-miss-corso","20":"tag-news","21":"tag-republique-francaise","22":"tag-saint-etienne"},"share_on_mastodon":{"url":"https:\/\/pubeurope.com\/@fr\/115287821859174010","error":""},"_links":{"self":[{"href":"https:\/\/www.europesays.com\/fr\/wp-json\/wp\/v2\/posts\/426163","targetHints":{"allow":["GET"]}}],"collection":[{"href":"https:\/\/www.europesays.com\/fr\/wp-json\/wp\/v2\/posts"}],"about":[{"href":"https:\/\/www.europesays.com\/fr\/wp-json\/wp\/v2\/types\/post"}],"author":[{"embeddable":true,"href":"https:\/\/www.europesays.com\/fr\/wp-json\/wp\/v2\/users\/2"}],"replies":[{"embeddable":true,"href":"https:\/\/www.europesays.com\/fr\/wp-json\/wp\/v2\/comments?post=426163"}],"version-history":[{"count":0,"href":"https:\/\/www.europesays.com\/fr\/wp-json\/wp\/v2\/posts\/426163\/revisions"}],"wp:featuredmedia":[{"embeddable":true,"href":"https:\/\/www.europesays.com\/fr\/wp-json\/wp\/v2\/media\/426164"}],"wp:attachment":[{"href":"https:\/\/www.europesays.com\/fr\/wp-json\/wp\/v2\/media?parent=426163"}],"wp:term":[{"taxonomy":"category","embeddable":true,"href":"https:\/\/www.europesays.com\/fr\/wp-json\/wp\/v2\/categories?post=426163"},{"taxonomy":"post_tag","embeddable":true,"href":"https:\/\/www.europesays.com\/fr\/wp-json\/wp\/v2\/tags?post=426163"}],"curies":[{"name":"wp","href":"https:\/\/api.w.org\/{rel}","templated":true}]}}