{"id":426179,"date":"2025-09-29T13:35:09","date_gmt":"2025-09-29T13:35:09","guid":{"rendered":"https:\/\/www.europesays.com\/fr\/426179\/"},"modified":"2025-09-29T13:35:09","modified_gmt":"2025-09-29T13:35:09","slug":"cest-quoi-la-papotheque-pres-de-rouen-qui-rouvre-apres-trois-ans-de-fermeture","status":"publish","type":"post","link":"https:\/\/www.europesays.com\/fr\/426179\/","title":{"rendered":"C&rsquo;est quoi la Papoth\u00e8que pr\u00e8s de Rouen, qui rouvre apr\u00e8s trois ans de fermeture\u00a0?"},"content":{"rendered":"<p>            Par<br \/>\n        <strong><br \/>\n            <a href=\"https:\/\/actu.fr\/auteur\/laredaction\" title=\"Consulter tous les articles de R\u00e9daction Normandie\" target=\"_blank\" rel=\"noopener\">R\u00e9daction Normandie<\/a><br \/>\n        <\/strong><\/p>\n<p>        Publi\u00e9 le<\/p>\n<p>            29 sept. 2025 \u00e0 14h51        <\/p>\n<p>Dans la salle communale, tous les premiers et troisi\u00e8mes mercredis du mois (uniquement le matin), la <strong>Papoth\u00e8que<\/strong> accueille petits et grands \u00e0 <a href=\"https:\/\/actu.fr\/normandie\/deville-les-rouen_76216\" target=\"_blank\" rel=\"noopener\">Deville-Les-Rouen<\/a>. Cet espace de jeux, port\u00e9 par l\u2019association Familles de France, permet aux <strong>enfants de se rencontrer et, aux adultes, d\u2019\u00e9changer sur des sujets vari\u00e9s.<\/strong> Et apr\u00e8s trois ans de fermeture, l\u2019espace rouvre (enfin) ses portes comme l\u2019explique Vinciane, \u00e9ducatrice b\u00e9n\u00e9vole qui a repris les lieux\u2009:<\/p>\n<blockquote class=\"ac-article-quote wall-content\">\n<p>J\u2019adore discuter et, surtout, \u00e9pauler. Pour moi, la Papoth\u00e8que est un lieu o\u00f9 nous pouvons papoter librement de tout, tout en ayant des outils, tels que des jouets et ateliers par exemple, pour l\u2019\u00e9panouissement des enfants.<\/p>\n<p>    <strong>Vinciane, <\/strong><br \/>\n        \u00e9ducatrice b\u00e9n\u00e9vole    <\/p><\/blockquote>\n<p>Comment \u00e7a fonctionne\u2009?<\/p>\n<p class=\" wall-content\">\u00c0 disposition de la Papoth\u00e8que, d<strong>es tapis d\u2019\u00e9veil, des jeux moteurs ou encore des jeux de soci\u00e9t\u00e9 accessibles \u00e0 tous<\/strong>. Les enfants sont accueillis par des \u00e9ducatrices \u00e0 qui ils peuvent demander des conseils ou simplement \u00eatre \u00e9cout\u00e9s.<\/p>\n<p class=\" wall-content\">L\u2019adh\u00e9sion est ouverte \u00e0 tous, y compris ceux vivant dans les communes alentour. S\u2019\u00e9levant \u00e0 11\u00a0euros par an et par foyer, elle permet de profiter des temps d\u2019ouverture de ce lieu de vie, mais aussi de diff\u00e9rents \u00e9v\u00e8nements organis\u00e9s comme la bourse aux v\u00eatements et la braderie solidaire. Tout cela est anim\u00e9 par les membres b\u00e9n\u00e9voles du bureau ainsi que les r\u00e9f\u00e9rentes animatrices et \u00e9ducatrices.<\/p>\n<p>L\u2019association Familles de France, c\u2019est quoi ? <\/p>\n<p>Issue d\u2019une association fond\u00e9e en 1921 sous le nom de \u201cLa f\u00e9d\u00e9ration nationale des familles nombreuses\u201d, elle s&rsquo;agrandit peu \u00e0 peu en fusionnant avec d\u2019autres grandes associations. C\u2019est seulement en 1997 qu\u2019elle porte le nom, \u00e0 ce jour, que nous connaissons. Familles de France est le seul mouvement familial, libre de tout lien politique, syndical voire id\u00e9ologique et a pour objectif de d\u00e9fendre les int\u00e9r\u00eats mat\u00e9riels et \u00e9thiques des familles. En effet, pour ce faire, elle propose d\u2019organiser de nombreuses actions, dans tout le pays, telles que des braderies ou encore des actions anti-\u00e9cran. \u00c0 D\u00e9ville-l\u00e8s-Rouen, une des actions est la cr\u00e9ation de la Papoth\u00e8que, o\u00f9 tout public se r\u00e9unit.<\/p>\n<p>Quels sont les projets \u00e0 venir\u2009?<\/p>\n<p class=\" wall-content\">En fonction du nombre d\u2019adh\u00e9rents, des sorties familles sont envisag\u00e9es telles que des pique-niques z\u00e9ro d\u00e9chet. Il est, \u00e9galement, pr\u00e9vu d\u2019organiser des \u00e9v\u00e8nements conviviaux o\u00f9 des intervenants \u00e9voqueront les gestes de secours aux enfants ou encore la m\u00e9diation animale. Enfin, les r\u00e9f\u00e9rentes animatrices ont la volont\u00e9 de proposer des ateliers de 30\u00a0minutes, o\u00f9 des professionnels de musique et d\u2019art pourront initier leur activit\u00e9 aux groupes d\u2019enfants.<\/p>\n<p>Infos pratiques\u2009; I5 rue Jules Ferry, D\u00e9ville-l\u00e8s-Rouen (salle des associations).\u00a0Toutes les actualit\u00e9s sur Facebook I Pour les contacter autrement\u2009: <a href=\"https:\/\/actu.fr\/cdn-cgi\/l\/email-protection\" class=\"__cf_email__\" data-cfemail=\"2448455445544b504c415551411312644349454d480a474b49\" target=\"_blank\" rel=\"noopener\">[email\u00a0protected]<\/a>Suivez l\u2019actualit\u00e9 de Rouen sur notre<a href=\"https:\/\/www.whatsapp.com\/channel\/0029VaKfnf99hXF2ddApFB1D\" target=\"_blank\" rel=\"noopener\"> cha\u00eene WhatsApp<\/a> et sur notre<a href=\"https:\/\/www.tiktok.com\/@76actu.fr?lang=fr\" target=\"_blank\" rel=\"noopener\"> compte TikTok<\/a><\/p>\n<p class=\" wall-content\">Personnalisez votre actualit\u00e9 en ajoutant vos villes et m\u00e9dias en favori avec <a href=\"https:\/\/moncompte.actu.fr\" title=\"D\u00e9couvez Mon Actu\" rel=\"nofollow noopener\" data-trk=\"{&quot;cta&quot;:{&quot;action&quot;:&quot;https:\\\/\\\/moncompte.actu.fr&quot;,&quot;category&quot;:&quot;mon compte&quot;,&quot;from&quot;:&quot;article footer&quot;,&quot;name&quot;:&quot;Mon actu&quot;,&quot;type&quot;:&quot;cta&quot;}}\" target=\"_blank\">Mon Actu<\/a>.<\/p>\n<p>                    <script async src=\"\/\/www.tiktok.com\/embed.js\"><\/script><\/p>\n","protected":false},"excerpt":{"rendered":"Par R\u00e9daction Normandie Publi\u00e9 le 29 sept. 2025 \u00e0 14h51 Dans la salle communale, tous les premiers et&hellip;\n","protected":false},"author":2,"featured_media":426180,"comment_status":"","ping_status":"","sticky":false,"template":"","format":"standard","meta":{"footnotes":""},"categories":[9587],"tags":[1111,11,1719,1777,674,1011,27,12,5161,10585,25,9590,104],"class_list":{"0":"post-426179","1":"post","2":"type-post","3":"status-publish","4":"format-standard","5":"has-post-thumbnail","7":"category-rouen","8":"tag-actu","9":"tag-actualites","10":"tag-enfants","11":"tag-eu","12":"tag-europe","13":"tag-fr","14":"tag-france","15":"tag-news","16":"tag-normandie","17":"tag-petite-enfance","18":"tag-republique-francaise","19":"tag-rouen","20":"tag-societe"},"share_on_mastodon":{"url":"https:\/\/pubeurope.com\/@fr\/115287852600102412","error":""},"_links":{"self":[{"href":"https:\/\/www.europesays.com\/fr\/wp-json\/wp\/v2\/posts\/426179","targetHints":{"allow":["GET"]}}],"collection":[{"href":"https:\/\/www.europesays.com\/fr\/wp-json\/wp\/v2\/posts"}],"about":[{"href":"https:\/\/www.europesays.com\/fr\/wp-json\/wp\/v2\/types\/post"}],"author":[{"embeddable":true,"href":"https:\/\/www.europesays.com\/fr\/wp-json\/wp\/v2\/users\/2"}],"replies":[{"embeddable":true,"href":"https:\/\/www.europesays.com\/fr\/wp-json\/wp\/v2\/comments?post=426179"}],"version-history":[{"count":0,"href":"https:\/\/www.europesays.com\/fr\/wp-json\/wp\/v2\/posts\/426179\/revisions"}],"wp:featuredmedia":[{"embeddable":true,"href":"https:\/\/www.europesays.com\/fr\/wp-json\/wp\/v2\/media\/426180"}],"wp:attachment":[{"href":"https:\/\/www.europesays.com\/fr\/wp-json\/wp\/v2\/media?parent=426179"}],"wp:term":[{"taxonomy":"category","embeddable":true,"href":"https:\/\/www.europesays.com\/fr\/wp-json\/wp\/v2\/categories?post=426179"},{"taxonomy":"post_tag","embeddable":true,"href":"https:\/\/www.europesays.com\/fr\/wp-json\/wp\/v2\/tags?post=426179"}],"curies":[{"name":"wp","href":"https:\/\/api.w.org\/{rel}","templated":true}]}}