{"id":426187,"date":"2025-09-29T13:39:09","date_gmt":"2025-09-29T13:39:09","guid":{"rendered":"https:\/\/www.europesays.com\/fr\/426187\/"},"modified":"2025-09-29T13:39:09","modified_gmt":"2025-09-29T13:39:09","slug":"le-grand-soufflet-revient-en-pays-de-fougeres-debut-octobre","status":"publish","type":"post","link":"https:\/\/www.europesays.com\/fr\/426187\/","title":{"rendered":"Le Grand Soufflet revient en pays de Foug\u00e8res d\u00e9but octobre"},"content":{"rendered":"<p>            Par<br \/>\n        <strong><br \/>\n            <a href=\"https:\/\/actu.fr\/auteur\/journaliste-lachronique\" title=\"Consulter tous les articles de R\u00e9daction Foug\u00e8res\" rel=\"nofollow noopener\" target=\"_blank\">R\u00e9daction Foug\u00e8res<\/a><br \/>\n        <\/strong><\/p>\n<p>        Publi\u00e9 le<\/p>\n<p>            29 sept. 2025 \u00e0 15h00        <\/p>\n<p>Dans le pays de <a href=\"https:\/\/actu.fr\/bretagne\/fougeres_35115\" rel=\"nofollow noopener\" target=\"_blank\">Foug\u00e8res<\/a> <b>(Ille-et-Vilaine)<\/b>, le centre culturel Juliette Drouet, le centre culturel du Coglais, La Granjagoul et Le Coquelicot unissent leurs saisons culturelles pour l\u2019\u00e9v\u00e9nement et proposent plusieurs rendez-vous artistiques.<\/p>\n<blockquote class=\"ac-article-quote wall-content\">\n<p>La programmation est riche et permettra une d\u00e9couverte culturelle assez large autour des musiques du monde et des pratiques traditionnelles. C\u2019est aussi une invitation \u00e0 circuler entre les diff\u00e9rentes structures et \u00e0 explorer d\u2019autres lieux.<\/p>\n<p>Les quatre partenaires<\/p><\/blockquote>\n<p class=\" wall-content\">Les temps forts du pays de <b>Foug\u00e8res <\/b>se d\u00e9ploieront du 1er au 12 d\u2019octobre,\u00a0\u00bbet mettront \u00e0 l\u2019honneur des artistes aux horizons vari\u00e9s, de l\u2019Italie au Br\u00e9sil en passant par l\u2019Alg\u00e9rie sans oublier la Bretagne.<\/p>\n<p class=\" wall-content\">\u00c0 travers cette collaboration, les structures r\u00e9affirment une amiti\u00e9 de longue date avec le <b>Grand Soufflet<\/b> ainsi qu\u2019une volont\u00e9 commune de soutenir la cr\u00e9ation, de favoriser l\u2019acc\u00e8s \u00e0 la culture pour toutes et tous, et de dynamiser la vie artistique locale\u00a0\u00bb.<\/p>\n<p>Des artistes venus de divers horizons<\/p>\n<p class=\" wall-content\">Le <b>mercredi 1er octobre<\/b> \u00e0 20 h, le centre culturel Juliette Drouet proposera au Th\u00e9\u00e2tre Victor Hugo un concert de Piers Faccini et Ballake Cissoko qui alliera les sonorit\u00e9s de la musique traditionnelle malienne et l\u2019influence occidentale de la folk (tarifs de 12 \u00e0 24\u20ac).<\/p>\n<p>Vid\u00e9os : en ce moment sur Actu<\/p>\n<p class=\" wall-content\">Le<b> jeudi 2 octobre<\/b>, \u00e0 21 h, le Coquelicot projettera le documentaire \u00ab\u00a0Les bad girls des musiques arabes, du 8\u00e8 si\u00e8cle \u00e0 nos jours\u00a0\u00bb, en pr\u00e9sence de la r\u00e9alisatrice, Jacqueline Caux (de 7 \u00e0 9\u20ac).<\/p>\n<p class=\" wall-content\">\u00c0 travers un duo piano-voix, Djazia Satour chantera en arabe un univers o\u00f9 les \u00e9motions \u00e9voquent la nostalgie et les tumultes du monde, le <b>dimanche 5 octobre<\/b> \u00e0 16h30 au centre culturel du Coglais (gratuit).<\/p>\n<p>Votre r\u00e9gion, votre actu !<\/p>\n<p>Recevez chaque jour les infos qui comptent pour vous.<\/p>\n<p>\t<a href=\"https:\/\/actu.fr\/newsletter\" class=\"ac-btn ac-btn--corner ac-btn--medium ac-btn--blue800\" rel=\"nofollow noopener\" target=\"_blank\">S&rsquo;incrire<\/a><\/p>\n<p class=\" wall-content\"><b>Mardi 7 octobre<\/b> \u00e0 15 h, l\u2019Ehpad Les Acacias, \u00e0 Saint-Georgesde-Reintembault, accueillera Duo Dua qui m\u00eale deux accord\u00e9ons, voix et ukul\u00e9l\u00e9 pour une pause douce et intime, o\u00f9 les musiques br\u00e9siliennes et personnelles se croisent avec d\u00e9licatesse (gratuit).<\/p>\n<p class=\" wall-content\">Les deux derniers rendez-vous se tiendront le <b>jeudi 9 octobre<\/b> \u00e0 12h45 \u00e0 l\u2019ESCC Eug\u00e9nie Duval \u00e0 Maen Roch avec la pr\u00e9sence de Michalove et ses voix venues tout droit de Pom\u00e9ranie (gratuit), et le <b>samedi 11 octobre<\/b> de 9 h \u00e0 13 h \u00e0 la Granjagoul \u00e0 Parc\u00e9 pour un stage d\u2019accord\u00e9on diatonique avec Yannick Noguet.<\/p>\n<p class=\" wall-content\">Ouvert \u00e0 tous instruments pour musique d\u2019ensemble, il se concentrera sur l\u2019apprentissage d\u2019airs traditionnels ou compos\u00e9s, l\u2019interpr\u00e9tation, la dynamique de la danse, l\u2019harmonisation et l\u2019arrangement (25\u20ac\/20\u20ac. Tous niveaux, sauf d\u00e9butant).<\/p>\n<p>Le Grand Soufflet, du 1er au 11 octobre en pays de Foug\u00e8res. Billetterie sur le site www.legrandsoufflet.fr et aupr\u00e8s des structures partenaires ( CC Juliette Drouet, CC du Coglais, la Granjagoul et le Coquelicot)<\/p>\n<p class=\" wall-content\">Personnalisez votre actualit\u00e9 en ajoutant vos villes et m\u00e9dias en favori avec <a href=\"https:\/\/moncompte.actu.fr\" title=\"D\u00e9couvez Mon Actu\" rel=\"nofollow noopener\" data-trk=\"{&quot;cta&quot;:{&quot;action&quot;:&quot;https:\\\/\\\/moncompte.actu.fr&quot;,&quot;category&quot;:&quot;mon compte&quot;,&quot;from&quot;:&quot;article footer&quot;,&quot;name&quot;:&quot;Mon actu&quot;,&quot;type&quot;:&quot;cta&quot;}}\" target=\"_blank\">Mon Actu<\/a>.<\/p>\n","protected":false},"excerpt":{"rendered":"Par R\u00e9daction Foug\u00e8res Publi\u00e9 le 29 sept. 2025 \u00e0 15h00 Dans le pays de Foug\u00e8res (Ille-et-Vilaine), le centre&hellip;\n","protected":false},"author":2,"featured_media":426188,"comment_status":"","ping_status":"","sticky":false,"template":"","format":"standard","meta":{"footnotes":""},"categories":[2821],"tags":[1111,11,829,1777,674,1011,27,1652,12,584,25,853],"class_list":{"0":"post-426187","1":"post","2":"type-post","3":"status-publish","4":"format-standard","5":"has-post-thumbnail","7":"category-rennes","8":"tag-actu","9":"tag-actualites","10":"tag-bretagne","11":"tag-eu","12":"tag-europe","13":"tag-fr","14":"tag-france","15":"tag-loisirs-culture","16":"tag-news","17":"tag-rennes","18":"tag-republique-francaise","19":"tag-spectacles"},"share_on_mastodon":{"url":"https:\/\/pubeurope.com\/@fr\/115287868416130604","error":""},"_links":{"self":[{"href":"https:\/\/www.europesays.com\/fr\/wp-json\/wp\/v2\/posts\/426187","targetHints":{"allow":["GET"]}}],"collection":[{"href":"https:\/\/www.europesays.com\/fr\/wp-json\/wp\/v2\/posts"}],"about":[{"href":"https:\/\/www.europesays.com\/fr\/wp-json\/wp\/v2\/types\/post"}],"author":[{"embeddable":true,"href":"https:\/\/www.europesays.com\/fr\/wp-json\/wp\/v2\/users\/2"}],"replies":[{"embeddable":true,"href":"https:\/\/www.europesays.com\/fr\/wp-json\/wp\/v2\/comments?post=426187"}],"version-history":[{"count":0,"href":"https:\/\/www.europesays.com\/fr\/wp-json\/wp\/v2\/posts\/426187\/revisions"}],"wp:featuredmedia":[{"embeddable":true,"href":"https:\/\/www.europesays.com\/fr\/wp-json\/wp\/v2\/media\/426188"}],"wp:attachment":[{"href":"https:\/\/www.europesays.com\/fr\/wp-json\/wp\/v2\/media?parent=426187"}],"wp:term":[{"taxonomy":"category","embeddable":true,"href":"https:\/\/www.europesays.com\/fr\/wp-json\/wp\/v2\/categories?post=426187"},{"taxonomy":"post_tag","embeddable":true,"href":"https:\/\/www.europesays.com\/fr\/wp-json\/wp\/v2\/tags?post=426187"}],"curies":[{"name":"wp","href":"https:\/\/api.w.org\/{rel}","templated":true}]}}