{"id":426192,"date":"2025-09-29T13:42:10","date_gmt":"2025-09-29T13:42:10","guid":{"rendered":"https:\/\/www.europesays.com\/fr\/426192\/"},"modified":"2025-09-29T13:42:10","modified_gmt":"2025-09-29T13:42:10","slug":"objectif-de-deux-menus-vegetariens-par-semaine-dans-les-cantines-strasbourgeoises-pourquoi-ca-coince","status":"publish","type":"post","link":"https:\/\/www.europesays.com\/fr\/426192\/","title":{"rendered":"Objectif de deux menus v\u00e9g\u00e9tariens par semaine dans les cantines strasbourgeoises : pourquoi \u00e7a coince"},"content":{"rendered":"<p>            Par<br \/>\n        <strong><br \/>\n            <a href=\"https:\/\/actu.fr\/auteur\/ivan-capecchi\" title=\"Consulter tous les articles de Ivan CAPECCHI\" target=\"_blank\" rel=\"noopener\">Ivan CAPECCHI<\/a><br \/>\n        <\/strong><\/p>\n<p>        Publi\u00e9 le<\/p>\n<p>            29 sept. 2025 \u00e0 15h29        <\/p>\n<p>Un temps envisag\u00e9 pour 2025, le d\u00e9ploiement de <strong>deux menus v\u00e9g\u00e9tariens par semaine<\/strong> dans les <strong>cantines strasbourgeoises<\/strong> n\u2019est pas encore effectif en cette <strong>rentr\u00e9e scolaire<\/strong>. Pour quelles raisons et quel est le nouveau calendrier\u2009? On fait le point.<\/p>\n<p>\u00ab\u2009On a besoin de trois feux verts\u2009\u00bb<\/p>\n<p class=\" wall-content\">D\u00e9j\u00e0, Antoine Neumann, conseiller municipal en charge de ce dossier, fait savoir que <strong>l\u2019objectif est bien \u00ab\u2009maintenu\u2009\u00bb<\/strong>.<\/p>\n<p class=\" wall-content\">\u00ab\u2009Pour y parvenir, on a besoin de <strong>trois feux verts<\/strong>\u2009: un feu vert de la part des <strong>prestataires<\/strong>, car \u00e7a n\u2019est pas rien [en termes d\u2019organisation que] de proposer deux menus v\u00e9g\u00e9tariens par semaine, le feu vert des <strong>services techniques de la Ville<\/strong>, afin qu\u2019ils expliquent la d\u00e9marche aux <strong>parents et aux enfants<\/strong>, et le feu vert de ces derniers, pour qu\u2019ils soient pr\u00eats \u00e0 ce changement\u2009\u00bb, explique l\u2019\u00e9lu.<\/p>\n<p>\u00ab\u2009La soci\u00e9t\u00e9 n\u2019est pas encore pr\u00eate \u00e0 faire la bascule\u2009\u00bb<\/p>\n<p class=\" wall-content\">\u00ab\u2009Au niveau des services techniques, on est bons, au niveau des prestataires, on est entre l\u2019orange et le vert, et, au niveau des parents, le sujet est bien avanc\u00e9 mais on ne sent pas encore un parfait engagement sur le sujet\u2009\u00bb, d\u00e9taille-t-il.<\/p>\n<blockquote class=\"ac-article-quote wall-content\">\n<p>La soci\u00e9t\u00e9 n\u2019est pas encore totalement pr\u00eate \u00e0 faire la bascule. Les gens ont cette image de la viande comme la pi\u00e8ce ma\u00eetresse d\u2019un repas. C&rsquo;est aussi souvent un signe de consid\u00e9ration sociale que de se faire servir de la viande. Ce que les gens ne prennent pas en compte, c&rsquo;est qu\u2019on mange trop de viande et de mauvaise qualit\u00e9. <\/p>\n<p>    <strong>Antoine Neumann<\/strong><br \/>\n        Conseiller municipal    <\/p><\/blockquote>\n<p class=\" wall-content\">\u00ab\u2009Plus de v\u00e9g\u00e9tarien, c\u2019est aussi <strong>plus de marge pour acheter de la meilleure viande<\/strong>\u2009\u00bb, souligne-t-il.<\/p>\n<p>Votre r\u00e9gion, votre actu !<\/p>\n<p>Recevez chaque jour les infos qui comptent pour vous.<\/p>\n<p>\t<a href=\"https:\/\/actu.fr\/newsletter\" class=\"ac-btn ac-btn--corner ac-btn--medium ac-btn--blue800\" target=\"_blank\" rel=\"noopener\">S&rsquo;incrire<\/a><br \/>\nNe plus nommer les menus v\u00e9g\u00e9tariens comme tel<\/p>\n<p class=\" wall-content\">D\u2019apr\u00e8s M. Neumann, les r\u00e9sistances sont notamment li\u00e9es \u00ab\u2009\u00e0 la <strong>d\u00e9nomination des menus<\/strong>\u2009\u00bb. \u00ab\u2009Quand vous marquez \u2018menu v\u00e9g\u00e9tarien\u2019, il y a toute une partie de la population qui va spontan\u00e9ment en avoir une <strong>image d\u00e9valoris\u00e9e<\/strong>\u2009\u00bb, rel\u00e8ve-t-il.<\/p>\n<p class=\" wall-content\">Aussi, la municipalit\u00e9 \u00ab\u2009va <strong>arr\u00eater de nommer les menus v\u00e9g\u00e9tariens<\/strong>, ce sera juste un <strong>menu unique<\/strong>\u2009\u00bb. \u00ab\u2009Tous les ans, pendant deux \u00e0 trois semaines en septembre, les enfants mangent d\u00e9j\u00e0 deux menus v\u00e9g\u00e9tariens par semaine, pour des raisons d\u2019organisation li\u00e9es au rush de la rentr\u00e9e, mais comme \u00e7a n\u2019est pas indiqu\u00e9 comme tel sur le menu, <strong>\u00e7a n\u2019a jamais pos\u00e9 de probl\u00e8me<\/strong>\u2009\u00bb, indique l\u2019\u00e9lu.<\/p>\n<p>La rentr\u00e9e 2026 comme nouvel horizon<\/p>\n<p class=\" wall-content\">Au total, Strasbourg compte une <strong>petite cinquantaine de cantines scolaires<\/strong>, dont deux qui cuisinent sur place. Les autres sont livr\u00e9es par <strong>deux prestataires<\/strong>.<\/p>\n<p class=\" wall-content\">La mairie \u00e9cologiste se fixe la <strong>\u00ab\u2009rentr\u00e9e 2026, dernier d\u00e9lai\u2009\u00bb comme nouvel horizon<\/strong> pour d\u00e9ployer les deux menus v\u00e9g\u00e9tariens par semaine.<\/p>\n<p class=\" wall-content\">Personnalisez votre actualit\u00e9 en ajoutant vos villes et m\u00e9dias en favori avec <a href=\"https:\/\/moncompte.actu.fr\" title=\"D\u00e9couvez Mon Actu\" rel=\"nofollow noopener\" data-trk=\"{&quot;cta&quot;:{&quot;action&quot;:&quot;https:\\\/\\\/moncompte.actu.fr&quot;,&quot;category&quot;:&quot;mon compte&quot;,&quot;from&quot;:&quot;article footer&quot;,&quot;name&quot;:&quot;Mon actu&quot;,&quot;type&quot;:&quot;cta&quot;}}\" target=\"_blank\">Mon Actu<\/a>.<\/p>\n","protected":false},"excerpt":{"rendered":"Par Ivan CAPECCHI Publi\u00e9 le 29 sept. 2025 \u00e0 15h29 Un temps envisag\u00e9 pour 2025, le d\u00e9ploiement de&hellip;\n","protected":false},"author":2,"featured_media":426193,"comment_status":"","ping_status":"","sticky":false,"template":"","format":"standard","meta":{"footnotes":""},"categories":[2820],"tags":[1111,11,258,1719,1777,674,1011,27,775,12,25,104,640],"class_list":{"0":"post-426192","1":"post","2":"type-post","3":"status-publish","4":"format-standard","5":"has-post-thumbnail","7":"category-strasbourg","8":"tag-actu","9":"tag-actualites","10":"tag-alimentation","11":"tag-enfants","12":"tag-eu","13":"tag-europe","14":"tag-fr","15":"tag-france","16":"tag-grand-est","17":"tag-news","18":"tag-republique-francaise","19":"tag-societe","20":"tag-strasbourg"},"share_on_mastodon":{"url":"https:\/\/pubeurope.com\/@fr\/115287880212862660","error":""},"_links":{"self":[{"href":"https:\/\/www.europesays.com\/fr\/wp-json\/wp\/v2\/posts\/426192","targetHints":{"allow":["GET"]}}],"collection":[{"href":"https:\/\/www.europesays.com\/fr\/wp-json\/wp\/v2\/posts"}],"about":[{"href":"https:\/\/www.europesays.com\/fr\/wp-json\/wp\/v2\/types\/post"}],"author":[{"embeddable":true,"href":"https:\/\/www.europesays.com\/fr\/wp-json\/wp\/v2\/users\/2"}],"replies":[{"embeddable":true,"href":"https:\/\/www.europesays.com\/fr\/wp-json\/wp\/v2\/comments?post=426192"}],"version-history":[{"count":0,"href":"https:\/\/www.europesays.com\/fr\/wp-json\/wp\/v2\/posts\/426192\/revisions"}],"wp:featuredmedia":[{"embeddable":true,"href":"https:\/\/www.europesays.com\/fr\/wp-json\/wp\/v2\/media\/426193"}],"wp:attachment":[{"href":"https:\/\/www.europesays.com\/fr\/wp-json\/wp\/v2\/media?parent=426192"}],"wp:term":[{"taxonomy":"category","embeddable":true,"href":"https:\/\/www.europesays.com\/fr\/wp-json\/wp\/v2\/categories?post=426192"},{"taxonomy":"post_tag","embeddable":true,"href":"https:\/\/www.europesays.com\/fr\/wp-json\/wp\/v2\/tags?post=426192"}],"curies":[{"name":"wp","href":"https:\/\/api.w.org\/{rel}","templated":true}]}}