{"id":426196,"date":"2025-09-29T13:44:18","date_gmt":"2025-09-29T13:44:18","guid":{"rendered":"https:\/\/www.europesays.com\/fr\/426196\/"},"modified":"2025-09-29T13:44:18","modified_gmt":"2025-09-29T13:44:18","slug":"lavion-de-nouvel-air-sest-trompe-de-piste-dapres-le-bea","status":"publish","type":"post","link":"https:\/\/www.europesays.com\/fr\/426196\/","title":{"rendered":"l\u2019avion de Nouvel Air s\u2019est tromp\u00e9 de piste, d\u2019apr\u00e8s le BEA"},"content":{"rendered":"<p>Le Bureau d\u2019enqu\u00eates et d\u2019analyses charg\u00e9 de l\u2019enqu\u00eate \u00e9tablit une erreur de piste de la part de l\u2019A320 de la compagnie tunisienne. Ce dernier avait fr\u00f4l\u00e9, dimanche dernier, un appareil easyJet en position de d\u00e9collage.<\/p>\n<p class=\"fig-paragraph\">Les circonstances de\u00a0<a href=\"http:\/\/www.lefigaro.fr\/nice\/une-collision-evitee-a-trois-metres-pres-entre-deux-avions-a-l-aeroport-de-nice-20250922\" data-fig-type=\"NewsFlash\" data-gtm-custom-categorie=\"navigation\" data-gtm-custom-action=\"crossclick\" data-gtm-custom-label=\"Contextuel\" data-gtm-event=\"customEventSPE\" data-fig-domain=\"LEFIGARO\" target=\"_blank\" rel=\"noopener\">l\u2019incident grave<\/a>\u00a0survenu \u00e0 l\u2019a\u00e9roport de Nice (Alpes-Maritimes) dimanche dernier s\u2019\u00e9claircissent. Le 21 octobre, aux alentours de 23h30, un avion de la compagnie a\u00e9rienne tunisienne Nouvel Air avait fr\u00f4l\u00e9 un A320 d\u2019easyJet qui s\u2019appr\u00eatait \u00e0 d\u00e9coller, direction Nantes. La catastrophe a \u00e9t\u00e9 \u00e9vit\u00e9e de justesse, puisque le pilote du premier A320 a remis les gaz pour ne pas entrer en collision avec l\u2019avion de la compagnie britannique.<\/p>\n<p class=\"fig-body-link\">\n<p>        Regarder la vid\u00e9o<br \/>\n        <a class=\"fig-body-link__link\" href=\"https:\/\/video.lefigaro.fr\/figaro\/actualite-france\/vol-nice-paris-un-avion-contraint-de-se-poser-a-cause-de-fumees-dans-le-cockpit-20230331\" data-fig-type=\"Video\" data-gtm-custom-categorie=\"navigation\" data-gtm-custom-action=\"crossclick\" data-gtm-custom-label=\"Contextuel\" data-gtm-event=\"customEventSPE\" data-fig-domain=\"LEFIGARO\" target=\"_blank\" rel=\"noopener\">Vol Nice-Paris: un avion contraint de se poser \u00e0 cause de \u00abfum\u00e9es\u00bb dans le cockpit<br \/>\n    <\/a>\n<\/p>\n<p class=\"fig-paragraph\">Dans la foul\u00e9e, le Bureau d\u2019enqu\u00eates et d\u2019analyses (BEA) pour la s\u00e9curit\u00e9 de l\u2019aviation civile a ouvert une enqu\u00eate \u00e0 propos de ce qu\u2019il qualifie \u00abd\u2019incident grave\u00bb, et \u00e0 la demande du ministre d\u00e9missionnaire des transports, Philippe Tabarot.<\/p>\n<p>                                    <a class=\"fig-a11y-skip a11y-hidden\" href=\"#fig-a11y-skip-main-inarticle\"><br \/>\n        Passer la publicit\u00e9<br \/>\n    <\/a><\/p>\n<p>Erreur de piste<\/p>\n<p class=\"fig-paragraph\"><a href=\"http:\/\/www.lefigaro.fr\/nice\/nice-apres-la-collision-evitee-de-peu-entre-deux-avions-le-parquet-ouvre-une-enquete-pour-mise-en-danger-de-la-vie-d-autrui-20250923\" data-fig-type=\"NewsFlash\" data-gtm-custom-categorie=\"navigation\" data-gtm-custom-action=\"crossclick\" data-gtm-custom-label=\"Contextuel\" data-gtm-event=\"customEventSPE\" data-fig-domain=\"LEFIGARO\" target=\"_blank\" rel=\"noopener\">Quatre enqu\u00eateurs<\/a>\u00a0ont donc \u00e9t\u00e9 charg\u00e9s d\u2019\u00e9tudier les donn\u00e9es radar, m\u00e9t\u00e9orologiques ainsi que les vid\u00e9osurveillances ; les t\u00e9moignages des deux \u00e9quipages et du contr\u00f4le sont \u00e9galement \u00e0 l\u2019\u00e9tude. Enfin, les quatre enregistreurs de vol &#8211; des param\u00e8tres et de voix du cockpit &#8211; doivent permettre de faire la lumi\u00e8re sur cet incident.<\/p>\n<p class=\"fig-paragraph\">Pour l\u2019heure, le BEA communique ceci\u00a0: \u00abL\u2019\u00e9quipage du TS-INP (l\u2019avion de Nouvel Air) est autoris\u00e9 \u00e0 l\u2019atterrissage sur la piste 04L mais s\u2019aligne sur la piste 04R occup\u00e9e par le OE-IJZ\u00a0 (l\u2019avion d\u2019easyJet) align\u00e9 et pr\u00eat au d\u00e9collage. Il approche de la piste 04R jusqu\u2019\u00e0 survoler le OE-IJZ puis il interrompt son atterrissage\u00bb. En d\u2019autres termes, l\u2019avion de Nouvel Air s\u2019est trouv\u00e9 sur la mauvaise piste, la 04R au lieu de la 04L.<\/p>\n<p>\u00c9ric Ciotti demande la suspension des autorisations de vol<\/p>\n<p class=\"fig-paragraph\">Aucune hypoth\u00e8se &#8211; celle d\u2019une mauvaise visibilit\u00e9 ou d\u2019une erreur de communication &#8211; n\u2019est privil\u00e9gi\u00e9e. Ce qui n\u2019emp\u00eache pas le d\u00e9put\u00e9 ni\u00e7ois\u00a0<a href=\"http:\/\/www.lefigaro.fr\/nice\/municipales-2026-a-nice-christian-estrosi-et-eric-ciotti-ont-choisi-leurs-directeurs-de-campagne-20250916\" data-fig-type=\"NewsFlash\" data-gtm-custom-categorie=\"navigation\" data-gtm-custom-action=\"crossclick\" data-gtm-custom-label=\"Contextuel\" data-gtm-event=\"customEventSPE\" data-fig-domain=\"LEFIGARO\" target=\"_blank\" rel=\"noopener\">\u00c9ric Ciotti\u00a0<\/a>d\u2019appeler \u00e0 la suspension des vols desservis par la compagnie tunisienne Nouvel Air dans une lettre adress\u00e9e au Premier ministre\u00a0<a href=\"http:\/\/www.lefigaro.fr\/politique\/sebastien-lecornu-accuse-d-avoir-menti-sur-l-obtention-de-son-master-en-droit-vise-par-une-plainte-20250929\" data-fig-type=\"NewsFlash\" data-gtm-custom-categorie=\"navigation\" data-gtm-custom-action=\"crossclick\" data-gtm-custom-label=\"Contextuel\" data-gtm-event=\"customEventSPE\" data-fig-domain=\"LEFIGARO\" target=\"_blank\" rel=\"noopener\">S\u00e9bastien Lecornu<\/a>. \u00ab Il en va de la s\u00e9curit\u00e9 de l\u2019espace a\u00e9rien fran\u00e7ais\u00a0\u00bb, \u00e9crit-il et d\u2019affirmer que c\u2019est \u00ab au nom du principe de pr\u00e9caution\u00a0\u00bb.<\/p>\n<p class=\"fig-body-link\">\n            \u00c0 lire aussi<br \/>\n        <a class=\"fig-body-link__link\" href=\"http:\/\/www.lefigaro.fr\/voyages\/toutes-les-compagnies-aeriennes-de-ce-pays-ont-ete-mises-sur-la-liste-noire-de-l-union-europeenne-20250617\" data-fig-type=\"Article\" data-gtm-custom-categorie=\"navigation\" data-gtm-custom-action=\"crossclick\" data-gtm-custom-label=\"Contextuel\" data-gtm-event=\"customEventSPE\" data-fig-domain=\"LEFIGARO\" target=\"_blank\" rel=\"noopener\">Toutes les compagnies a\u00e9riennes de ce pays ont \u00e9t\u00e9 mises sur la liste noire de l\u2019Union europ\u00e9enne<br \/>\n    <\/a>\n<\/p>\n<p class=\"fig-paragraph\">Deux autres enqu\u00eates sont toujours en cours ; l\u2019une est ouverte par le parquet de Nice pour \u00abmise en danger de la vie d\u2019autrui\u00bb, toujours en cours, afin d\u2019\u00e9tablir les \u00e9ventuelles responsabilit\u00e9s. Elle a \u00e9t\u00e9 confi\u00e9e \u00e0 la brigade de gendarmerie des transports a\u00e9riens, indique le parquet. La seconde est une enqu\u00eate interne, men\u00e9e par la direction du Service de la Navigation A\u00e9rienne.<\/p>\n","protected":false},"excerpt":{"rendered":"Le Bureau d\u2019enqu\u00eates et d\u2019analyses charg\u00e9 de l\u2019enqu\u00eate \u00e9tablit une erreur de piste de la part de l\u2019A320&hellip;\n","protected":false},"author":2,"featured_media":426197,"comment_status":"","ping_status":"","sticky":false,"template":"","format":"standard","meta":{"footnotes":""},"categories":[2819],"tags":[1111,11,663,37,4098,1777,674,1011,27,12,2401,882,25],"class_list":{"0":"post-426196","1":"post","2":"type-post","3":"status-publish","4":"format-standard","5":"has-post-thumbnail","7":"category-nice","8":"tag-actu","9":"tag-actualites","10":"tag-aeroport","11":"tag-avion","12":"tag-crash","13":"tag-eu","14":"tag-europe","15":"tag-fr","16":"tag-france","17":"tag-news","18":"tag-nice","19":"tag-provence-alpes-cote-dazur","20":"tag-republique-francaise"},"share_on_mastodon":{"url":"https:\/\/pubeurope.com\/@fr\/115287888034446019","error":""},"_links":{"self":[{"href":"https:\/\/www.europesays.com\/fr\/wp-json\/wp\/v2\/posts\/426196","targetHints":{"allow":["GET"]}}],"collection":[{"href":"https:\/\/www.europesays.com\/fr\/wp-json\/wp\/v2\/posts"}],"about":[{"href":"https:\/\/www.europesays.com\/fr\/wp-json\/wp\/v2\/types\/post"}],"author":[{"embeddable":true,"href":"https:\/\/www.europesays.com\/fr\/wp-json\/wp\/v2\/users\/2"}],"replies":[{"embeddable":true,"href":"https:\/\/www.europesays.com\/fr\/wp-json\/wp\/v2\/comments?post=426196"}],"version-history":[{"count":0,"href":"https:\/\/www.europesays.com\/fr\/wp-json\/wp\/v2\/posts\/426196\/revisions"}],"wp:featuredmedia":[{"embeddable":true,"href":"https:\/\/www.europesays.com\/fr\/wp-json\/wp\/v2\/media\/426197"}],"wp:attachment":[{"href":"https:\/\/www.europesays.com\/fr\/wp-json\/wp\/v2\/media?parent=426196"}],"wp:term":[{"taxonomy":"category","embeddable":true,"href":"https:\/\/www.europesays.com\/fr\/wp-json\/wp\/v2\/categories?post=426196"},{"taxonomy":"post_tag","embeddable":true,"href":"https:\/\/www.europesays.com\/fr\/wp-json\/wp\/v2\/tags?post=426196"}],"curies":[{"name":"wp","href":"https:\/\/api.w.org\/{rel}","templated":true}]}}