{"id":426202,"date":"2025-09-29T13:47:17","date_gmt":"2025-09-29T13:47:17","guid":{"rendered":"https:\/\/www.europesays.com\/fr\/426202\/"},"modified":"2025-09-29T13:47:17","modified_gmt":"2025-09-29T13:47:17","slug":"sinscrire-a-la-marche-ou-la-course-pour-la-vague-solidaire-de-la-21e-edition","status":"publish","type":"post","link":"https:\/\/www.europesays.com\/fr\/426202\/","title":{"rendered":"s&rsquo;inscrire \u00e0 la marche ou la course pour la vague solidaire de la 21e \u00e9dition"},"content":{"rendered":"<p>Au bord de la Garonne, des milliers de pas battent le pav\u00e9 dans une m\u00eame \u00e9nergie !<\/p>\n<p>Le Ruban Rose 2025 c\u00e9l\u00e8bre sa 21e \u00e9dition \u00e0 Bordeaux et porte haut le message de la pr\u00e9vention contre le cancer du sein. Cette nouvelle \u00e9dition ne se limite pas \u00e0 une simple course, elle incarne une dynamique collective o\u00f9 sport, sant\u00e9 et solidarit\u00e9 s\u2019unissent au service d\u2019une m\u00eame cause.<\/p>\n<p>Un \u00e9v\u00e9nement sportif et solidaire majeur<\/p>\n<p>Depuis plus de deux d\u00e9cennies, le Ruban Rose a trouv\u00e9 \u00e0 Bordeaux un terrain fertile pour f\u00e9d\u00e9rer. En 2025, la capitale girondine accueille \u00e0 nouveau ce rendez-vous qui allie <strong>d\u00e9passement de soi<\/strong> et engagement citoyen. Sur les quais de la Garonne, les parcours de marche et de course offrent \u00e0 chacun la possibilit\u00e9 de participer, quel que soit son niveau.<\/p>\n<p><strong><a href=\"https:\/\/challengedurubanrose.fr\/bordeaux\/\" target=\"_blank\" rel=\"noopener nofollow\">Les inscriptions sont lanc\u00e9es pour la marche ou la course <\/a><\/strong><a href=\"https:\/\/challengedurubanrose.fr\/bordeaux\/\" target=\"_blank\" rel=\"noopener nofollow\">!<\/a>\u00a0entre amis et en famille.<\/p>\n<p>Les formats vari\u00e9s \u2013 5 km, 10 km ou marche conviviale \u2013 permettent de rassembler sportifs confirm\u00e9s, familles et entreprises. La couleur rose, omnipr\u00e9sente, cr\u00e9e une atmosph\u00e8re \u00e0 la fois festive et symbolique, rappelant le combat quotidien men\u00e9 contre le cancer du sein.<\/p>\n<p>La 21e \u00e9dition : un cap symbolique<\/p>\n<p>Cette 21e \u00e9dition marque un tournant. Elle s\u2019inscrit dans la continuit\u00e9 d\u2019un mouvement national lanc\u00e9 au d\u00e9but des ann\u00e9es 2000, devenu une r\u00e9f\u00e9rence dans la sensibilisation aux enjeux de sant\u00e9 publique. Bordeaux, avec son dynamisme et son cadre embl\u00e9matique, contribue \u00e0 renforcer l\u2019impact de cette manifestation.<\/p>\n<p>Comme le rappellent les organisateurs, l\u2019objectif reste double : financer la recherche et diffuser largement les messages de pr\u00e9vention. Les fonds r\u00e9colt\u00e9s lors des inscriptions sont directement revers\u00e9s \u00e0 des associations locales et nationales soutenant la recherche m\u00e9dicale et l\u2019accompagnement des patientes.<\/p>\n<p>Pr\u00e9vention et d\u00e9pistage au c\u0153ur de la mobilisation<\/p>\n<p>Au-del\u00e0 de la performance sportive, le Ruban Rose 2025 met en lumi\u00e8re l\u2019importance du <strong>d\u00e9pistage pr\u00e9coce<\/strong>. Des stands d\u2019information sont install\u00e9s sur le village de la course, offrant aux participants l\u2019opportunit\u00e9 de rencontrer des professionnels de sant\u00e9, d\u2019obtenir des conseils pratiques et d\u2019\u00e9changer sur les avanc\u00e9es scientifiques.<\/p>\n<p>L\u2019accent est mis sur la sensibilisation des plus jeunes g\u00e9n\u00e9rations. Car si la maladie touche majoritairement les femmes apr\u00e8s 50 ans, l\u2019information d\u00e8s le plus jeune \u00e2ge contribue \u00e0 cr\u00e9er une culture de pr\u00e9vention.<\/p>\n<blockquote><p>La course est une f\u00eate, mais elle est surtout un message fort : chacun peut jouer un r\u00f4le dans la lutte contre le cancer du sein .\u00a0\u00bb<\/p><\/blockquote>\n<blockquote><\/blockquote>\n<p>Un village solidaire et festif<\/p>\n<p>Le Ruban Rose 2025, ce n\u2019est pas seulement une ligne de d\u00e9part et d\u2019arriv\u00e9e. C\u2019est aussi un village solidaire install\u00e9 sur les quais, o\u00f9 associations, chercheurs et b\u00e9n\u00e9voles cr\u00e9ent un espace de rencontre et d\u2019\u00e9changes. Animations musicales, ateliers de bien-\u00eatre, d\u00e9monstrations sportives et prises de parole rythment la journ\u00e9e.<\/p>\n<p>Cette dimension conviviale favorise l\u2019adh\u00e9sion des familles et renforce la dimension \u00e9ducative de l\u2019\u00e9v\u00e9nement. Les stands proposent des activit\u00e9s adapt\u00e9es aux enfants, sensibilisant ainsi d\u00e8s le plus jeune \u00e2ge \u00e0 l\u2019importance de la sant\u00e9 et du sport.<\/p>\n<p>L\u2019impact \u00e9conomique et touristique \u00e0 Bordeaux<\/p>\n<p>Avec plusieurs milliers de participants venus de toute la Nouvelle-Aquitaine, le Ruban Rose a \u00e9galement un impact positif sur la ville. H\u00f4tellerie, restauration et commerces b\u00e9n\u00e9ficient de l\u2019afflux de visiteurs, contribuant \u00e0 l\u2019animation \u00e9conomique du centre-ville.<\/p>\n<p>Les images des quais bordelais envahis par un flot rose sont r\u00e9guli\u00e8rement relay\u00e9es sur les r\u00e9seaux sociaux, offrant \u00e0 la m\u00e9tropole une visibilit\u00e9 qui d\u00e9passe les fronti\u00e8res r\u00e9gionales.<\/p>\n<p>Les chiffres cl\u00e9s du Ruban Rose<\/p>\n<p>L\u2019\u00e9dition 2024 avait rassembl\u00e9 pr\u00e8s de 15 000 participants \u00e0 Bordeaux, g\u00e9n\u00e9rant plusieurs centaines de milliers d\u2019euros de dons. Pour 2025, les organisateurs esp\u00e8rent franchir un nouveau cap et consolider la place de Bordeaux parmi les villes phares du challenge national.<\/p>\n<ul>&#13;<\/p>\n<li>Participants attendus : plus de 15 000<\/li>\n<p>&#13;<\/p>\n<li>Fonds revers\u00e9s : environ 400 000 euros en 2024<\/li>\n<p>&#13;<\/p>\n<li>Parcours : 5 km et 10 km course, marche conviviale<\/li>\n<p>&#13;<\/p>\n<li>\u00c9dition :<strong> 21e en 2025, les 25 et 26 octobre 2025<\/strong><\/li>\n<p>&#13;\n<\/ul>\n<p>Les t\u00e9moignages de participantes marquent chaque \u00e9dition. Certaines courent en hommage \u00e0 une proche disparue, d\u2019autres pour c\u00e9l\u00e9brer leur r\u00e9mission. Cette mosa\u00efque d\u2019histoires personnelles nourrit la force collective du Ruban Rose.<\/p>\n<blockquote><p>Courir ici, c\u2019est transformer une douleur intime en \u00e9nergie partag\u00e9e ! \u00ab\u00a0<\/p><\/blockquote>\n<p><img decoding=\"async\" src=\"https:\/\/www.europesays.com\/fr\/wp-content\/uploads\/2025\/09\/Bordeaux_octobre-Ruban_Rose_affiche_2025.webp.webp\" alt=\"Bordeaux octobre Ruban Rose affiche 2025\" width=\"399\" height=\"710\" style=\"display: block; margin-left: auto; margin-right: auto;\" loading=\"lazy\"\/><\/p>\n<p>Un engagement qui d\u00e9passe la course<\/p>\n<p>Le Ruban Rose s\u2019inscrit dans une campagne plus vaste, prolong\u00e9e tout au long de l\u2019ann\u00e9e par des actions de sensibilisation dans les entreprises, les \u00e9coles et les collectivit\u00e9s. L\u2019\u00e9v\u00e9nement bordelais agit comme un catalyseur, donnant de l\u2019\u00e9lan aux initiatives locales.<\/p>\n<p>La recherche m\u00e9dicale b\u00e9n\u00e9ficie directement de ces mobilisations. Les financements r\u00e9colt\u00e9s permettent de soutenir des projets novateurs, notamment dans les domaines de la g\u00e9n\u00e9tique, de l\u2019immunoth\u00e9rapie et du suivi post-traitement.<\/p>\n<p>Bordeaux, ville engag\u00e9e pour la sant\u00e9<\/p>\n<p>La ville de Bordeaux, par son soutien logistique et institutionnel, s\u2019affirme comme un partenaire essentiel. Les quais de la Garonne offrent un cadre unique qui symbolise l\u2019alliance entre patrimoine et modernit\u00e9, renfor\u00e7ant l\u2019image d\u2019une cit\u00e9 tourn\u00e9e vers la solidarit\u00e9.<\/p>\n<p>En 2025, la municipalit\u00e9 s\u2019associe une nouvelle fois \u00e0 l\u2019\u00e9v\u00e9nement, mobilisant ses services techniques et promouvant l\u2019action aupr\u00e8s des habitants.<\/p>\n<p>\u00c0 l\u2019heure o\u00f9 la recherche progresse rapidement, le Ruban Rose conserve toute sa pertinence. La 21e \u00e9dition bordelaise rappelle qu\u2019au-del\u00e0 des chiffres et des performances, chaque foul\u00e9e est un pas de plus vers une soci\u00e9t\u00e9 plus consciente et solidaire.<\/p>\n<blockquote><p>&#13;<\/p>\n<p>Pour info, Ruban Rose \u00e0 Lille c&rsquo;est le 5 octobre 2025 !<\/p>\n<p>&#13;\n<\/p><\/blockquote>\n<p><img decoding=\"async\" src=\"https:\/\/www.europesays.com\/fr\/wp-content\/uploads\/2025\/04\/favicon.png\" alt=\"FAVICO\" width=\"60\" height=\"60\" loading=\"lazy\"\/>Sources de l&rsquo;article<\/p>\n<ul>&#13;<\/p>\n<li>Challenge du Ruban Rose \u2013 Bordeaux : challengedurubanrose.fr<\/li>\n<p>&#13;<\/p>\n<li>Communiqu\u00e9s officiels de la Ville de Bordeaux<\/li>\n<p>&#13;<\/p>\n<li>Vid\u00e9o Challenge du Ruban Rose<\/li>\n<p>&#13;<\/p>\n<li>Photo \u00e0 la Une\u00a0: Tous droits r\u00e9serv\u00e9s \u00a9\ufe0f Marc Chaillou<\/li>\n<p>&#13;\n<\/ul>\n","protected":false},"excerpt":{"rendered":"Au bord de la Garonne, des milliers de pas battent le pav\u00e9 dans une m\u00eame \u00e9nergie ! Le&hellip;\n","protected":false},"author":2,"featured_media":426203,"comment_status":"","ping_status":"","sticky":false,"template":"","format":"standard","meta":{"footnotes":""},"categories":[2817],"tags":[1111,11,1997,1777,674,1011,27,12,2219,25],"class_list":{"0":"post-426202","1":"post","2":"type-post","3":"status-publish","4":"format-standard","5":"has-post-thumbnail","7":"category-bordeaux","8":"tag-actu","9":"tag-actualites","10":"tag-bordeaux","11":"tag-eu","12":"tag-europe","13":"tag-fr","14":"tag-france","15":"tag-news","16":"tag-nouvelle-aquitaine","17":"tag-republique-francaise"},"share_on_mastodon":{"url":"https:\/\/pubeurope.com\/@fr\/115287899926991809","error":""},"_links":{"self":[{"href":"https:\/\/www.europesays.com\/fr\/wp-json\/wp\/v2\/posts\/426202","targetHints":{"allow":["GET"]}}],"collection":[{"href":"https:\/\/www.europesays.com\/fr\/wp-json\/wp\/v2\/posts"}],"about":[{"href":"https:\/\/www.europesays.com\/fr\/wp-json\/wp\/v2\/types\/post"}],"author":[{"embeddable":true,"href":"https:\/\/www.europesays.com\/fr\/wp-json\/wp\/v2\/users\/2"}],"replies":[{"embeddable":true,"href":"https:\/\/www.europesays.com\/fr\/wp-json\/wp\/v2\/comments?post=426202"}],"version-history":[{"count":0,"href":"https:\/\/www.europesays.com\/fr\/wp-json\/wp\/v2\/posts\/426202\/revisions"}],"wp:featuredmedia":[{"embeddable":true,"href":"https:\/\/www.europesays.com\/fr\/wp-json\/wp\/v2\/media\/426203"}],"wp:attachment":[{"href":"https:\/\/www.europesays.com\/fr\/wp-json\/wp\/v2\/media?parent=426202"}],"wp:term":[{"taxonomy":"category","embeddable":true,"href":"https:\/\/www.europesays.com\/fr\/wp-json\/wp\/v2\/categories?post=426202"},{"taxonomy":"post_tag","embeddable":true,"href":"https:\/\/www.europesays.com\/fr\/wp-json\/wp\/v2\/tags?post=426202"}],"curies":[{"name":"wp","href":"https:\/\/api.w.org\/{rel}","templated":true}]}}