{"id":426204,"date":"2025-09-29T13:48:17","date_gmt":"2025-09-29T13:48:17","guid":{"rendered":"https:\/\/www.europesays.com\/fr\/426204\/"},"modified":"2025-09-29T13:48:17","modified_gmt":"2025-09-29T13:48:17","slug":"gael-kakuta-heureusement-que-je-nai-pas-signe-a-bordeaux","status":"publish","type":"post","link":"https:\/\/www.europesays.com\/fr\/426204\/","title":{"rendered":"Ga\u00ebl Kakuta : \u00ab\u00a0Heureusement que je n\u2019ai pas sign\u00e9 \u00e0 Bordeaux\u00a0\u00bb"},"content":{"rendered":"<p><img width=\"773\" height=\"380\" data-lazy-type=\"image\" src=\"https:\/\/www.europesays.com\/fr\/wp-content\/uploads\/2025\/09\/bandicam-2023-02-27-21-30-53-455_resultat-773x380.jpg\" class=\"lazy lazy-hidden attachment-alchemists_thumbnail-lg size-alchemists_thumbnail-lg wp-post-image\" alt=\"\" decoding=\"async\" fetchpriority=\"high\"\/><\/p>\n<p>Sur RMC, <strong>Ga\u00ebl Kakuta<\/strong> s\u2019est rem\u00e9mor\u00e9 son d\u00e9part<br \/>\nd\u2019Amiens pour l\u2019Iran en 2024-2025, et plus pr\u00e9cis\u00e9ment l\u2019Esteghlal<br \/>\nFC. Si les Girondins de Bordeaux n\u2019\u00e9taient pas tomb\u00e9s \u00e0 ce<br \/>\nmoment-l\u00e0 dans le monde amateur, il aurait pu y signer.<\/p>\n<blockquote>\n<p>\u00ab En Iran, je n\u2019ai pas envie d\u2019y aller. Six mois avant, on joue<br \/>\nla CAN avec le Congo, \u00e7a se passe tr\u00e8s bien, et Besiktas vient<br \/>\nprendre des informations. On discute tr\u00e8s bien, je suis \u00e0 deux<br \/>\ndoigts d\u2019y signer, sauf que c\u2019\u00e9tait entre moi et James Rodriguez.<br \/>\n\u00c7a ne s\u2019est pas fait \u00e0 la derni\u00e8re minute, du coup je retourne \u00e0<br \/>\nAmiens, et je me dis que c\u2019est quand m\u00eame bien, que c\u2019est motivant,<br \/>\nqu\u2019il y a eu quand m\u00eame l\u2019int\u00e9r\u00eat d\u2019un bon club. Je finis bien ma<br \/>\nsaison, et \u00e0 la fin de saison il y a des clubs qui sont int\u00e9ress\u00e9s.<br \/>\nIl y en avait d\u00e9j\u00e0 pas mal en janvier pendant la CAN, mais je me<br \/>\nsuis dit que j\u2019allais finir ma saison et qu\u2019on verrait en \u00e9t\u00e9.<br \/>\nArriv\u00e9 \u00e0 l\u2019\u00e9t\u00e9, il n\u2019y a quasiment plus personne. Il y a Bordeaux<br \/>\nqui\u2026 On me parle de Bordeaux sauf qu\u2019une semaine apr\u00e8s, on me parle<br \/>\nde la chute de Bordeaux, du coup heureusement que je n\u2019ai pas sign\u00e9<br \/>\n\u00e0 Bordeaux (rires). Avec tout le respect que j\u2019ai pour Bordeaux,<br \/>\nmais heureusement\u2026 (sourire). Et il y avait d\u2019autres clubs, mais ce<br \/>\nn\u2019\u00e9tait pas trop \u00e7a. Il y avait des clubs turcs aussi. Finalement,<br \/>\nje re\u00e7ois un message, et une femme agent qui me parle\u2026 Je vois les<br \/>\ndrapeaux Emirats Arabes, je me dis qu\u2019on va se mettre bien une<br \/>\nderni\u00e8re fois quand m\u00eame (rires). Elle \u00e9crit \u00e0 mon agent, et<br \/>\nfinalement \u00e7a me parle d\u2019Iran. Je dis que je ne vais pas y aller,<br \/>\nsauf que plus le temps passe, et plus ils sont s\u00e9rieux. Ils me font<br \/>\nun vrai contrat\u2026 Je me dis que bon\u2026 J\u2019avais fait beaucoup de pays,<br \/>\nmais l\u00e0 c\u2019est l\u2019Iran quand m\u00eame. J\u2019ai eu aussi un probl\u00e8me avec les<br \/>\nimp\u00f4ts, je me suis mang\u00e9 une bonne poutre ici en France (rires),<br \/>\ndonc je me dis que \u00e7a va quand m\u00eame m\u2019aider\u2026 J\u2019\u00e9tais en train de me<br \/>\ndire que j\u2019allais arr\u00eater, et je n\u2019ai pas envie d\u2019y aller jusqu\u2019\u00e0<br \/>\nla derni\u00e8re minute\u2026 C\u2019est l\u00e0 que ma vie a bascul\u00e9 parce que c\u2019est<br \/>\nl\u00e0-bas que je trouve J\u00e9sus\u2026 Il y a quelque chose qui m\u2019envoie<br \/>\nl\u00e0-bas, c\u2019est vraiment le Saint-Esprit qui me pousse \u00e0 y aller\u2026<br \/>\n\u00bb.<\/p>\n<\/blockquote>\n<p style=\"text-align: right;\"><a href=\"http:\/\/girondins4ever.com\" rel=\"nofollow noopener\" target=\"_blank\">Retranscription Girondins4Ever<\/a><\/p><\/p>\n","protected":false},"excerpt":{"rendered":"Sur RMC, Ga\u00ebl Kakuta s\u2019est rem\u00e9mor\u00e9 son d\u00e9part d\u2019Amiens pour l\u2019Iran en 2024-2025, et plus pr\u00e9cis\u00e9ment l\u2019Esteghlal FC.&hellip;\n","protected":false},"author":2,"featured_media":426205,"comment_status":"","ping_status":"","sticky":false,"template":"","format":"standard","meta":{"footnotes":""},"categories":[2817],"tags":[1111,11,1997,1777,674,1011,27,12,2219,25],"class_list":{"0":"post-426204","1":"post","2":"type-post","3":"status-publish","4":"format-standard","5":"has-post-thumbnail","7":"category-bordeaux","8":"tag-actu","9":"tag-actualites","10":"tag-bordeaux","11":"tag-eu","12":"tag-europe","13":"tag-fr","14":"tag-france","15":"tag-news","16":"tag-nouvelle-aquitaine","17":"tag-republique-francaise"},"share_on_mastodon":{"url":"https:\/\/pubeurope.com\/@fr\/115287903718314786","error":""},"_links":{"self":[{"href":"https:\/\/www.europesays.com\/fr\/wp-json\/wp\/v2\/posts\/426204","targetHints":{"allow":["GET"]}}],"collection":[{"href":"https:\/\/www.europesays.com\/fr\/wp-json\/wp\/v2\/posts"}],"about":[{"href":"https:\/\/www.europesays.com\/fr\/wp-json\/wp\/v2\/types\/post"}],"author":[{"embeddable":true,"href":"https:\/\/www.europesays.com\/fr\/wp-json\/wp\/v2\/users\/2"}],"replies":[{"embeddable":true,"href":"https:\/\/www.europesays.com\/fr\/wp-json\/wp\/v2\/comments?post=426204"}],"version-history":[{"count":0,"href":"https:\/\/www.europesays.com\/fr\/wp-json\/wp\/v2\/posts\/426204\/revisions"}],"wp:featuredmedia":[{"embeddable":true,"href":"https:\/\/www.europesays.com\/fr\/wp-json\/wp\/v2\/media\/426205"}],"wp:attachment":[{"href":"https:\/\/www.europesays.com\/fr\/wp-json\/wp\/v2\/media?parent=426204"}],"wp:term":[{"taxonomy":"category","embeddable":true,"href":"https:\/\/www.europesays.com\/fr\/wp-json\/wp\/v2\/categories?post=426204"},{"taxonomy":"post_tag","embeddable":true,"href":"https:\/\/www.europesays.com\/fr\/wp-json\/wp\/v2\/tags?post=426204"}],"curies":[{"name":"wp","href":"https:\/\/api.w.org\/{rel}","templated":true}]}}