{"id":426211,"date":"2025-09-29T13:52:22","date_gmt":"2025-09-29T13:52:22","guid":{"rendered":"https:\/\/www.europesays.com\/fr\/426211\/"},"modified":"2025-09-29T13:52:22","modified_gmt":"2025-09-29T13:52:22","slug":"lol-a-mis-fin-a-une-folle-serie-du-losc-ligue-1-j6-losc-ol-0-1","status":"publish","type":"post","link":"https:\/\/www.europesays.com\/fr\/426211\/","title":{"rendered":"L&rsquo;OL a mis fin \u00e0 une folle s\u00e9rie du LOSC &#8211; Ligue 1 &#8211; J6 &#8211; LOSC-OL (0-1)"},"content":{"rendered":"<p>La fin de l\u2019abonnement \u00ab\u00a0C\u00e9l\u00e9brer un but \u00e0 Pierre-Mauroy\u202f\u202f\u00bb.<\/p>\n<p><a target=\"_blank\" href=\"https:\/\/www.sofoot.com\/breves\/lille-manque-de-se-ressaisir-face-a-lyon\" rel=\"nofollow noopener\">D\u00e9fait<\/a> sur la plus petite des marges, ce dimanche face \u00e0 l\u2019Olympique lyonnais (0-1), le LOSC a mis fin \u00e0 la meilleure s\u00e9rie du top 5 europ\u00e9en. Depuis le <a target=\"_blank\" href=\"https:\/\/www.sofoot.com\/breves\/lille-enfonce-strasbourg\" rel=\"nofollow noopener\">12 f\u00e9vrier 2023 et une victoire face \u00e0 Strasbourg (2-0),<\/a> les Lillois ne cessaient de marquer au moins un but dans leur stade Pierre-Mauroy.<\/p>\n<p>Apr\u00e8s 60 matchs cons\u00e9cutifs avec au moins un pion inscrit \u00e0 domicile, dont le <a target=\"_blank\" href=\"https:\/\/www.sofoot.com\/articles\/ligue-europa-olivier-giroud-sort-lille-du-piege-tendu-par-brann\" rel=\"nofollow noopener\">dernier par Olivier Giroud en Ligue Europa contre le SK Brann,<\/a> les supporters des Dogues n\u2019ont pas pu exulter dans leur enceinte pour la premi\u00e8re fois depuis plus de deux ans et demi.<\/p>\n<blockquote class=\"twitter-tweet\">\n<p lang=\"fr\" dir=\"ltr\">Le LOSC a marqu\u00e9 \ud835\udc82\ud835\udc96 \ud835\udc8e\ud835\udc90\ud835\udc8a\ud835\udc8f\ud835\udc94 \ud835\udc96\ud835\udc8f \ud835\udc83\ud835\udc96\ud835\udc95 lors de ses 60 derniers matchs \u00e0 domicile \ud83d\udc4f<br \/>\nC&rsquo;est (de loin) la plus longue s\u00e9rie en cours parmi les \u00e9quipes du Top 5, devant le Real Madrid (24 matchs) \ud83e\udee1<br \/>\nPour l&rsquo;occasion, on revoit 60 buts, 1 par match, en 60 secondes \ud83e\udee1\u2026 <a target=\"_blank\" href=\"https:\/\/t.co\/iPzojb6zHF\" rel=\"nofollow\">pic.twitter.com\/iPzojb6zHF<\/a><\/p>\n<p>\u2014 LOSC (@losclive) <a target=\"_blank\" href=\"https:\/\/twitter.com\/losclive\/status\/1971590081111609846?ref_src=twsrc%5Etfw\" rel=\"nofollow noopener\">September 26, 2025<\/a><\/p><\/blockquote>\n<p>Le Real Madrid succ\u00e8de au LOSC<\/p>\n<p><strong>Le LOSC c\u00e8de d\u00e9sormais sa place au Real Madrid<\/strong>, avec au moins un but marqu\u00e9 au Santiago-Bernab\u00e9u <strong>depuis seulement 24 matchs,<\/strong> quasiment trois fois moins de rencontres que les Dogues. On retiendra dans ce record les 130 buts lillois \u00e0 la maison face \u00e0 37 adversaires diff\u00e9rents. Heureusement, c\u2019est le<strong> PSG, leader et deuxi\u00e8me meilleure d\u00e9fense du championnat, qui se pr\u00e9sente dans le Nord le week-end prochain.<\/strong><\/p>\n<p><a target=\"_blank\" href=\"https:\/\/www.sofoot.com\/breves\/olivier-letang-fracasse-larbitrage-francais-apres-lille-ol#goog_rewarded\" rel=\"nofollow noopener\">Tout \u00e7a \u00e0 cause de Micka\u00ebl Landreau\u2026<\/a><\/p>\n<p>\t\t\t\t\t\t\t\t\t\t<a class=\"lien-connexe\" href=\"https:\/\/www.sofoot.com\/articles\/le-losc-et-olivier-letang-sen-prennent-a-larbitrage-des-dogues-dans-la-matrice\" rel=\"nofollow noopener\" target=\"_blank\">Contestatations envers les arbitres\u202f: des Dogues dans la matrice<\/a>\t\t\t\t\t<script async src=\"https:\/\/platform.twitter.com\/widgets.js\" charset=\"utf-8\"><\/script><\/p>\n","protected":false},"excerpt":{"rendered":"La fin de l\u2019abonnement \u00ab\u00a0C\u00e9l\u00e9brer un but \u00e0 Pierre-Mauroy\u202f\u202f\u00bb. D\u00e9fait sur la plus petite des marges, ce dimanche&hellip;\n","protected":false},"author":2,"featured_media":426212,"comment_status":"","ping_status":"","sticky":false,"template":"","format":"standard","meta":{"footnotes":""},"categories":[2815],"tags":[1111,47,11,61,69,65,64,1777,674,63,1011,27,811,68,66,1307,12,62,70,25,67],"class_list":{"0":"post-426211","1":"post","2":"type-post","3":"status-publish","4":"format-standard","5":"has-post-thumbnail","7":"category-lille","8":"tag-actu","9":"tag-actualite","10":"tag-actualites","11":"tag-actus-football","12":"tag-bundesliga","13":"tag-championnats-europeens","14":"tag-equipe-de-france","15":"tag-eu","16":"tag-europe","17":"tag-football","18":"tag-fr","19":"tag-france","20":"tag-hauts-de-france","21":"tag-ligua","22":"tag-ligue-1","23":"tag-lille","24":"tag-news","25":"tag-news-foot","26":"tag-premier-league","27":"tag-republique-francaise","28":"tag-serie-a"},"share_on_mastodon":{"url":"https:\/\/pubeurope.com\/@fr\/115287919582781888","error":""},"_links":{"self":[{"href":"https:\/\/www.europesays.com\/fr\/wp-json\/wp\/v2\/posts\/426211","targetHints":{"allow":["GET"]}}],"collection":[{"href":"https:\/\/www.europesays.com\/fr\/wp-json\/wp\/v2\/posts"}],"about":[{"href":"https:\/\/www.europesays.com\/fr\/wp-json\/wp\/v2\/types\/post"}],"author":[{"embeddable":true,"href":"https:\/\/www.europesays.com\/fr\/wp-json\/wp\/v2\/users\/2"}],"replies":[{"embeddable":true,"href":"https:\/\/www.europesays.com\/fr\/wp-json\/wp\/v2\/comments?post=426211"}],"version-history":[{"count":0,"href":"https:\/\/www.europesays.com\/fr\/wp-json\/wp\/v2\/posts\/426211\/revisions"}],"wp:featuredmedia":[{"embeddable":true,"href":"https:\/\/www.europesays.com\/fr\/wp-json\/wp\/v2\/media\/426212"}],"wp:attachment":[{"href":"https:\/\/www.europesays.com\/fr\/wp-json\/wp\/v2\/media?parent=426211"}],"wp:term":[{"taxonomy":"category","embeddable":true,"href":"https:\/\/www.europesays.com\/fr\/wp-json\/wp\/v2\/categories?post=426211"},{"taxonomy":"post_tag","embeddable":true,"href":"https:\/\/www.europesays.com\/fr\/wp-json\/wp\/v2\/tags?post=426211"}],"curies":[{"name":"wp","href":"https:\/\/api.w.org\/{rel}","templated":true}]}}