{"id":426217,"date":"2025-09-29T13:55:10","date_gmt":"2025-09-29T13:55:10","guid":{"rendered":"https:\/\/www.europesays.com\/fr\/426217\/"},"modified":"2025-09-29T13:55:10","modified_gmt":"2025-09-29T13:55:10","slug":"un-defile-de-mode-pour-le-coup-denvoi-doctobre-rose-a-lyon","status":"publish","type":"post","link":"https:\/\/www.europesays.com\/fr\/426217\/","title":{"rendered":"Un d\u00e9fil\u00e9 de mode pour le coup d\u2019envoi d\u2019Octobre rose \u00e0 Lyon"},"content":{"rendered":"<p itemprop=\"description\"><strong>L\u2019objectif reste le m\u00eame chaque ann\u00e9e.<\/strong><\/p>\n<p>Coup d\u2019envoi ce mercredi d\u2019Octobre rose, le mois de sensibilisation au d\u00e9pistage du cancer du sein. Les initiatives seront encore nombreuses cette ann\u00e9e \u00e0 Lyon et dans le Rh\u00f4ne.<\/p>\n<p>L\u2019association Courir pour elles a notamment d\u00e9cid\u00e9 d\u2019organiser un lancement de l\u2019op\u00e9ration \u00e0 Lyon. Le rendez-vous est donn\u00e9 ce mercredi 1er octobre \u00e0 partir de 17h30 au sein de la cour du cabinet Omnium dans le 2e arrondissement. La soir\u00e9e d\u00e9butera par un d\u00e9fil\u00e9 \u00ab\u00a0En rose\u00a0\u00bb r\u00e9alis\u00e9 par les \u00e9tudiants d\u2019ESMOD Lyon. Une inauguration officielle est pr\u00e9vue \u00e0 18h en pr\u00e9sence de la marraine de l\u2019\u00e9v\u00e8nement, la cr\u00e9atrice lyonnaise <strong>Nathalie Chaize<\/strong>. Un flashmob des commer\u00e7ants est aussi pr\u00e9vu.<\/p>\n<p>A noter que tous les fonds r\u00e9colt\u00e9s seront revers\u00e9s \u00e0 l\u2019association Courir pour elles pour soutenir la pr\u00e9vention des cancers f\u00e9minins et accompagner les femmes en soins.<\/p>\n<blockquote class=\"instagram-media\" style=\"background: #FFF; border: 0; border-radius: 3px; box-shadow: 0 0 1px 0 rgba(0,0,0,0.5),0 1px 10px 0 rgba(0,0,0,0.15); margin: 1px; max-width: 540px; min-width: 326px; padding: 0; width: calc(100% - 2px);\" data-instgrm-captioned=\"\" data-instgrm-permalink=\"https:\/\/www.instagram.com\/p\/DPB3kbrkbkw\/?utm_source=ig_embed&amp;utm_campaign=loading\" data-instgrm-version=\"14\"><p>&#13;<br \/>\n&#13;\n<\/p><\/blockquote>\n<p>\t\t  <script async src=\"\/\/www.instagram.com\/embed.js\"><\/script><\/p>\n","protected":false},"excerpt":{"rendered":"L\u2019objectif reste le m\u00eame chaque ann\u00e9e. Coup d\u2019envoi ce mercredi d\u2019Octobre rose, le mois de sensibilisation au d\u00e9pistage&hellip;\n","protected":false},"author":2,"featured_media":426218,"comment_status":"","ping_status":"","sticky":false,"template":"","format":"standard","meta":{"footnotes":""},"categories":[1889],"tags":[1111,11,2813,2190,2430,1109,251,1112,2811,1777,674,118,1294,4651,1011,27,1922,1110,1114,2428,4903,4902,12,241,316,25,2812,517,800],"class_list":{"0":"post-426217","1":"post","2":"type-post","3":"status-publish","4":"format-standard","5":"has-post-thumbnail","7":"category-lyon","8":"tag-actu","9":"tag-actualites","10":"tag-article","11":"tag-asvel","12":"tag-auvergne-rhone-alpes","13":"tag-breves","14":"tag-culture","15":"tag-depeches","16":"tag-economique","17":"tag-eu","18":"tag-europe","19":"tag-faits-divers","20":"tag-femme","21":"tag-femmes","22":"tag-fr","23":"tag-france","24":"tag-info","25":"tag-informations","26":"tag-infos","27":"tag-lyon","28":"tag-lyonfemme","29":"tag-lyonfemmes","30":"tag-news","31":"tag-ol","32":"tag-politique","33":"tag-republique-francaise","34":"tag-sociale","35":"tag-sport","36":"tag-transports"},"share_on_mastodon":{"url":"https:\/\/pubeurope.com\/@fr\/115287931278341754","error":""},"_links":{"self":[{"href":"https:\/\/www.europesays.com\/fr\/wp-json\/wp\/v2\/posts\/426217","targetHints":{"allow":["GET"]}}],"collection":[{"href":"https:\/\/www.europesays.com\/fr\/wp-json\/wp\/v2\/posts"}],"about":[{"href":"https:\/\/www.europesays.com\/fr\/wp-json\/wp\/v2\/types\/post"}],"author":[{"embeddable":true,"href":"https:\/\/www.europesays.com\/fr\/wp-json\/wp\/v2\/users\/2"}],"replies":[{"embeddable":true,"href":"https:\/\/www.europesays.com\/fr\/wp-json\/wp\/v2\/comments?post=426217"}],"version-history":[{"count":0,"href":"https:\/\/www.europesays.com\/fr\/wp-json\/wp\/v2\/posts\/426217\/revisions"}],"wp:featuredmedia":[{"embeddable":true,"href":"https:\/\/www.europesays.com\/fr\/wp-json\/wp\/v2\/media\/426218"}],"wp:attachment":[{"href":"https:\/\/www.europesays.com\/fr\/wp-json\/wp\/v2\/media?parent=426217"}],"wp:term":[{"taxonomy":"category","embeddable":true,"href":"https:\/\/www.europesays.com\/fr\/wp-json\/wp\/v2\/categories?post=426217"},{"taxonomy":"post_tag","embeddable":true,"href":"https:\/\/www.europesays.com\/fr\/wp-json\/wp\/v2\/tags?post=426217"}],"curies":[{"name":"wp","href":"https:\/\/api.w.org\/{rel}","templated":true}]}}