{"id":426219,"date":"2025-09-29T13:56:12","date_gmt":"2025-09-29T13:56:12","guid":{"rendered":"https:\/\/www.europesays.com\/fr\/426219\/"},"modified":"2025-09-29T13:56:12","modified_gmt":"2025-09-29T13:56:12","slug":"lentreprise-lyonnaise-aci-group-placee-en-redressement-judiciaire","status":"publish","type":"post","link":"https:\/\/www.europesays.com\/fr\/426219\/","title":{"rendered":"l\u2019entreprise lyonnaise ACI Group plac\u00e9e en redressement judiciaire"},"content":{"rendered":"<p>Le pr\u00e9sident et le directeur g\u00e9n\u00e9ral du groupe ont tous deux confirm\u00e9 le placement en redressement judiciaire de la soci\u00e9t\u00e9 ACI Group, apr\u00e8s une information du quotidien <a href=\"https:\/\/www.lesechos.fr\/industrie-services\/industrie-lourde\/le-serial-repreneur-industriel-aci-groupe-place-en-redressement-judiciaire-2188783\" target=\"_blank\" rel=\"nofollow noopener\">Les Echos<\/a> , tout en pr\u00e9cisant qu&rsquo; \u00ab\u00a0il ne s\u2019agit que de la holding financi\u00e8re du groupe et pas les dizaines d\u2019autres soci\u00e9t\u00e9s qui portent les activit\u00e9s industrielles et fonctionnent normalement\u00a0\u00bb.<\/p>\n<p>Depuis sa cr\u00e9ation en 2019, le groupe rh\u00f4nalpin, fond\u00e9 et dirig\u00e9 par Philippe Rivi\u00e8re et Patrice Rives, a rachet\u00e9 plus d\u2019une trentaine de soci\u00e9t\u00e9s, pour nombre d\u2019entre elles \u00e0 la barre de tribunaux de commerce.<\/p>\n<p>  Le groupe va faire appel<\/p>\n<p>Au cours du mois de septembre, ACI Group a fait marche arri\u00e8re dans deux op\u00e9rations de croissance externe sur lesquelles il \u00e9tait int\u00e9ress\u00e9\u00a0: le rachat du fabricant sarthois de cartes \u00e9lectroniques Belink Solutions (140 salari\u00e9s) et la reprise partielle du m\u00e9tallurgiste mosellan NovAsco (750 salari\u00e9s).<\/p>\n<p>Philippe Rivi\u00e8re, pr\u00e9sident et actionnaire majoritaire du groupe qui compte 1\u00a0400 salari\u00e9s en France, a annonc\u00e9 qu\u2019il va \u00ab\u00a0faire appel de la d\u00e9cision rendue jeudi par le tribunal\u00a0\u00bb, sur fond de d\u00e9saccord avec le directeur g\u00e9n\u00e9ral Patrice Rives, \u00e9galement actionnaire minoritaire.<\/p>\n<p>Un repr\u00e9sentant des salari\u00e9s, d\u00e9l\u00e9gu\u00e9 syndical CGT, a pour sa part d\u00e9nonc\u00e9 une \u00ab\u00a0gestion opaque\u00a0\u00bb d\u2019ACI Group.<\/p>\n<p>La soci\u00e9t\u00e9 pr\u00e9voit de r\u00e9aliser un chiffre d\u2019affaires proche de 150\u00a0millions d\u2019euros sur l\u2019exercice 2025 (cl\u00f4ture fin septembre).<\/p>\n","protected":false},"excerpt":{"rendered":"Le pr\u00e9sident et le directeur g\u00e9n\u00e9ral du groupe ont tous deux confirm\u00e9 le placement en redressement judiciaire de&hellip;\n","protected":false},"author":2,"featured_media":426220,"comment_status":"","ping_status":"","sticky":false,"template":"","format":"standard","meta":{"footnotes":""},"categories":[1889],"tags":[1111,11,2430,4406,33,3152,2757,893,1777,674,107,1011,27,2428,2756,12,25,2429,4605],"class_list":{"0":"post-426219","1":"post","2":"type-post","3":"status-publish","4":"format-standard","5":"has-post-thumbnail","7":"category-lyon","8":"tag-actu","9":"tag-actualites","10":"tag-auvergne-rhone-alpes","11":"tag-commerce-et-services","12":"tag-economie","13":"tag-edition-est-lyonnais","14":"tag-edition-lyon-villeurbanne","15":"tag-energie","16":"tag-eu","17":"tag-europe","18":"tag-fil-info","19":"tag-fr","20":"tag-france","21":"tag-lyon","22":"tag-lyon-bassin","23":"tag-news","24":"tag-republique-francaise","25":"tag-rhone","26":"tag-saint-priest"},"share_on_mastodon":{"url":"https:\/\/pubeurope.com\/@fr\/115287935258118092","error":""},"_links":{"self":[{"href":"https:\/\/www.europesays.com\/fr\/wp-json\/wp\/v2\/posts\/426219","targetHints":{"allow":["GET"]}}],"collection":[{"href":"https:\/\/www.europesays.com\/fr\/wp-json\/wp\/v2\/posts"}],"about":[{"href":"https:\/\/www.europesays.com\/fr\/wp-json\/wp\/v2\/types\/post"}],"author":[{"embeddable":true,"href":"https:\/\/www.europesays.com\/fr\/wp-json\/wp\/v2\/users\/2"}],"replies":[{"embeddable":true,"href":"https:\/\/www.europesays.com\/fr\/wp-json\/wp\/v2\/comments?post=426219"}],"version-history":[{"count":0,"href":"https:\/\/www.europesays.com\/fr\/wp-json\/wp\/v2\/posts\/426219\/revisions"}],"wp:featuredmedia":[{"embeddable":true,"href":"https:\/\/www.europesays.com\/fr\/wp-json\/wp\/v2\/media\/426220"}],"wp:attachment":[{"href":"https:\/\/www.europesays.com\/fr\/wp-json\/wp\/v2\/media?parent=426219"}],"wp:term":[{"taxonomy":"category","embeddable":true,"href":"https:\/\/www.europesays.com\/fr\/wp-json\/wp\/v2\/categories?post=426219"},{"taxonomy":"post_tag","embeddable":true,"href":"https:\/\/www.europesays.com\/fr\/wp-json\/wp\/v2\/tags?post=426219"}],"curies":[{"name":"wp","href":"https:\/\/api.w.org\/{rel}","templated":true}]}}