{"id":426225,"date":"2025-09-29T13:59:11","date_gmt":"2025-09-29T13:59:11","guid":{"rendered":"https:\/\/www.europesays.com\/fr\/426225\/"},"modified":"2025-09-29T13:59:11","modified_gmt":"2025-09-29T13:59:11","slug":"pourquoi-leur-circulation-vers-berlin-et-vienne-va-sinterrompre-a-partir-du-14-decembre","status":"publish","type":"post","link":"https:\/\/www.europesays.com\/fr\/426225\/","title":{"rendered":"pourquoi leur circulation vers Berlin et Vienne va s&rsquo;interrompre \u00e0 partir du 14 d\u00e9cembre"},"content":{"rendered":"<p class=\"article-p mdl\">\u00c0 partir du 14 d\u00e9cembre, les trains de nuit Vienne-Paris et Berlin-Paris ne circuleront plus, \u00ab\u00a0apr\u00e8s le retrait des partenaires fran\u00e7ais\u00a0\u00bb, a annonc\u00e9 la compagnie ferroviaire autrichienne \u00d6BB dans un communiqu\u00e9 lundi 29 septembre.\u00a0<\/p>\n<p class=\"article-p mdl\">\u00ab\u00a0La SNCF a \u00e9t\u00e9 inform\u00e9e par le minist\u00e8re des Transports que les commandes publiques pour l&rsquo;exploitation des\u00a0<a class=\"link\" href=\"https:\/\/www.rtl.fr\/actu\/debats-societe\/nouvel-an-a-paris-les-lignes-de-metro-et-rer-qui-circuleront-toute-la-nuit-7900455212\" target=\"_blank\" rel=\"noopener\">trains de nuit<\/a>\u00a0Vienne-Paris et Berlin-Paris seraient arr\u00eat\u00e9es <strong>pour l&rsquo;ann\u00e9e 2026<\/strong>\u00ab\u00a0, a indiqu\u00e9 la compagnie autrichienne qui a indiqu\u00e9 que ce<strong> type d&rsquo;exploitation n\u00e9cessitait \u00ab\u00a0des partenaires internationaux\u00a0\u00bb.\u00a0<\/strong><\/p>\n<p class=\"article-p mdl\">Un collectif d&rsquo;usagers \u00ab\u00a0Oui au\u00a0<a class=\"link\" href=\"https:\/\/www.rtl.fr\/actu\/economie-consommation\/info-rtl-une-nouvelle-compagnie-ferroviaire-se-lance-dans-le-train-de-nuit-7900042720\" target=\"_blank\" rel=\"noopener\">train de nuit<\/a>\u00a0\u00bb avait alert\u00e9 la semaine pr\u00e9c\u00e9dente sur la possible disparition de ces<strong> liaisons ferroviaires, qui ne survivraient pas \u00e0 la suppression d&rsquo;une subvention de l&rsquo;\u00c9tat fran\u00e7ais<\/strong>. Tomb\u00e9s en d\u00e9su\u00e9tude durant la d\u00e9cennie 2010, les trains de nuit internationaux devaient conna\u00eetre une renaissance \u00e0 partir du r\u00e9seau sp\u00e9cialis\u00e9 autrichien Nightjet.<\/p>\n<p class=\"article-p mdl\">Selon ce collectif, les op\u00e9rateurs ferroviaires n&rsquo;auraient pas respect\u00e9 \u00ab\u00a0leur promesse de cr\u00e9er une desserte quotidienne\u00a0\u00bb,<strong> le train ne circulant que trois jours par semaine<\/strong>. L&rsquo;\u00c9tat fran\u00e7ais subventionne les lignes, environ 10 millions d&rsquo;euros par an pour la\u00a0<a class=\"link\" href=\"https:\/\/www.rtl.fr\/actu\/debats-societe\/pourquoi-paris-a-une-heure-de-decalage-avec-londres-et-aucune-avec-berlin-ou-budapest-7900250034\" target=\"_blank\" rel=\"noopener\">liaison vers Berlin<\/a>.<\/p>\n<p class=\"article-p mdl\">La compagnie \u00d6BB a pr\u00e9cis\u00e9 qu&rsquo;elle <strong>maintenait la liaison Vienne-Bruxelles<\/strong> et continuerait d&rsquo;investir dans les trains de nuit avec \u00ab\u00a0davantage de capacit\u00e9 et de confort sur les lignes existantes\u00a0\u00bb. Cette compagnie est leader europ\u00e9en sur le march\u00e9 des trains de nuit <strong>gr\u00e2ce \u00e0 la situation g\u00e9ographique de Vienne. <\/strong>Elle acquiert progressivement de nouveaux wagons-lits modernes, pour renouveler et compl\u00e9ter sa flotte existante.<\/p>\n<p>    La r\u00e9daction vous recommande<\/p>\n<p class=\"s-newsletter__title\">\n                L\u2019actualit\u00e9 par la r\u00e9daction de RTL dans votre bo\u00eete mail.\n            <\/p>\n<p class=\"s-newsletter__subtitle\">\n                Gr\u00e2ce \u00e0 votre compte RTL abonnez-vous \u00e0 la newsletter RTL info pour suivre toute l&rsquo;actualit\u00e9 au quotidien\n            <\/p>\n<p>\n                                    Lire la suite\n                                <\/p>\n","protected":false},"excerpt":{"rendered":"\u00c0 partir du 14 d\u00e9cembre, les trains de nuit Vienne-Paris et Berlin-Paris ne circuleront plus, \u00ab\u00a0apr\u00e8s le retrait&hellip;\n","protected":false},"author":2,"featured_media":426226,"comment_status":"","ping_status":"","sticky":false,"template":"","format":"standard","meta":{"footnotes":""},"categories":[1888],"tags":[1111,1928,11,1927,1898,1777,674,107,1011,27,12,1926,626,1925,25,18167,2215,5811,800,1584],"class_list":{"0":"post-426225","1":"post","2":"type-post","3":"status-publish","4":"format-standard","5":"has-post-thumbnail","7":"category-paris","8":"tag-actu","9":"tag-actu-paris","10":"tag-actualites","11":"tag-actualites-paris","12":"tag-berlin","13":"tag-eu","14":"tag-europe","15":"tag-fil-info","16":"tag-fr","17":"tag-france","18":"tag-news","19":"tag-news-paris","20":"tag-paris","21":"tag-paris-news","22":"tag-republique-francaise","23":"tag-reseau-sncf","24":"tag-sncf","25":"tag-trains","26":"tag-transports","27":"tag-vienne"},"share_on_mastodon":{"url":"https:\/\/pubeurope.com\/@fr\/115287946999124335","error":""},"_links":{"self":[{"href":"https:\/\/www.europesays.com\/fr\/wp-json\/wp\/v2\/posts\/426225","targetHints":{"allow":["GET"]}}],"collection":[{"href":"https:\/\/www.europesays.com\/fr\/wp-json\/wp\/v2\/posts"}],"about":[{"href":"https:\/\/www.europesays.com\/fr\/wp-json\/wp\/v2\/types\/post"}],"author":[{"embeddable":true,"href":"https:\/\/www.europesays.com\/fr\/wp-json\/wp\/v2\/users\/2"}],"replies":[{"embeddable":true,"href":"https:\/\/www.europesays.com\/fr\/wp-json\/wp\/v2\/comments?post=426225"}],"version-history":[{"count":0,"href":"https:\/\/www.europesays.com\/fr\/wp-json\/wp\/v2\/posts\/426225\/revisions"}],"wp:featuredmedia":[{"embeddable":true,"href":"https:\/\/www.europesays.com\/fr\/wp-json\/wp\/v2\/media\/426226"}],"wp:attachment":[{"href":"https:\/\/www.europesays.com\/fr\/wp-json\/wp\/v2\/media?parent=426225"}],"wp:term":[{"taxonomy":"category","embeddable":true,"href":"https:\/\/www.europesays.com\/fr\/wp-json\/wp\/v2\/categories?post=426225"},{"taxonomy":"post_tag","embeddable":true,"href":"https:\/\/www.europesays.com\/fr\/wp-json\/wp\/v2\/tags?post=426225"}],"curies":[{"name":"wp","href":"https:\/\/api.w.org\/{rel}","templated":true}]}}