{"id":426233,"date":"2025-09-29T14:03:12","date_gmt":"2025-09-29T14:03:12","guid":{"rendered":"https:\/\/www.europesays.com\/fr\/426233\/"},"modified":"2025-09-29T14:03:12","modified_gmt":"2025-09-29T14:03:12","slug":"la-russie-prevoit-denroler-135-000-hommes-pour-le-service-militaire","status":"publish","type":"post","link":"https:\/\/www.europesays.com\/fr\/426233\/","title":{"rendered":"La Russie pr\u00e9voit d\u2019enr\u00f4ler 135.000 hommes pour le service militaire"},"content":{"rendered":"<p>Depuis le d\u00e9but de son attaque \u00e0 grande \u00e9chelle contre l\u2019Ukraine, en f\u00e9vrier 2022, l\u2019arm\u00e9e russe assure que ces recrues ne sont pas d\u00e9ploy\u00e9es sur le champ de bataille contre les troupes ukrainiennes et effectuent des t\u00e2ches subalternes en Russie.<\/p>\n<p class=\"fig-paragraph\">La campagne de conscription militaire d&rsquo;automne en\u00a0<a href=\"https:\/\/www.lefigaro.fr\/tag\/russie\" target=\"_blank\" rel=\"sponsored noopener\" data-gtm-custom-categorie=\"navigation\" data-gtm-custom-action=\"crossclick\" data-gtm-custom-label=\"Contextuel\" data-gtm-event=\"customEventSPE\">Russie\u00a0<\/a>a pour objectif cette ann\u00e9e de recruter 135.000 jeunes hommes \u00e2g\u00e9s de 18 \u00e0 30 ans, selon un d\u00e9cret sign\u00e9 lundi 29 septembre par le pr\u00e9sident\u00a0<a href=\"https:\/\/www.lefigaro.fr\/tag\/vladimir-poutine\" target=\"_blank\" rel=\"sponsored noopener\" data-gtm-custom-categorie=\"navigation\" data-gtm-custom-action=\"crossclick\" data-gtm-custom-label=\"Contextuel\" data-gtm-event=\"customEventSPE\">Vladimir Poutine<\/a>. Ces soldats devront \u00eatre recrut\u00e9s entre le 1er octobre et le 31 d\u00e9cembre pour effectuer leur service militaire obligatoire, qui dure un an en Russie. Le pays organise chaque ann\u00e9e deux campagnes d&rsquo;enr\u00f4lement, l&rsquo;une au printemps et l&rsquo;autre \u00e0 l&rsquo;automne.<\/p>\n<p class=\"fig-paragraph\">Depuis le d\u00e9but de son attaque \u00e0 grande \u00e9chelle contre\u00a0<a href=\"https:\/\/www.lefigaro.fr\/tag\/ukraine\" target=\"_blank\" rel=\"sponsored noopener\" data-gtm-custom-categorie=\"navigation\" data-gtm-custom-action=\"crossclick\" data-gtm-custom-label=\"Contextuel\" data-gtm-event=\"customEventSPE\">l&rsquo;Ukraine<\/a>, en f\u00e9vrier 2022, l&rsquo;arm\u00e9e russe assure que ces recrues ne sont pas d\u00e9ploy\u00e9es sur le champ de bataille contre les troupes ukrainiennes et effectuent des t\u00e2ches subalternes en Russie. La campagne de conscription militaire du printemps 2025 avait eu pour objectif de recruter 160.000 hommes, et celle d&rsquo;automne 2024, 133.000 hommes. Ces conscrits sont \u00e0 distinguer des plus de 300.000 r\u00e9servistes mobilis\u00e9s pour aller combattre en Ukraine \u00e0 partir de l&rsquo;automne 2022 et qui, eux, avaient d\u00e9j\u00e0 effectu\u00e9 auparavant leur service militaire dans l&rsquo;arm\u00e9e russe.<\/p>\n<p>                                    <a class=\"fig-a11y-skip a11y-hidden\" href=\"#fig-a11y-skip-main-inarticle\"><br \/>\n        Passer la publicit\u00e9<br \/>\n    <\/a><\/p>\n<p>Envoy\u00e9s sur le front ukrainien\u00a0?<\/p>\n<p class=\"fig-paragraph\">Le d\u00e9ploiement sur le front de conscrits est un sujet sensible en Russie, en particulier depuis la premi\u00e8re guerre de Tch\u00e9tch\u00e9nie (1994-1996) qui avait vu de jeunes hommes faisant leur service militaire \u00eatre envoy\u00e9s, bless\u00e9s et tu\u00e9s au combat, suscitant une forte \u00e9motion au sein de la population. Dans le cadre de la guerre contre l&rsquo;Ukraine, des cas de conscrits se retrouvant sur le champ de bataille ont n\u00e9anmoins \u00e9t\u00e9 signal\u00e9s \u00e0 plusieurs reprises.<\/p>\n<p class=\"fig-paragraph\">En ao\u00fbt 2024, Kiev avait ainsi affirm\u00e9 avoir fait prisonniers des conscrits lors de son offensive surprise dans la r\u00e9gion russe de Koursk, frontali\u00e8re de l&rsquo;Ukraine. En 2023, la Russie a adopt\u00e9 une loi repoussant \u00e0 partir du 1er janvier 2024 l&rsquo;\u00e2ge limite de la conscription de 27 \u00e0 30 ans.<\/p>\n","protected":false},"excerpt":{"rendered":"Depuis le d\u00e9but de son attaque \u00e0 grande \u00e9chelle contre l\u2019Ukraine, en f\u00e9vrier 2022, l\u2019arm\u00e9e russe assure que&hellip;\n","protected":false},"author":2,"featured_media":426234,"comment_status":"","ping_status":"","sticky":false,"template":"","format":"standard","meta":{"footnotes":""},"categories":[1591],"tags":[11,1887,131,12,1885,1886,132,29810],"class_list":{"0":"post-426233","1":"post","2":"type-post","3":"status-publish","4":"format-standard","5":"has-post-thumbnail","7":"category-russie","8":"tag-actualites","9":"tag-federation-de-russie","10":"tag-guerre-en-ukraine","11":"tag-news","12":"tag-russia","13":"tag-russian-federation","14":"tag-russie","15":"tag-service-militaire"},"share_on_mastodon":{"url":"https:\/\/pubeurope.com\/@fr\/115287962766905651","error":""},"_links":{"self":[{"href":"https:\/\/www.europesays.com\/fr\/wp-json\/wp\/v2\/posts\/426233","targetHints":{"allow":["GET"]}}],"collection":[{"href":"https:\/\/www.europesays.com\/fr\/wp-json\/wp\/v2\/posts"}],"about":[{"href":"https:\/\/www.europesays.com\/fr\/wp-json\/wp\/v2\/types\/post"}],"author":[{"embeddable":true,"href":"https:\/\/www.europesays.com\/fr\/wp-json\/wp\/v2\/users\/2"}],"replies":[{"embeddable":true,"href":"https:\/\/www.europesays.com\/fr\/wp-json\/wp\/v2\/comments?post=426233"}],"version-history":[{"count":0,"href":"https:\/\/www.europesays.com\/fr\/wp-json\/wp\/v2\/posts\/426233\/revisions"}],"wp:featuredmedia":[{"embeddable":true,"href":"https:\/\/www.europesays.com\/fr\/wp-json\/wp\/v2\/media\/426234"}],"wp:attachment":[{"href":"https:\/\/www.europesays.com\/fr\/wp-json\/wp\/v2\/media?parent=426233"}],"wp:term":[{"taxonomy":"category","embeddable":true,"href":"https:\/\/www.europesays.com\/fr\/wp-json\/wp\/v2\/categories?post=426233"},{"taxonomy":"post_tag","embeddable":true,"href":"https:\/\/www.europesays.com\/fr\/wp-json\/wp\/v2\/tags?post=426233"}],"curies":[{"name":"wp","href":"https:\/\/api.w.org\/{rel}","templated":true}]}}