{"id":42625,"date":"2025-04-21T23:23:25","date_gmt":"2025-04-21T23:23:25","guid":{"rendered":"https:\/\/www.europesays.com\/fr\/42625\/"},"modified":"2025-04-21T23:23:25","modified_gmt":"2025-04-21T23:23:25","slug":"guillaume-marie-au-premier-regard-partage-des-photos-osees-et-inedites-le-soir-de-son-mariage-avec-sophie","status":"publish","type":"post","link":"https:\/\/www.europesays.com\/fr\/42625\/","title":{"rendered":"Guillaume (Mari\u00e9 au premier regard) partage des photos os\u00e9es et in\u00e9dites le soir de son mariage avec Sophie"},"content":{"rendered":"<p class=\"articleContent-meta\">\n        Hier \u00e0 20:00 &#8211; par             Aur\u00e9lie Hagopian<\/p>\n<p>                    Tweeter<\/p>\n<p>                    Partager sur Facebook<\/p>\n<p>                        <img decoding=\"async\" src=\"https:\/\/www.europesays.com\/fr\/wp-content\/uploads\/2025\/04\/1745277805_527_guillaume-futur-mari-de-sophie-dans-maries-au-premier-regard-2025-revient-sur-le-deces-de-son-pere.j.jpeg\" alt=\"Player Video\" class=\"player-applyRatio poster exclude-seedtag\"\/><\/p>\n<p>Sur son compte Instagram, Guillaume a publi\u00e9 des photos in\u00e9dites de son mariage avec Sophie ce dimanche 20 avril. Sur ces clich\u00e9s, le candidat de Mari\u00e9s au premier regard a pos\u00e9 des mots touchants.<\/p>\n<p>Parmi les candidats \u00e0 s&rsquo;\u00eatre unis devant les cam\u00e9ras de Mari\u00e9s au premier regard, il y a Guillaume et Sophie. <a href=\"https:\/\/www.programme.tv\/news\/tele-realite\/240820-les-aleas-guillaume-maries-au-premier-regard-a-failli-rater-son-mariage-avec-sophie-pour-une-raison-bien-precise\/\" target=\"_blank\" rel=\"noopener\">Un mariage qui a bien failli ne pas avoir lieu, puisque Guillaume a loup\u00e9 son vol<\/a>. Finalement, les deux candidats de M6 se sont bien retrouv\u00e9s face au maire de Gibraltar pour se dire \u00ab\u00a0oui\u00a0\u00bb. Une fois le mariage prononc\u00e9, <a href=\"https:\/\/www.programme.tv\/news\/tele-realite\/240836-il-na-pas-trop-de-reaction-guillaume-maries-au-premier-regard-totalement-perdu-apres-avoir-appris-le-passe-amoureux-difficile-de-sophie\/\" target=\"_blank\" rel=\"noopener\">Sophie s&rsquo;est confi\u00e9e \u00e0 Guillaume sur son pass\u00e9 douloureux.<\/a> Des moments que la jeune femme revit \u00e0 travers la t\u00e9l\u00e9vision, mais<a href=\"https:\/\/www.programme.tv\/news\/tele-realite\/261786-on-a-mis-une-sorte-de-protection-sophie-maries-au-premier-regard-demande-de-laide-pour-ne-pas-sombrer-apres-la-diffusion-de-son-mariage-avec-guillaume\/\" target=\"_blank\" rel=\"noopener\"> elle prend bien soin de ne pas lire les commentaires sur les r\u00e9seaux sociaux par la suite.<\/a><\/p>\n<p>Guillaume tr\u00e8s \u00e9mu en d\u00e9couvrant les premiers \u00e9pisodes de Mari\u00e9s au premier regard<\/p>\n<p>De son c\u00f4t\u00e9 aussi, Guillaume suit avec attention la diffusion de Mari\u00e9s au premier regard. Sur TikTok, il a d&rsquo;ailleurs r\u00e9v\u00e9l\u00e9 \u00eatre tr\u00e8s \u00e9mu en d\u00e9couvrant <a href=\"https:\/\/www.programme.tv\/news\/tele-realite\/261885-je-ne-le-sens-pas-le-pere-de-clemence-maries-au-premier-regard-inquiet-pour-sa-fille-malik-le-confronte-pendant-le-mariage-spoiler\/\" target=\"_blank\" rel=\"noopener\">les \u00e9pisodes.<\/a> \u00ab\u00a0Quand je les vois, \u00e7a me fait beaucoup d&rsquo;\u00e9motion. <b>J&rsquo;ai pleur\u00e9 \u00e0 plusieurs reprises<\/b>, tout comme vous. J&rsquo;ai pleur\u00e9 au moment des mains, de la premi\u00e8re danse et des discours. \u00c7a fait quelque chose. On a envie d&rsquo;y retourner, ce sont des moments magiques ! Bravo aux \u00e9quipes, aux cameramen et aux monteurs, ce sont de belles images !\u00a0\u00bb, a-t-il avou\u00e9.<\/p>\n<p>                                    Guillaume (Mari\u00e9s au premier regard) se replonge dans les souvenirs de son mariage avec Sophie<\/p>\n<p>Quelques heures avant la diffusion d&rsquo;un \u00e9pisode in\u00e9dit, Guillaume a partag\u00e9 des photos in\u00e9dites de son mariage sur Instagram ce dimanche 20 avril. Des clich\u00e9s que le jeune mari\u00e9 n&rsquo;a pas manqu\u00e9 de commenter d&rsquo;un tr\u00e8s beau message. \u00ab\u00a0<b>Quand la f\u00eate s\u2019apaise, que les lumi\u00e8res se tamisent et que le silence remplace les \u00e9clats de joie\u2026<\/b> C\u2019est dans cette douce p\u00e9nombre, entre rires \u00e9touff\u00e9s et regards complices, que nous avons vol\u00e9 quelques instants suspendus dans le temps. Juste avant de fermer les yeux sur cette journ\u00e9e inoubliable, nous avons captur\u00e9 la tendresse brute, la magie de l\u2019apr\u00e8s&#8230; <b>Swipe pour ressentir, plus que voir<\/b>\u00ab\u00a0, a-t-il \u00e9crit sur le r\u00e9seau social. Une publication qui a fait r\u00e9agir les internautes puisqu&rsquo;on les d\u00e9couvre \u00e9changeant un baiser \u00e0 l&rsquo;abri des regards sur l&rsquo;ultime prise.<\/p>\n<p><b>Pour voir les photos, veuillez cliquer <\/b><a href=\"https:\/\/www.instagram.com\/p\/DIrzOZfNADo\/?utm_source=ig_embed\" target=\"_blank\" rel=\"noopener\"><b>ici<\/b><\/a><b>.<\/b><\/p>\n<p>Article \u00e9crit avec la collaboration de 6m\u00e9dias.<\/p>\n<p>Rejoignez-nous sur Google News !<\/p>\n<p class=\"articleContent-pushTagline\">Abonnez-vous \u00e0 <a href=\"https:\/\/news.google.com\/publications\/CAAiEJwr-IZFXDFoZD1ePbkC_VcqFAgKIhCcK_iGRVwxaGQ9Xj25Av1X\" target=\"_blank\" rel=\"noopener\">T\u00e9l\u00e9 2 semaines sur Google News<\/a> pour ne manquer aucune info !<\/p>\n<p><script async src=\"\/\/www.instagram.com\/embed.js\"><\/script><\/p>\n","protected":false},"excerpt":{"rendered":"Hier \u00e0 20:00 &#8211; par Aur\u00e9lie Hagopian Tweeter Partager sur Facebook Sur son compte Instagram, Guillaume a publi\u00e9&hellip;\n","protected":false},"author":2,"featured_media":42626,"comment_status":"","ping_status":"","sticky":false,"template":"","format":"standard","meta":{"footnotes":""},"categories":[1359],"tags":[1193,58,59,1011,27,494,973,3604],"class_list":{"0":"post-42625","1":"post","2":"type-post","3":"status-publish","4":"format-standard","5":"has-post-thumbnail","7":"category-people","8":"tag-couple","9":"tag-divertissement","10":"tag-entertainment","11":"tag-fr","12":"tag-france","13":"tag-m6","14":"tag-people","15":"tag-tu00e9lu00e9-ru00e9alitu00e9"},"share_on_mastodon":{"url":"https:\/\/pubeurope.com\/@fr\/114378533078679944","error":""},"_links":{"self":[{"href":"https:\/\/www.europesays.com\/fr\/wp-json\/wp\/v2\/posts\/42625","targetHints":{"allow":["GET"]}}],"collection":[{"href":"https:\/\/www.europesays.com\/fr\/wp-json\/wp\/v2\/posts"}],"about":[{"href":"https:\/\/www.europesays.com\/fr\/wp-json\/wp\/v2\/types\/post"}],"author":[{"embeddable":true,"href":"https:\/\/www.europesays.com\/fr\/wp-json\/wp\/v2\/users\/2"}],"replies":[{"embeddable":true,"href":"https:\/\/www.europesays.com\/fr\/wp-json\/wp\/v2\/comments?post=42625"}],"version-history":[{"count":0,"href":"https:\/\/www.europesays.com\/fr\/wp-json\/wp\/v2\/posts\/42625\/revisions"}],"wp:featuredmedia":[{"embeddable":true,"href":"https:\/\/www.europesays.com\/fr\/wp-json\/wp\/v2\/media\/42626"}],"wp:attachment":[{"href":"https:\/\/www.europesays.com\/fr\/wp-json\/wp\/v2\/media?parent=42625"}],"wp:term":[{"taxonomy":"category","embeddable":true,"href":"https:\/\/www.europesays.com\/fr\/wp-json\/wp\/v2\/categories?post=42625"},{"taxonomy":"post_tag","embeddable":true,"href":"https:\/\/www.europesays.com\/fr\/wp-json\/wp\/v2\/tags?post=42625"}],"curies":[{"name":"wp","href":"https:\/\/api.w.org\/{rel}","templated":true}]}}