{"id":426257,"date":"2025-09-29T14:16:13","date_gmt":"2025-09-29T14:16:13","guid":{"rendered":"https:\/\/www.europesays.com\/fr\/426257\/"},"modified":"2025-09-29T14:16:13","modified_gmt":"2025-09-29T14:16:13","slug":"atp-pekin-laveu-de-flavio-cobolli-25e-battu-en-huitiemes-de-finale-jai-donne-des-coups-de-poing-dans-le-mur","status":"publish","type":"post","link":"https:\/\/www.europesays.com\/fr\/426257\/","title":{"rendered":"ATP &#8211; P\u00e9kin > L&rsquo;aveu de Flavio Cobolli (25e), battu en huiti\u00e8mes de finale : \u00ab\u00a0J&rsquo;ai donn\u00e9 des coups de poing dans le mur\u00a0\u00bb"},"content":{"rendered":"<p>Dans des propos relay\u00e9s par <a href=\"https:\/\/www.ubitennis.com\/blog\/2025\/09\/28\/atp-pechino-cobolli-sconfitta-che-toglie-sensazioni-positive-ho-tirato-pugni-al-muro\/\" data-wpel-link=\"external\" target=\"_blank\" rel=\"nofollow external noopener\">Ubitennis<\/a>, le 25e joueur mondial Flavio Cobolli a r\u00e9v\u00e9l\u00e9 avoir tr\u00e8s mal dig\u00e9r\u00e9 sa d\u00e9faite contre Learner Tien (52e) en huiti\u00e8mes de finale de l\u2019ATP 500 de P\u00e9kin (6\u22123, 6\u20132). <\/p>\n<p><strong>\u00ab\u202fC\u2019\u00e9tait une journ\u00e9e \u00e0 oublier. J\u2019ai essay\u00e9 de me rattraper avec un long entra\u00ee\u00adne\u00adment pour faire le plein d\u2019\u00e9nergie en vue de Shanghai. J\u2019ai quand m\u00eame donn\u00e9 des coups de poing dans le mur ici et je vais aussi en donner \u00e0 l\u2019h\u00f4tel. En ce moment, tout m\u2019agace. Mais \u00eatre un joueur de ce niveau signifie aussi savoir puiser dans des ressources que je n\u2019avais pas jusqu\u2019\u00e0 r\u00e9cem\u00adment et trouver la moti\u00adva\u00adtion pour travailler m\u00eame dans cette situa\u00adtion. Revenir sur le court et m\u2019en\u00adtra\u00eener \u00e9tait la meilleure chose que je pouvais faire.\u202f\u00bb<\/strong><\/p>\n<p class=\"post-published-date\" style=\"color: silver; font-size: 75%; text-align: left;\">Publi\u00e9 le lundi 29 septembre 2025 \u00e0 15:04<\/p>\n","protected":false},"excerpt":{"rendered":"Dans des propos relay\u00e9s par Ubitennis, le 25e joueur mondial Flavio Cobolli a r\u00e9v\u00e9l\u00e9 avoir tr\u00e8s mal dig\u00e9r\u00e9&hellip;\n","protected":false},"author":2,"featured_media":426258,"comment_status":"","ping_status":"","sticky":false,"template":"","format":"standard","meta":{"footnotes":""},"categories":[1415],"tags":[1011,27,60,1467],"class_list":{"0":"post-426257","1":"post","2":"type-post","3":"status-publish","4":"format-standard","5":"has-post-thumbnail","7":"category-tennis","8":"tag-fr","9":"tag-france","10":"tag-sports","11":"tag-tennis"},"share_on_mastodon":{"url":"https:\/\/pubeurope.com\/@fr\/115288013714790655","error":""},"_links":{"self":[{"href":"https:\/\/www.europesays.com\/fr\/wp-json\/wp\/v2\/posts\/426257","targetHints":{"allow":["GET"]}}],"collection":[{"href":"https:\/\/www.europesays.com\/fr\/wp-json\/wp\/v2\/posts"}],"about":[{"href":"https:\/\/www.europesays.com\/fr\/wp-json\/wp\/v2\/types\/post"}],"author":[{"embeddable":true,"href":"https:\/\/www.europesays.com\/fr\/wp-json\/wp\/v2\/users\/2"}],"replies":[{"embeddable":true,"href":"https:\/\/www.europesays.com\/fr\/wp-json\/wp\/v2\/comments?post=426257"}],"version-history":[{"count":0,"href":"https:\/\/www.europesays.com\/fr\/wp-json\/wp\/v2\/posts\/426257\/revisions"}],"wp:featuredmedia":[{"embeddable":true,"href":"https:\/\/www.europesays.com\/fr\/wp-json\/wp\/v2\/media\/426258"}],"wp:attachment":[{"href":"https:\/\/www.europesays.com\/fr\/wp-json\/wp\/v2\/media?parent=426257"}],"wp:term":[{"taxonomy":"category","embeddable":true,"href":"https:\/\/www.europesays.com\/fr\/wp-json\/wp\/v2\/categories?post=426257"},{"taxonomy":"post_tag","embeddable":true,"href":"https:\/\/www.europesays.com\/fr\/wp-json\/wp\/v2\/tags?post=426257"}],"curies":[{"name":"wp","href":"https:\/\/api.w.org\/{rel}","templated":true}]}}