{"id":426259,"date":"2025-09-29T14:18:13","date_gmt":"2025-09-29T14:18:13","guid":{"rendered":"https:\/\/www.europesays.com\/fr\/426259\/"},"modified":"2025-09-29T14:18:13","modified_gmt":"2025-09-29T14:18:13","slug":"je-nen-savais-rien","status":"publish","type":"post","link":"https:\/\/www.europesays.com\/fr\/426259\/","title":{"rendered":"Je n&rsquo;en savais rien !"},"content":{"rendered":"<p>La fum\u00e9e qui s&rsquo;est \u00e9chapp\u00e9e de la Ducati de <a href=\"https:\/\/fr.motorsport.com\/driver\/pecco-bagnaia\/109394\/\" target=\"_blank\" rel=\"noopener\">Pecco Bagnaia<\/a>, de plus en plus \u00e9paisse au fil des tours, a fait penser que la victoire pourrait lui \u00e9chapper \u00e0 Motegi&#8230; mais l&rsquo;int\u00e9ress\u00e9 \u00e9tait peut-\u00eatre le moins inquiet de la situation\u00a0! Sur la moto, le probl\u00e8me n&rsquo;\u00e9tait pas v\u00e9ritablement perceptible pour le leader, si ce n&rsquo;est une petite perte de puissance en fin d&rsquo;\u00e9preuve.<\/p>\n<p>\u00ab\u00a0Je n&rsquo;en savais rien !\u00a0\u00bb, a confi\u00e9 Bagnaia au site officiel du MotoGP. \u00ab\u00a0Je ne comprenais pas pourquoi dans les trois ou quatre derniers tours, je manquais de puissance dans certains virages et je me disais &lsquo;Hmmm.. C&rsquo;est bizarre, je n&rsquo;ai jamais eu ce genre de sensations avant&rsquo;.\u00a0\u00bb<\/p>\n<p>\u00ab\u00a0J&rsquo;ai juste senti un peu moins de performance dans les quatre ou cinq derniers tours, dans certaines sorties de virage, mais les chronos \u00e9taient l\u00e0\u00a0\u00bb, a-t-il ajout\u00e9 sur le site officiel du MotoGP.<\/p>\n<p>Une certaine tension \u00e9tait palpable dans le garage de Ducati mais Gigi Dall&rsquo;Igna a minimis\u00e9 le probl\u00e8me. Selon le grand responsable technique de la marque, le risque d&rsquo;une casse moteur n&rsquo;\u00e9tait pas v\u00e9ritablement pr\u00e9sent et s&rsquo;il n&rsquo;a pas donn\u00e9 d&rsquo;explication pr\u00e9cise sur la nature du souci rencontr\u00e9, il a assur\u00e9 que ce dernier \u00e9tait mineur.<\/p>\n<p>\u00ab\u00a0Nous savions exactement ce qu&rsquo;il pouvait arriver \u00e0 la moto, donc nous \u00e9tions assez confiants pour voir l&rsquo;arriv\u00e9e, sinon nous aurions pris la d\u00e9cision d&rsquo;arr\u00eater Pecco\u00a0\u00bb, a expliqu\u00e9 le directeur g\u00e9n\u00e9ral de Ducati Corse \u00e0 Sky Sport, qui diffuse le MotoGP en Italie. \u00ab\u00a0\u00c9videmment, ce n&rsquo;est jamais agr\u00e9able de voir une moto fumer, mais il y a toujours la possibilit\u00e9 qu&rsquo;un peu d&rsquo;huile sorte de l&rsquo;\u00e9chappement, mais nous savions que ce n&rsquo;\u00e9tait qu&rsquo;une petite chose.\u00a0\u00bb<\/p>\n<p>   <img decoding=\"async\" draggable=\"false\" src=\"https:\/\/www.europesays.com\/fr\/wp-content\/uploads\/2025\/09\/1759155493_454_francesco-bagnaia-ducati-team.jpg\" alt=\"Francesco Bagnaia, Ducati Team\" width=\"1200\" height=\"800\" loading=\"lazy\"\/> <\/p>\n<p class=\"title\">Francesco Bagnaia, Ducati Team<\/p>\n<p class=\"photographer\">Photo de: Gold and Goose Photography \/ LAT Images \/ via Getty Images<\/p>\n<p>La seule v\u00e9ritable inqui\u00e9tude ne venait donc pas de la fiabilit\u00e9 mais d&rsquo;une potentielle d\u00e9cision de la direction de course, qui aurait pu intimer l&rsquo;ordre \u00e0 Bagnaia de s&rsquo;arr\u00eater, par crainte qu&rsquo;il d\u00e9verse de l&rsquo;huile sur la piste. Un repr\u00e9sentant de l&rsquo;IRTA a m\u00eame fait un passage dans le garage de Ducati, mais Bagnaia n&rsquo;a pas \u00e9t\u00e9 inqui\u00e9t\u00e9.<\/p>\n<p>\u00ab\u00a0Si \u00e7a avait \u00e9t\u00e9 le cas, \u00e7a aurait probablement \u00e9t\u00e9 la plus grosse d\u00e9ception de ma carri\u00e8re, donc c&rsquo;est mieux comme \u00e7a !\u00a0\u00bb, s&rsquo;est amus\u00e9 l&rsquo;Italien, finalement auteur de sa meilleure performance de l&rsquo;ann\u00e9e \u00e0 Motegi, apr\u00e8s des mois de gal\u00e8re.<\/p>\n<p style=\"text-align: right;\">Avec Matteo Nugnes<\/p>\n<p>Lire aussi :<\/p>\n","protected":false},"excerpt":{"rendered":"La fum\u00e9e qui s&rsquo;est \u00e9chapp\u00e9e de la Ducati de Pecco Bagnaia, de plus en plus \u00e9paisse au fil&hellip;\n","protected":false},"author":2,"featured_media":426260,"comment_status":"","ping_status":"","sticky":false,"template":"","format":"standard","meta":{"footnotes":""},"categories":[1413],"tags":[55505,4950,1011,27,1581,1457,1456,1458,4951,60,51359],"class_list":{"0":"post-426259","1":"post","2":"type-post","3":"status-publish","4":"format-standard","5":"has-post-thumbnail","7":"category-moto","8":"tag-bagnaia-pas-troublu00e9-par-sa-ducati-fumanteu00a0-je-nen-savais-rien","9":"tag-ducati-team","10":"tag-fr","11":"tag-france","12":"tag-gp-du-japon","13":"tag-moto","14":"tag-motocycle","15":"tag-motogp","16":"tag-pecco-bagnaia","17":"tag-sports","18":"tag-twin-ring-motegi"},"share_on_mastodon":{"url":"https:\/\/pubeurope.com\/@fr\/115288022395121853","error":""},"_links":{"self":[{"href":"https:\/\/www.europesays.com\/fr\/wp-json\/wp\/v2\/posts\/426259","targetHints":{"allow":["GET"]}}],"collection":[{"href":"https:\/\/www.europesays.com\/fr\/wp-json\/wp\/v2\/posts"}],"about":[{"href":"https:\/\/www.europesays.com\/fr\/wp-json\/wp\/v2\/types\/post"}],"author":[{"embeddable":true,"href":"https:\/\/www.europesays.com\/fr\/wp-json\/wp\/v2\/users\/2"}],"replies":[{"embeddable":true,"href":"https:\/\/www.europesays.com\/fr\/wp-json\/wp\/v2\/comments?post=426259"}],"version-history":[{"count":0,"href":"https:\/\/www.europesays.com\/fr\/wp-json\/wp\/v2\/posts\/426259\/revisions"}],"wp:featuredmedia":[{"embeddable":true,"href":"https:\/\/www.europesays.com\/fr\/wp-json\/wp\/v2\/media\/426260"}],"wp:attachment":[{"href":"https:\/\/www.europesays.com\/fr\/wp-json\/wp\/v2\/media?parent=426259"}],"wp:term":[{"taxonomy":"category","embeddable":true,"href":"https:\/\/www.europesays.com\/fr\/wp-json\/wp\/v2\/categories?post=426259"},{"taxonomy":"post_tag","embeddable":true,"href":"https:\/\/www.europesays.com\/fr\/wp-json\/wp\/v2\/tags?post=426259"}],"curies":[{"name":"wp","href":"https:\/\/api.w.org\/{rel}","templated":true}]}}