{"id":426267,"date":"2025-09-29T14:22:14","date_gmt":"2025-09-29T14:22:14","guid":{"rendered":"https:\/\/www.europesays.com\/fr\/426267\/"},"modified":"2025-09-29T14:22:14","modified_gmt":"2025-09-29T14:22:14","slug":"marie-portolano-revient-sur-le-jour-ou-elle-a-sauve-son-nouveau-ne","status":"publish","type":"post","link":"https:\/\/www.europesays.com\/fr\/426267\/","title":{"rendered":"Marie Portolano revient sur le jour o\u00f9 elle a sauv\u00e9 son nouveau-n\u00e9"},"content":{"rendered":"<p>La journaliste \u00e9tait l\u2019invit\u00e9e de Cl\u00e9mentine Galey dans son podcast \u00abBliss Stories\u00bb. Habitu\u00e9e \u00e0 \u00eatre tr\u00e8s discr\u00e8te sur sa vie priv\u00e9e, elle s\u2019est confi\u00e9e comme jamais sur les premiers jours de vie de son deuxi\u00e8me enfant.<\/p>\n<p class=\"fig-paragraph\">Des confidences in\u00e9dites. Si\u00a0<a href=\"https:\/\/www.lefigaro.fr\/tag\/marie-portolano\" target=\"_blank\" rel=\"sponsored noopener\" data-gtm-custom-categorie=\"navigation\" data-gtm-custom-action=\"crossclick\" data-gtm-custom-label=\"Contextuel\" data-gtm-event=\"customEventSPE\"><strong>Marie Portolano<\/strong><\/a> \u00a0a toujours souhait\u00e9 pr\u00e9server sa vie priv\u00e9e &#8211; en ne communiquant pas les pr\u00e9noms de ses enfants par exemple &#8211; elle a accept\u00e9 de t\u00e9moigner de son histoire et sa maternit\u00e9 dans le podcast de\u00a0<a href=\"http:\/\/madame.lefigaro.fr\/bien-etre\/clementine-galey-fondatrice-du-podcast-bliss-stories-je-donne-la-parole-a-toutes-les-femmes-qu-elles-soient-connues-ou-inconnues-20231109\" data-fig-type=\"Article\" data-gtm-custom-categorie=\"navigation\" data-gtm-custom-action=\"crossclick\" data-gtm-custom-label=\"Contextuel\" data-gtm-event=\"customEventSPE\" data-fig-domain=\"MADAME\" target=\"_blank\" rel=\"noopener\">Cl\u00e9mentine Galey<\/a>, intitul\u00e9 \u00abBliss Stories\u00bb. La nouvelle pr\u00e9sentatrice de l\u2019\u00e9mission \u00abLes Maternelles XXL\u00bb diffus\u00e9e sur France 4 est revenue, entre autres, sur sa premi\u00e8re grossesse, son histoire d\u2019amour avec son \u00e9poux,\u00a0<a href=\"http:\/\/tvmag.lefigaro.fr\/programme-tv\/people\/comme-tous-les-crevards-de-la-terre-marie-portolano-revient-sur-les-debuts-de-sa-relation-avec-gregoire-ludig-20250913\" data-fig-type=\"Article\" data-gtm-custom-categorie=\"navigation\" data-gtm-custom-action=\"crossclick\" data-gtm-custom-label=\"Contextuel\" data-gtm-event=\"customEventSPE\" data-fig-domain=\"TVMAG\" target=\"_blank\" rel=\"noopener\">Gr\u00e9goire Ludig<\/a>\u00a0et leur d\u00e9sir de fonder une famille.<\/p>\n<p class=\"fig-paragraph\">Celle qui \u00e9tait anim\u00e9e par le souhait de devenir maman d\u00e8s l\u2019\u00e2ge de 15 ans s\u2019est cependant confront\u00e9e \u00e0 une dure r\u00e9alit\u00e9\u00a0: un parcours PMA. En effet, trois ans apr\u00e8s sa rencontre avec le com\u00e9dien, ils ont souhait\u00e9 agrandir la famille. \u00abJ\u2019arr\u00eate la pilule et je ne tombe pas enceinte le mois d\u2019apr\u00e8s. Donc je me dis qu\u2019il y a un probl\u00e8me. [&#8230;] Le mois suivant, je vais faire des tests qui d\u00e9c\u00e8lent une petite r\u00e9serve ovarienne moyenne\u00bb, explique-t-elle tout en ajoutant que cette attente dure dans un premier temps une ann\u00e9e.<\/p>\n<p class=\"fig-body-link\">\n            \u00c0 lire aussi<br \/>\n        <a class=\"fig-body-link__link\" href=\"http:\/\/tvmag.lefigaro.fr\/programme-tv\/actu-tele\/je-vis-avec-quelqu-un-qui-deteste-parler-de-lui-marie-portolano-evoque-son-compagnon-gregoire-ludig-20250710\" target=\"_blank\" data-fig-type=\"Article\" rel=\"noopener\" data-gtm-custom-categorie=\"navigation\" data-gtm-custom-action=\"crossclick\" data-gtm-custom-label=\"Contextuel\" data-gtm-event=\"customEventSPE\" data-fig-domain=\"TVMAG\">\u00abJe vis avec quelqu\u2019un qui d\u00e9teste parler de lui\u00bb\u00a0: Marie Portolano \u00e9voque son compagnon Gr\u00e9goire Ludig<br \/>\n    <\/a>\n<\/p>\n<p>                                    <a class=\"fig-a11y-skip a11y-hidden\" href=\"#fig-a11y-skip-main-inarticle\"><br \/>\n        Passer la publicit\u00e9<br \/>\n    <\/a><\/p>\n<p class=\"fig-paragraph\">\u00abJe refais des tests et \u00e7a devient un peu critique, je suis quasi pr\u00e9-m\u00e9naupos\u00e9e\u00bb, se souvient Marie Portolano. De l\u00e0 commence un processus d\u2019ins\u00e9minations artificielles et de FIVs (f\u00e9condation in vitro) de quatre ann\u00e9es. Et une derni\u00e8re tentative s\u2019est finalement r\u00e9v\u00e9l\u00e9e payante. \u00abJe suis tomb\u00e9e enceinte en janvier 2022. [&#8230;] \u00c0 l\u2019\u00e9poque je pr\u00e9sentais \u201cLe Meilleur P\u00e2tissier\u201d. J\u2019\u00e9tais tr\u00e8s stress\u00e9e de faire une fausse couche mais la grossesse se passe plut\u00f4t bien\u00bb, raconte la journaliste tout en ajoutant que l\u2019accouchement par c\u00e9sarienne se passe, lui aussi, tr\u00e8s bien. Pourtant, les choses se compliquent deux jours seulement apr\u00e8s la naissance de son deuxi\u00e8me fils, Lino.<\/p>\n<p>\u00abB\u00e9b\u00e9 en d\u00e9tresse\u00bb<\/p>\n<p class=\"fig-paragraph\">\u00abJe ne sais pas comment expliquer, je vois qu\u2019il y a quelque chose qui cloche chez lui. Il ne boit pas bien et tout le monde me dit, les sages-femmes comme les p\u00e9diatres, que c\u2019est normal, qu\u2019il est n\u00e9 trois semaines avant son terme donc qu\u2019il est simplement fatigu\u00e9\u00bb, explique Marie Portolano \u00e0 Cl\u00e9mentine Galey. Vingt-quatre heures plus tard, la jeune maman ne constate pas d\u2019am\u00e9lioration, voir une d\u00e9gradation de son \u00e9tat. \u00abIl n\u2019ouvrait plus les yeux donc je demande \u00e0 chaque fois des auscultations mais ils me disent que tout va bien.\u00bb Jusqu\u2019au moment o\u00f9 son s\u00e9jour \u00e0 la maternit\u00e9 touche \u00e0 son terme et qu\u2019elle refuse de signer son formulaire de sortie.<\/p>\n<blockquote class=\"fig-quote&#10;    \">\n<p class=\"fig-quote__text\">Durant la nuit, il a arr\u00eat\u00e9 de respirer et s\u2019est fait r\u00e9animer devant nous. C\u2019est l\u00e0 que j\u2019ai compris la dissociation<\/p>\n<p>            Marie Portolano\n    <\/p><\/blockquote>\n<p class=\"fig-paragraph\">Apr\u00e8s plusieurs demandes, le p\u00e9diatre ausculte finalement son fils de 4 jours et confirme l\u2019inqui\u00e9tude de la jeune femme. \u00abIl lui prend le bras, son bras tombe. 39,5 de fi\u00e8vre. L\u00e0, on change de vie. En une demi-seconde, hospitalisation, b\u00e9b\u00e9 en d\u00e9tresse. Ils lui font une ponction lombaire en urgence et nous font sortir de la pi\u00e8ce.\u00bb\u00a0 D\u2019une simple intuition, Marie Portolano a finalement su d\u00e9celer les premiers signes d\u2019une m\u00e9ningite. \u00abIls ont tout de suite compris qu\u2019il avait une m\u00e9ningite. Il \u00e9tait en train de perdre la vie, il \u00e9tait malade\u00bb, se souvient-elle avec difficult\u00e9. Et d\u2019ajouter\u00a0: \u00abLa premi\u00e8re chose que je dis c\u2019est \u201cest-ce qu\u2019il va mourir\u00a0?\u201d et ils me r\u00e9pondent qu\u2019ils ne peuvent pas me dire parce qu\u2019il est tr\u00e8s malade.\u00bb\u00a0<\/p>\n<p class=\"fig-paragraph\">Le pire moment, selon la journaliste, est arriv\u00e9 le lendemain matin. \u00abIls m\u2019ont cal\u00e9 un rendez-vous avec un psychologue qui s\u2019est av\u00e9r\u00e9 \u00eatre dans le protocole fin de vie nourrisson. Je r\u00e9alise que c\u2019est tr\u00e8s grave. [&#8230;] Durant la nuit, il a arr\u00eat\u00e9 de respirer et s\u2019est fait r\u00e9animer devant nous. C\u2019est l\u00e0 que j\u2019ai compris la dissociation\u00bb, confie-t-elle avant d\u2019\u00e9clater en sanglots, chamboul\u00e9e par ces souvenirs. Apr\u00e8s cette nuit chaotique, l\u2019\u00e9tat du nouveau-n\u00e9 se stabilise finalement. \u00abEt l\u00e0, la cheffe de service me dit en me regardant dans les yeux\u00a0: \u201cVous avez sauv\u00e9 votre fils. Vous seriez partis chez vous, il serait d\u00e9c\u00e9d\u00e9. C\u2019\u00e9tait une question d\u2019heure\u201d\u00bb, avoue-t-elle en pr\u00e9cisant \u00eatre rest\u00e9 au chevet de son fils hospitalis\u00e9 pendant un mois.<\/p>\n","protected":false},"excerpt":{"rendered":"La journaliste \u00e9tait l\u2019invit\u00e9e de Cl\u00e9mentine Galey dans son podcast \u00abBliss Stories\u00bb. Habitu\u00e9e \u00e0 \u00eatre tr\u00e8s discr\u00e8te sur&hellip;\n","protected":false},"author":2,"featured_media":426268,"comment_status":"","ping_status":"","sticky":false,"template":"","format":"standard","meta":{"footnotes":""},"categories":[1359],"tags":[58,59,1011,27,196,33118,973],"class_list":{"0":"post-426267","1":"post","2":"type-post","3":"status-publish","4":"format-standard","5":"has-post-thumbnail","7":"category-people","8":"tag-divertissement","9":"tag-entertainment","10":"tag-fr","11":"tag-france","12":"tag-grossesse","13":"tag-marie-portolano","14":"tag-people"},"share_on_mastodon":{"url":"https:\/\/pubeurope.com\/@fr\/115288037504385371","error":""},"_links":{"self":[{"href":"https:\/\/www.europesays.com\/fr\/wp-json\/wp\/v2\/posts\/426267","targetHints":{"allow":["GET"]}}],"collection":[{"href":"https:\/\/www.europesays.com\/fr\/wp-json\/wp\/v2\/posts"}],"about":[{"href":"https:\/\/www.europesays.com\/fr\/wp-json\/wp\/v2\/types\/post"}],"author":[{"embeddable":true,"href":"https:\/\/www.europesays.com\/fr\/wp-json\/wp\/v2\/users\/2"}],"replies":[{"embeddable":true,"href":"https:\/\/www.europesays.com\/fr\/wp-json\/wp\/v2\/comments?post=426267"}],"version-history":[{"count":0,"href":"https:\/\/www.europesays.com\/fr\/wp-json\/wp\/v2\/posts\/426267\/revisions"}],"wp:featuredmedia":[{"embeddable":true,"href":"https:\/\/www.europesays.com\/fr\/wp-json\/wp\/v2\/media\/426268"}],"wp:attachment":[{"href":"https:\/\/www.europesays.com\/fr\/wp-json\/wp\/v2\/media?parent=426267"}],"wp:term":[{"taxonomy":"category","embeddable":true,"href":"https:\/\/www.europesays.com\/fr\/wp-json\/wp\/v2\/categories?post=426267"},{"taxonomy":"post_tag","embeddable":true,"href":"https:\/\/www.europesays.com\/fr\/wp-json\/wp\/v2\/tags?post=426267"}],"curies":[{"name":"wp","href":"https:\/\/api.w.org\/{rel}","templated":true}]}}