{"id":426269,"date":"2025-09-29T14:23:10","date_gmt":"2025-09-29T14:23:10","guid":{"rendered":"https:\/\/www.europesays.com\/fr\/426269\/"},"modified":"2025-09-29T14:23:10","modified_gmt":"2025-09-29T14:23:10","slug":"wildlife-photographer-of-the-year-le-cliche-de-paresseux-de-ce-photographe-de-chartres-est-lune-des-images-de-2025","status":"publish","type":"post","link":"https:\/\/www.europesays.com\/fr\/426269\/","title":{"rendered":"\u00ab Wildlife Photographer of the Year \u00bb : le clich\u00e9 de paresseux de ce photographe de Chartres est l\u2019une des images de 2025"},"content":{"rendered":"<p class=\"paragraph text_align_left lp-f-body-02\"><a href=\"https:\/\/www.leparisien.fr\/animaux\/wildlife-photographer-of-the-year-2024-les-premieres-images-epoustouflantes-du-concours-de-photographie-animaliere-29-08-2024-GPWVDGB2KVDDDN5FPN47SCNM5E.php\" target=\"_self\" rel=\"noopener\">Le Wildlife Photographer of the Year<\/a>, c\u2019est le concours international des plus belles photos de la vie sauvage. Chaque ann\u00e9e, il r\u00e9compense les artistes engag\u00e9s dans la pr\u00e9servation de la biodiversit\u00e9. Une tribune internationale destin\u00e9e \u00e0 \u00e9veiller les consciences. Pour cette 61e \u00e9dition, dont les laur\u00e9ats seront d\u00e9voil\u00e9s le 14 octobre prochain, le jury a re\u00e7u un nombre record de 60 636 images. Cent ont \u00e9t\u00e9 s\u00e9lectionn\u00e9es pour int\u00e9grer la promotion 2025, avant la distinction des laur\u00e9ats. Parmi ces clich\u00e9s, l\u2019un est sign\u00e9 <a href=\"https:\/\/www.instagram.com\/emmanuel.tardy\/\" target=\"_self\" rel=\"noopener\">Emmanuel Tardy<\/a>, photographe animalier amateur bas\u00e9 \u00e0 Bailleau-L\u2019Ev\u00eaque pr\u00e8s de Chartres (Eure-et-Loire)<\/p>\n<p class=\"paragraph text_align_left lp-f-body-02\">\u00ab Etre retenu pour ce concours-l\u00e0, c\u2019est quelque chose d\u2019incroyable, savoure le photographe amoureux de la nature. C\u2019est LA r\u00e9f\u00e9rence de la photo naturaliste, c\u2019est quelque chose d\u2019unique. \u00bb Son clich\u00e9 \u00ab No place like home \u00bb, pr\u00e9sente un paresseux \u00e0 gorge brune traversant prudemment une zone fragment\u00e9e dans la r\u00e9serve d\u2019El Tanque, situ\u00e9e dans la province d\u2019Alajuela, au Costa Rica. <\/p>\n<p class=\"paragraph text_align_left lp-f-body-02\">Comme accroch\u00e9 \u00e0 la vie, l\u2019animal trouve refuge sur un poteau de cl\u00f4ture en ciment avec les fils de fer barbel\u00e9. \u00ab C\u2019est le contraste entre l\u2019animal qui doit se trouver dans une for\u00eat et qui se retrouve dans une clairi\u00e8re accroch\u00e9e \u00e0 l\u2019urbanisation. Il n\u2019a rien \u00e0 faire l\u00e0. Le paresseux est d\u00e9j\u00e0 un animal avec une face tr\u00e8s triste. Et l\u00e0, \u00e7a la renforce. On a aussi de la profondeur avec le chemin cr\u00e9\u00e9 par l\u2019Homme. Il y a un d\u00e9calage entre le milieu naturel de ces animaux et le milieu cr\u00e9\u00e9 par l\u2019Homme. \u00bb<\/p>\n<p>Directeur d\u2019une entreprise de service \u00e0 la personne dans le civil ! <\/p>\n<p class=\"paragraph text_align_left lp-f-body-02\">Une photo que le quinquag\u00e9naire a choy\u00e9e en la gardant secr\u00e8te pendant des mois dans l\u2019attente du prestigieux concours. \u00ab C\u2019est la deuxi\u00e8me fois que je participe. En 2015, mon image n\u2019avait pas retenu l\u2019attention de ce concours-l\u00e0, mais d\u2019autres concours et c\u2019\u00e9tait d\u00e9j\u00e0 une r\u00e9ussite de faire les pr\u00e9s\u00e9lections. En regardant les images qui sortaient chaque ann\u00e9e de ce concours, je m\u2019\u00e9tais dit, que je n\u2019avais pas r\u00e9ellement de photo qui correspondait. Cette image, je l\u2019ai faite en janvier alors que le d\u00e9but du concours est en novembre. Je l\u2019ai je l\u2019ai gard\u00e9e pendant dix mois dans ma phototh\u00e8que sans la sortir en me disant qu\u2019elle pouvait passer les s\u00e9lections et aller un peu plus loin. \u00bb<\/p>\n<p class=\"paragraph text_align_left lp-f-body-02\">Emmanuel Tardy est un photographe autodidacte depuis dix ans. Ce directeur r\u00e9gional dans une entreprise de service \u00e0 la personne est un fervent d\u00e9fenseur de la faune sauvage. Il partage ses voyages et rencontres animali\u00e8res sur son site <a href=\"https:\/\/urldefense.com\/v3\/__http:\/naturanossa.com__;!!Lt0KOR8!VAUtJQLLcihHMXGTxnluC69pak4sRiyOa73S8qFOBBKqXmGwpPGsg2wogBkN_8JsrS1k1rw39_g4aUny-T-FZEaoPD6VPdSK3A$\" rel=\"noopener\" target=\"_blank\">naturanossa.com<\/a> et sur Instagram @emmanuel.tardy pour inviter le public au respect et \u00e0 la contemplation du monde vivant. <\/p>\n<p class=\"paragraph text_align_left lp-f-body-02\">Sa photo fait partie des favorites dans la cat\u00e9gorie \u00ab Faune urbaine \u00bb. Le 27 ao\u00fbt elle faisait partie des 15 images ayant une mention sp\u00e9ciale du jury. \u00ab Ma vraie satisfaction, c\u2019est d\u2019\u00eatre dans les 100. Le titre de photographe de l\u2019ann\u00e9e, non, je n\u2019y pense pas. Et il faut \u00eatre honn\u00eate, je n\u2019ai pas la photo pour \u00eatre le photographe de l\u2019ann\u00e9e, assure le passionn\u00e9. Pour moi, la plus belle des r\u00e9compenses est d\u2019\u00eatre retenue dans l\u2019exposition de \u00ab Wildlife Photographer of the Year 2025 \u00bb qui va faire le tour du monde, \u00e0 commencer par le Natural History Museum de Londres (\u00e0 partir du 17 octobre et jusqu\u2019au 12 juillet 2026). C\u2019est quelque chose d\u2019assez incroyable, en fait. \u00bb<\/p>\n<p><script async src=\"\/\/www.instagram.com\/embed.js\"><\/script><\/p>\n","protected":false},"excerpt":{"rendered":"Le Wildlife Photographer of the Year, c\u2019est le concours international des plus belles photos de la vie sauvage.&hellip;\n","protected":false},"author":2,"featured_media":426270,"comment_status":"","ping_status":"","sticky":false,"template":"","format":"standard","meta":{"footnotes":""},"categories":[1358],"tags":[917,1867,1348,1384,1385,459,1386,58,59,26844,1011,27],"class_list":{"0":"post-426269","1":"post","2":"type-post","3":"status-publish","4":"format-standard","5":"has-post-thumbnail","7":"category-arts-et-design","8":"tag-actu-locale","9":"tag-animaux","10":"tag-arts","11":"tag-arts-and-design","12":"tag-arts-et-design","13":"tag-departements-horsidfo","14":"tag-design","15":"tag-divertissement","16":"tag-entertainment","17":"tag-eure-et-loir-28","18":"tag-fr","19":"tag-france"},"share_on_mastodon":{"url":"https:\/\/pubeurope.com\/@fr\/115288041368405321","error":""},"_links":{"self":[{"href":"https:\/\/www.europesays.com\/fr\/wp-json\/wp\/v2\/posts\/426269","targetHints":{"allow":["GET"]}}],"collection":[{"href":"https:\/\/www.europesays.com\/fr\/wp-json\/wp\/v2\/posts"}],"about":[{"href":"https:\/\/www.europesays.com\/fr\/wp-json\/wp\/v2\/types\/post"}],"author":[{"embeddable":true,"href":"https:\/\/www.europesays.com\/fr\/wp-json\/wp\/v2\/users\/2"}],"replies":[{"embeddable":true,"href":"https:\/\/www.europesays.com\/fr\/wp-json\/wp\/v2\/comments?post=426269"}],"version-history":[{"count":0,"href":"https:\/\/www.europesays.com\/fr\/wp-json\/wp\/v2\/posts\/426269\/revisions"}],"wp:featuredmedia":[{"embeddable":true,"href":"https:\/\/www.europesays.com\/fr\/wp-json\/wp\/v2\/media\/426270"}],"wp:attachment":[{"href":"https:\/\/www.europesays.com\/fr\/wp-json\/wp\/v2\/media?parent=426269"}],"wp:term":[{"taxonomy":"category","embeddable":true,"href":"https:\/\/www.europesays.com\/fr\/wp-json\/wp\/v2\/categories?post=426269"},{"taxonomy":"post_tag","embeddable":true,"href":"https:\/\/www.europesays.com\/fr\/wp-json\/wp\/v2\/tags?post=426269"}],"curies":[{"name":"wp","href":"https:\/\/api.w.org\/{rel}","templated":true}]}}