{"id":426273,"date":"2025-09-29T14:25:16","date_gmt":"2025-09-29T14:25:16","guid":{"rendered":"https:\/\/www.europesays.com\/fr\/426273\/"},"modified":"2025-09-29T14:25:16","modified_gmt":"2025-09-29T14:25:16","slug":"canal-revisite-la-grande-guerre-avec-les-sentinelles-des-super-heros-dans-les-tranchees-rts-ch","status":"publish","type":"post","link":"https:\/\/www.europesays.com\/fr\/426273\/","title":{"rendered":"Canal+ revisite la Grande Guerre avec \u00ab\u00a0Les sentinelles\u00a0\u00bb, des super-h\u00e9ros dans les tranch\u00e9es &#8211; rts.ch"},"content":{"rendered":"<p>Kacey Mottet-Klein\u00a0et\u00a0Thibaut Evrard\u00a0incarnent des soldats d\u2019\u00e9lite dans\u00a0\u00ab\u00a0Les sentinelles\u00a0\u00bb, nouvelle s\u00e9rie de Canal+ \u00e0 voir d\u00e8s le 29 septembre. Inspir\u00e9e de la BD de\u00a0Xavier Dorison, cette production m\u00eale\u00a0histoire\u00a0et\u00a0science-fiction, pour une plong\u00e9e haletante dans une Premi\u00e8re Guerre mondiale r\u00e9invent\u00e9e.<\/p>\n<p>\u00ab\u00a0Les sentinelles\u00a0\u00bb, nouvelle s\u00e9rie de Canal+, s&rsquo;inspire de la bande dessin\u00e9e \u00e9ponyme de Xavier Dorison. \u00ab\u00a0C&rsquo;est une sorte de Marvel \u00e0 la fran\u00e7aise\u00a0\u00bb, explique dans le 12h45 du 23 septembre\u00a0Kacey Mottet-Klein, l&rsquo;un des acteurs principaux. La s\u00e9rie transpose l&rsquo;univers des super-h\u00e9ros dans le contexte de la Premi\u00e8re Guerre mondiale, cr\u00e9ant un m\u00e9lange unique de genres.<\/p>\n<p>Une guerre augment\u00e9e<\/p>\n<p>L&rsquo;histoire suit le soldat Gabriel Ferraud, s\u00e9lectionn\u00e9 pour un programme de recherche secret apr\u00e8s avoir \u00e9t\u00e9 gri\u00e8vement bless\u00e9. Dot\u00e9 de capacit\u00e9s surhumaines gr\u00e2ce \u00e0 un myst\u00e9rieux s\u00e9rum, il rejoint une unit\u00e9 d&rsquo;\u00e9lite, Les sentinelles, au contingent singulier. \u00ab\u00a0On se retrouve avec des gueules cass\u00e9es, des personnages d\u00e9chir\u00e9s, des h\u00e9ros qui sont plut\u00f4t des anti-h\u00e9ros\u00a0\u00bb, pr\u00e9cise l&rsquo;acteur romand Kacey Mottet-Klein.<\/p>\n<p>Contenu externe<\/p>\n<p> Ce contenu externe ne peut pas \u00eatre affich\u00e9 car il est susceptible de collecter des donn\u00e9es personnelles. Pour voir ce contenu vous devez autoriser la cat\u00e9gorie <strong>R\u00e9seaux sociaux<\/strong>. <\/p>\n<p> Accepter Plus d&rsquo;info <\/p>\n<p>Pour incarner ces soldats hors normes, les com\u00e9diens ont suivi une pr\u00e9paration physique intense. \u00ab\u00a0On s\u2019est vraiment retrouv\u00e9s, les quatre Sentinelles, \u00e0 travers le sport\u00a0\u00bb, raconte pour sa part l&rsquo;acteur belgo-suisse Thibaut Evrard. Ce travail corporel a permis de nourrir aussi la\u00a0construction mentale\u00a0des personnages. Car la s\u00e9rie ne se limite pas \u00e0 l\u2019action. Elle explore aussi la\u00a0psychologie des combattants. Thibaud Evrard \u00e9voque le \u00ab\u00a0monologue int\u00e9rieur\u00a0\u00bb de son personnage: \u00ab\u00a0Quelqu\u2019un qui passe de guerre en guerre, et c\u2019est tout ce qu\u2019il sait faire.\u00a0\u00bb<\/p>\n<p>Une fiction qui interroge le r\u00e9el<\/p>\n<p>Bien qu\u2019ancr\u00e9e dans le pass\u00e9,\u00a0la s\u00e9rie r\u00e9sonne avec notre \u00e9poque. \u00ab\u00a0Les sentinelles\u00a0\u00bb \u00e9tablit un parall\u00e8le entre les\u00a0avanc\u00e9es technologiques\u00a0de la Grande Guerre et celles d\u2019aujourd\u2019hui, en interrogeant leurs d\u00e9rives potentielles.<\/p>\n<p>\u00ab\u00a0Durant la Premi\u00e8re Guerre mondiale, il y a eu l\u2019invention du gaz moutarde, rappelle Thibaut Evrard. J\u2019ai l\u2019impression qu\u2019on est toujours dans des avanc\u00e9es technologiques quand on arrive sur des guerres.\u00a0\u00bb<\/p>\n<p>\u00ab\u00a0Les sentinelles\u00a0\u00bb\u00a0propose un\u00a0\u00e9quilibre subtil\u00a0entre spectacle et profondeur. Thibaud Evrard souligne \u00e9galement la tension entre la\u00a0violence historique\u00a0et l\u2019aspect malgr\u00e9 tout ludique\u00a0de la s\u00e9rie.<\/p>\n<p class=\"sources\">Propos recueillis par Julie Evard<\/p>\n<p class=\"credit\">Adaptation web: S\u00e9bastien Foggiato<\/p>\n<p class=\"article-footnote\">\u00ab\u00a0Les sentinelles\u00a0\u00bb de Thierry Poiraud et \u00c9douard Salier, avec\u00a0Louis Peres,\u00a0Thibaut Evrard,\u00a0Kacey Mottet-Klein. A voir sur Canal+ d\u00e8s le 29 septembre 2025.<\/p>\n","protected":false},"excerpt":{"rendered":"Kacey Mottet-Klein\u00a0et\u00a0Thibaut Evrard\u00a0incarnent des soldats d\u2019\u00e9lite dans\u00a0\u00ab\u00a0Les sentinelles\u00a0\u00bb, nouvelle s\u00e9rie de Canal+ \u00e0 voir d\u00e8s le 29 septembre.&hellip;\n","protected":false},"author":2,"featured_media":426274,"comment_status":"","ping_status":"","sticky":false,"template":"","format":"standard","meta":{"footnotes":""},"categories":[1356],"tags":[253,1693,10474,650,58,59,1011,27,1146,937,55507,2384,1314,2049,2136,252,55508,1364,55509],"class_list":{"0":"post-426273","1":"post","2":"type-post","3":"status-publish","4":"format-standard","5":"has-post-thumbnail","7":"category-television","8":"tag-acteur","9":"tag-arts-et-divertissement","10":"tag-canal","11":"tag-cinema","12":"tag-divertissement","13":"tag-entertainment","14":"tag-fr","15":"tag-france","16":"tag-guerre","17":"tag-histoire","18":"tag-kacey-mottet-klein","19":"tag-premiere-guerre-mondiale","20":"tag-series","21":"tag-soldat","22":"tag-super-heros","23":"tag-television","24":"tag-thibaut-evrard","25":"tag-tv","26":"tag-xavier-dorison"},"share_on_mastodon":{"url":"https:\/\/pubeurope.com\/@fr\/115288049185336131","error":""},"_links":{"self":[{"href":"https:\/\/www.europesays.com\/fr\/wp-json\/wp\/v2\/posts\/426273","targetHints":{"allow":["GET"]}}],"collection":[{"href":"https:\/\/www.europesays.com\/fr\/wp-json\/wp\/v2\/posts"}],"about":[{"href":"https:\/\/www.europesays.com\/fr\/wp-json\/wp\/v2\/types\/post"}],"author":[{"embeddable":true,"href":"https:\/\/www.europesays.com\/fr\/wp-json\/wp\/v2\/users\/2"}],"replies":[{"embeddable":true,"href":"https:\/\/www.europesays.com\/fr\/wp-json\/wp\/v2\/comments?post=426273"}],"version-history":[{"count":0,"href":"https:\/\/www.europesays.com\/fr\/wp-json\/wp\/v2\/posts\/426273\/revisions"}],"wp:featuredmedia":[{"embeddable":true,"href":"https:\/\/www.europesays.com\/fr\/wp-json\/wp\/v2\/media\/426274"}],"wp:attachment":[{"href":"https:\/\/www.europesays.com\/fr\/wp-json\/wp\/v2\/media?parent=426273"}],"wp:term":[{"taxonomy":"category","embeddable":true,"href":"https:\/\/www.europesays.com\/fr\/wp-json\/wp\/v2\/categories?post=426273"},{"taxonomy":"post_tag","embeddable":true,"href":"https:\/\/www.europesays.com\/fr\/wp-json\/wp\/v2\/tags?post=426273"}],"curies":[{"name":"wp","href":"https:\/\/api.w.org\/{rel}","templated":true}]}}