{"id":426277,"date":"2025-09-29T14:27:12","date_gmt":"2025-09-29T14:27:12","guid":{"rendered":"https:\/\/www.europesays.com\/fr\/426277\/"},"modified":"2025-09-29T14:27:12","modified_gmt":"2025-09-29T14:27:12","slug":"de-quoi-va-parler-the-social-network-2","status":"publish","type":"post","link":"https:\/\/www.europesays.com\/fr\/426277\/","title":{"rendered":"de quoi va parler \u00ab The Social Network 2 \u00bb ?"},"content":{"rendered":"<p>Sorti en 2010, The Social Network plongeait les spectateurs dans les coulisses de la naissance du r\u00e9seau social <a href=\"https:\/\/www.presse-citron.net\/telecharger\/reseaux-sociaux-vie-pratique\/reseaux-sociaux\/facebook.html\" rel=\"nofollow noopener\" target=\"_blank\">Facebook<\/a>, entre ambition, g\u00e9nie et trahisons. R\u00e9alis\u00e9 par David Fincher, le film se voulait une fresque ac\u00e9r\u00e9e sur la jeunesse connect\u00e9e, port\u00e9e par un sc\u00e9nario brillant sign\u00e9 Aaron Sorkin. Plus qu\u2019un simple biopic, certains y ont vu une radiographie de l\u2019\u00e8re num\u00e9rique et de ses d\u00e9rives\u2026 et une suite est d\u00e9sormais pr\u00e9vue pour le 9 octobre 2026.<\/p>\n<p> Ne l\u2019appelez pas The Social Network 2 <\/p>\n<p>Sony Pictures a en effet d\u00e9voil\u00e9 de nouveaux d\u00e9tails concernant cette suite, qui d\u00e9barquera dans les salles obscures pas moins de 16 ans apr\u00e8s le premier opus. <strong>\u00c0 ce propos, il faut savoir que le film ne s\u2019intitulera pas The Social Network 2, mais The Social Reckoning.<\/strong><\/p>\n<p>\u00c0 l\u2019\u00e9criture, pas de changement, on retrouvera encore la plume d\u2019Aaron Sorkin, qui sera cette fois \u00e9galement \u00e0 la r\u00e9alisation, David Fincher (en charge de The Social Network) \u00e9tant quant \u00e0 lui sur un autre projet.<\/p>\n<blockquote class=\"twitter-tweet\">\n<p dir=\"ltr\" lang=\"en\">Aaron Sorkin\u2019s sequel to \u2018THE SOCIAL NETWORK\u2019 will be released in theaters on October 9, 2026.<\/p>\n<p>Titled \u2018THE SOCIAL RECKONING,\u2019 it will star Mikey Madison, Jeremy Allen White and Jeremy Strong as Mark Zuckerberg. <a href=\"https:\/\/t.co\/tfPklx6eJn\" rel=\"nofollow\">pic.twitter.com\/tfPklx6eJn<\/a><\/p>\n<p>\u2014 Film Updates (@FilmUpdates) <a href=\"https:\/\/twitter.com\/FilmUpdates\/status\/1971629390892356047?ref_src=twsrc%5Etfw\" rel=\"nofollow noopener\" target=\"_blank\">September 26, 2025<\/a><\/p>\n<\/blockquote>\n<p>C\u00f4t\u00e9 casting, pas de Jesse Eisenberg pour incarner Mark Zuckerberg, mais Jeremy Strong, que l\u2019on a pu voir dans la s\u00e9rie Succession ou encore dans The Apprentice. \u00c0 ses c\u00f4t\u00e9s, on retrouvera Bill Burr (Breaking Bad, The Mandalorian\u2026), mais aussi Mikey Madison, ainsi que Jeremy Allen White.<\/p>\n<p> Le film va se pencher sur les \u00ab\u00a0Facebook Files\u00a0\u00bb <\/p>\n<p>Ce prochain long-m\u00e9trage ne retournera pas sur la gen\u00e8se de Facebook mais puisera son inspiration dans <a href=\"https:\/\/www.presse-citron.net\/facebook-files-retour-sur-les-revelations-chocs-dune-ex-employee\/\" target=\"_blank\" rel=\"false noopener nofollow\">les c\u00e9l\u00e8bres \u00ab\u00a0Facebook Files\u00a0\u00bb<\/a>, une enqu\u00eate publi\u00e9e par le Wall Street Journal en octobre 2021 et sign\u00e9e Jeff Horowitz (interpr\u00e9t\u00e9 \u00e0 l\u2019\u00e9cran par Jeremy Allen White). Ces r\u00e9v\u00e9lations ont mis en lumi\u00e8re le fonctionnement interne du g\u00e9ant des r\u00e9seaux sociaux et les d\u00e9g\u00e2ts qu\u2019il a engendr\u00e9s. Pour l\u2019heure, peu d\u2019\u00e9l\u00e9ments ont filtr\u00e9 : outre un Mark Zuckerberg renouvel\u00e9, on sait seulement que Mikey Madison pr\u00eatera ses traits \u00e0 Frances Haugen, la lanceuse d\u2019alerte.<\/p>\n<p>Du c\u00f4t\u00e9 de chez Facebook, rappelons que l\u2019on joue depuis quelques mois d\u00e9j\u00e0 la carte de la nostalgie, <a href=\"https:\/\/www.presse-citron.net\/2025-poke-retour-facebook\/\" rel=\"nofollow noopener\" target=\"_blank\">avec notamment le retour\u2026 des pokes<\/a>. Car oui, ces petites tapes virtuelles qui servaient \u00e0 briser la glace, flirter timidement ou rappeler sa pr\u00e9sence, gardent une place particuli\u00e8re dans la m\u00e9moire des utilisateurs.<\/p>\n<blockquote>\n<p class=\"text-base text-neutral-700 dark:text-neutral-300\">\ud83d\udccd Pour ne manquer aucune actualit\u00e9 de Presse-citron, suivez-nous sur <a href=\"https:\/\/news.google.com\/publications\/CAAqBggKMIPiNTC70wU?hl=fr&amp;gl=FR&amp;ceid=FR%3Afr\" target=\"_blank\" rel=\"nofollow noopener\">Google Actualit\u00e9s<\/a> et <a href=\"https:\/\/whatsapp.com\/channel\/0029VaCkGuz4NViitBXbEr0b\" target=\"_blank\" rel=\"nofollow noopener\">WhatsApp<\/a>.<\/p>\n<\/blockquote>\n<p>            <img decoding=\"async\" src=\"https:\/\/www.europesays.com\/fr\/wp-content\/uploads\/2025\/09\/facebook.png\" alt=\"Facebook\" loading=\"lazy\"\/>                            <script async src=\"https:\/\/platform.twitter.com\/widgets.js\" charset=\"utf-8\"><\/script><\/p>\n","protected":false},"excerpt":{"rendered":"Sorti en 2010, The Social Network plongeait les spectateurs dans les coulisses de la naissance du r\u00e9seau social&hellip;\n","protected":false},"author":2,"featured_media":426278,"comment_status":"","ping_status":"","sticky":false,"template":"","format":"standard","meta":{"footnotes":""},"categories":[1354],"tags":[58,59,4688,1346,1011,27,1016,1360],"class_list":{"0":"post-426277","1":"post","2":"type-post","3":"status-publish","4":"format-standard","5":"has-post-thumbnail","7":"category-films","8":"tag-divertissement","9":"tag-entertainment","10":"tag-facebook","11":"tag-films","12":"tag-fr","13":"tag-france","14":"tag-meta","15":"tag-movies"},"share_on_mastodon":{"url":"https:\/\/pubeurope.com\/@fr\/115288057500364612","error":""},"_links":{"self":[{"href":"https:\/\/www.europesays.com\/fr\/wp-json\/wp\/v2\/posts\/426277","targetHints":{"allow":["GET"]}}],"collection":[{"href":"https:\/\/www.europesays.com\/fr\/wp-json\/wp\/v2\/posts"}],"about":[{"href":"https:\/\/www.europesays.com\/fr\/wp-json\/wp\/v2\/types\/post"}],"author":[{"embeddable":true,"href":"https:\/\/www.europesays.com\/fr\/wp-json\/wp\/v2\/users\/2"}],"replies":[{"embeddable":true,"href":"https:\/\/www.europesays.com\/fr\/wp-json\/wp\/v2\/comments?post=426277"}],"version-history":[{"count":0,"href":"https:\/\/www.europesays.com\/fr\/wp-json\/wp\/v2\/posts\/426277\/revisions"}],"wp:featuredmedia":[{"embeddable":true,"href":"https:\/\/www.europesays.com\/fr\/wp-json\/wp\/v2\/media\/426278"}],"wp:attachment":[{"href":"https:\/\/www.europesays.com\/fr\/wp-json\/wp\/v2\/media?parent=426277"}],"wp:term":[{"taxonomy":"category","embeddable":true,"href":"https:\/\/www.europesays.com\/fr\/wp-json\/wp\/v2\/categories?post=426277"},{"taxonomy":"post_tag","embeddable":true,"href":"https:\/\/www.europesays.com\/fr\/wp-json\/wp\/v2\/tags?post=426277"}],"curies":[{"name":"wp","href":"https:\/\/api.w.org\/{rel}","templated":true}]}}