{"id":426279,"date":"2025-09-29T14:28:13","date_gmt":"2025-09-29T14:28:13","guid":{"rendered":"https:\/\/www.europesays.com\/fr\/426279\/"},"modified":"2025-09-29T14:28:13","modified_gmt":"2025-09-29T14:28:13","slug":"doit-on-sinquieter-de-larrivee-du-nouveau-variant-au-doux-nom-de-frankenstein","status":"publish","type":"post","link":"https:\/\/www.europesays.com\/fr\/426279\/","title":{"rendered":"Doit-on s\u2019inqui\u00e9ter de l\u2019arriv\u00e9e du nouveau variant au doux nom de \u00ab\u00a0Frankenstein\u00a0\u00bb\u00a0?"},"content":{"rendered":"<p> \u00abFrankenstein\u00a0\u00bb. Le surnom l\u00e9g\u00e8rement inqui\u00e9tant du nouveau variant du <a href=\"https:\/\/www.20minutes.fr\/societe\/covid-19\/\" class=\"c-link c-link--is-underlined\" target=\"_blank\" rel=\"noopener\">Covid-19<\/a> doit-il pour autant nous faire paniquer\u00a0? Comme \u00e0 chaque rentr\u00e9e, les cas de <a href=\"https:\/\/www.20minutes.fr\/dossier\/coronavirus\" class=\"c-link c-link--is-underlined\" target=\"_blank\" rel=\"noopener\">coronavirus<\/a> repartent \u00e0 la hausse. Sant\u00e9 publique France indique que le nombre de passages et d\u2019hospitalisations aux urgences pour une suspicion d\u2019infection au Covid-19 a augment\u00e9 de 37\u00a0% pour le public adulte lors de la semaine du 15 au 21\u00a0septembre.<\/p>\n<p>Le taux d\u2019incidence du virus est pass\u00e9 de 38 cas pour 100.000 habitants du 8 au 14\u00a0septembre \u00e0 49 cas pour la semaine du 15 au 21\u00a0septembre, selon le r\u00e9seau Sentinelles. L\u2019OMS ajoute que \u00ab\u00a0le XFG conna\u00eet une croissance rapide par rapport aux variants co-circulants \u00e0 l\u2019\u00e9chelle mondiale.\u00a0\u00bb Doit-on alors s\u2019inqui\u00e9ter de l\u2019arriv\u00e9e de \u00ab\u00a0Frankenstein\u00a0\u00bb en France\u00a0?<\/p>\n<p>En quoi consiste ce nouveau variant\u00a0?<\/p>\n<p>Parmi les variants sous surveillance, se trouve un petit nouveau\u00a0: <a href=\"https:\/\/www.20minutes.fr\/sante\/4175200-20250925-covid-19-augmentation-cas-nouveau-variant-vers-reprise-epidemique-automne\" class=\"c-link c-link--is-underlined\" target=\"_blank\" rel=\"noopener\">le variant \u00ab\u00a0XFG\u00a0\u00bb<\/a>, surnomm\u00e9 \u00ab\u00a0Frankenstein\u00a0\u00bb en raison de son hybridation de plusieurs souches du virus. Il s\u2019agit d\u2019un d\u00e9riv\u00e9 du variant Omicron et \u00ab\u00a0sa pr\u00e9valence est en augmentation \u00e0 l\u2019\u00e9chelle mondiale\u00a0\u00bb, indique l\u2019Organisation mondiale de la Sant\u00e9 (<a href=\"https:\/\/www.20minutes.fr\/dossier\/oms\" class=\"c-link c-link--is-underlined\" target=\"_blank\" rel=\"noopener\">OMS<\/a>) dans un bulletin publi\u00e9 le 25\u00a0juin dernier. Plusieurs pays d\u2019Asie du Sud-Est ont signal\u00e9 une augmentation simultan\u00e9e des nouveaux cas et des hospitalisations, o\u00f9 le XFG a \u00e9t\u00e9 largement d\u00e9tect\u00e9. \u00ab\u00a0Les donn\u00e9es actuelles n\u2019indiquent pas que ce variant entra\u00eene une forme plus grave ou des d\u00e9c\u00e8s que les autres variants en circulation\u00a0\u00bb, rassure l\u2019OMS dans son communiqu\u00e9.<\/p>\n<\/p>\n<p>Doit-on s\u2019en inqui\u00e9ter\u00a0?<\/p>\n<p>\u00ab\u00a0Compte tenu des donn\u00e9es disponibles, le risque suppl\u00e9mentaire pour la sant\u00e9 publique pos\u00e9 par le XFG est jug\u00e9 faible \u00e0 l\u2019\u00e9chelle mondiale\u00a0\u00bb, estime l\u2019OMS. Selon l\u2019organisation, les <a href=\"https:\/\/www.20minutes.fr\/france\/vaccination\/\" class=\"c-link c-link--is-underlined\" target=\"_blank\" rel=\"noopener\">vaccins contre la Covid-19<\/a> actuellement approuv\u00e9s devraient rester efficaces contre ce variant, qu\u2019il s\u2019agisse de formes symptomatiques ou graves. Pour l\u2019instant, il n\u2019y a donc pas de raison de paniquer. D\u2019autant plus que la campagne vaccinale contre le Covid-19 d\u00e9bute dans deux semaines, le 14\u00a0octobre prochain. Elle vise particuli\u00e8rement les personnes \u00e0 risque, comme celles \u00e2g\u00e9es de plus de 65 ans, <a href=\"https:\/\/www.20minutes.fr\/sante\/3226707-20220131-covid-19-jour-fin-immunodeprimes-chaque-sortie-peut-etre-mortelle\" class=\"c-link c-link--is-underlined\" target=\"_blank\" rel=\"noopener\">immunod\u00e9prim\u00e9es<\/a> ou <a href=\"https:\/\/www.20minutes.fr\/sante\/3089103-20210722-coronavirus-pourquoi-femmes-enceintes-elles-desormais-autorisees-faire-vacciner-debut-grossesse\" class=\"c-link c-link--is-underlined\" target=\"_blank\" rel=\"noopener\">les femmes enceintes<\/a>, ainsi que leur entourage.<\/p>\n","protected":false},"excerpt":{"rendered":"\u00abFrankenstein\u00a0\u00bb. Le surnom l\u00e9g\u00e8rement inqui\u00e9tant du nouveau variant du Covid-19 doit-il pour autant nous faire paniquer\u00a0? Comme \u00e0&hellip;\n","protected":false},"author":2,"featured_media":426280,"comment_status":"","ping_status":"","sticky":false,"template":"","format":"standard","meta":{"footnotes":""},"categories":[10],"tags":[47,4356,4357,1011,27,72,2570,71,48881,5336],"class_list":{"0":"post-426279","1":"post","2":"type-post","3":"status-publish","4":"format-standard","5":"has-post-thumbnail","7":"category-sante","8":"tag-actualite","9":"tag-coronavirus","10":"tag-covid-19","11":"tag-fr","12":"tag-france","13":"tag-health","14":"tag-oms","15":"tag-sante","16":"tag-vaccin-anti-covid","17":"tag-virus"},"share_on_mastodon":{"url":"https:\/\/pubeurope.com\/@fr\/115288060985665632","error":""},"_links":{"self":[{"href":"https:\/\/www.europesays.com\/fr\/wp-json\/wp\/v2\/posts\/426279","targetHints":{"allow":["GET"]}}],"collection":[{"href":"https:\/\/www.europesays.com\/fr\/wp-json\/wp\/v2\/posts"}],"about":[{"href":"https:\/\/www.europesays.com\/fr\/wp-json\/wp\/v2\/types\/post"}],"author":[{"embeddable":true,"href":"https:\/\/www.europesays.com\/fr\/wp-json\/wp\/v2\/users\/2"}],"replies":[{"embeddable":true,"href":"https:\/\/www.europesays.com\/fr\/wp-json\/wp\/v2\/comments?post=426279"}],"version-history":[{"count":0,"href":"https:\/\/www.europesays.com\/fr\/wp-json\/wp\/v2\/posts\/426279\/revisions"}],"wp:featuredmedia":[{"embeddable":true,"href":"https:\/\/www.europesays.com\/fr\/wp-json\/wp\/v2\/media\/426280"}],"wp:attachment":[{"href":"https:\/\/www.europesays.com\/fr\/wp-json\/wp\/v2\/media?parent=426279"}],"wp:term":[{"taxonomy":"category","embeddable":true,"href":"https:\/\/www.europesays.com\/fr\/wp-json\/wp\/v2\/categories?post=426279"},{"taxonomy":"post_tag","embeddable":true,"href":"https:\/\/www.europesays.com\/fr\/wp-json\/wp\/v2\/tags?post=426279"}],"curies":[{"name":"wp","href":"https:\/\/api.w.org\/{rel}","templated":true}]}}