{"id":426281,"date":"2025-09-29T14:29:09","date_gmt":"2025-09-29T14:29:09","guid":{"rendered":"https:\/\/www.europesays.com\/fr\/426281\/"},"modified":"2025-09-29T14:29:09","modified_gmt":"2025-09-29T14:29:09","slug":"le-club-a-jete-son-devolu-sur-corinne-diacre","status":"publish","type":"post","link":"https:\/\/www.europesays.com\/fr\/426281\/","title":{"rendered":"le club a jet\u00e9 son d\u00e9volu sur Corinne Diacre"},"content":{"rendered":"<p>Selon nos informations, l&rsquo;OM a fait savoir ce lundi matin qu&rsquo;il portait son choix sur Corinne Diacre. Sans poste depuis la fin de son aventure \u00e0 la t\u00eate de l&rsquo;\u00e9quipe de France f\u00e9minines en 2023, l&rsquo;ancienne internationale (121 s\u00e9lections, 51 ans) est tr\u00e8s emball\u00e9e par le projet port\u00e9 la direction des Marseillaises.<\/p>\n<p>Actuellement au Chili<\/p>\n<p>Les \u00e9changes lors des diff\u00e9rentes visioconf\u00e9rences ont confirm\u00e9 cette envie mutuelle de travailler ensemble, envie partag\u00e9e \u00e0 tous les \u00e9tages du club. Reste maintenant aux deux parties \u00e0 trouver un accord contractuel, ce qui pourrait intervenir dans les prochaines heures, voire les prochains jours, tant l&rsquo;un et l&rsquo;autre des protagonistes souhaitent unir leur destin.<\/p>\n<p>Corinne Diacre est actuellement au Chili pour superviser la coupe du monde U20 pour le compte de la FIFA. Elle a \u00e9t\u00e9 la premi\u00e8re femme \u00e0 avoir obtenu le Brevet d&rsquo;entra\u00eeneur professionnel de football (BEPF), la premi\u00e8re aussi \u00e0 diriger une \u00e9quipe pro masculine, lorsqu&rsquo;elle est nomm\u00e9e \u00e0 la t\u00eate de Clermont en 2014. Elle a \u00e9t\u00e9 s\u00e9lectionneure des Bleues de 2017 \u00e0 2023.<\/p>\n","protected":false},"excerpt":{"rendered":"Selon nos informations, l&rsquo;OM a fait savoir ce lundi matin qu&rsquo;il portait son choix sur Corinne Diacre. Sans&hellip;\n","protected":false},"author":2,"featured_media":426282,"comment_status":"","ping_status":"","sticky":false,"template":"","format":"standard","meta":{"footnotes":""},"categories":[9],"tags":[17,1102,5244,55510,4283,1011,27,24839,149,3711,60,3356],"class_list":{"0":"post-426281","1":"post","2":"type-post","3":"status-publish","4":"format-standard","5":"has-post-thumbnail","7":"category-sports","8":"tag-17","9":"tag-breakingnews","10":"tag-club","11":"tag-devolu","12":"tag-feminine","13":"tag-fr","14":"tag-france","15":"tag-jete","16":"tag-om","17":"tag-son","18":"tag-sports","19":"tag-sur"},"share_on_mastodon":{"url":"https:\/\/pubeurope.com\/@fr\/115288065040164499","error":""},"_links":{"self":[{"href":"https:\/\/www.europesays.com\/fr\/wp-json\/wp\/v2\/posts\/426281","targetHints":{"allow":["GET"]}}],"collection":[{"href":"https:\/\/www.europesays.com\/fr\/wp-json\/wp\/v2\/posts"}],"about":[{"href":"https:\/\/www.europesays.com\/fr\/wp-json\/wp\/v2\/types\/post"}],"author":[{"embeddable":true,"href":"https:\/\/www.europesays.com\/fr\/wp-json\/wp\/v2\/users\/2"}],"replies":[{"embeddable":true,"href":"https:\/\/www.europesays.com\/fr\/wp-json\/wp\/v2\/comments?post=426281"}],"version-history":[{"count":0,"href":"https:\/\/www.europesays.com\/fr\/wp-json\/wp\/v2\/posts\/426281\/revisions"}],"wp:featuredmedia":[{"embeddable":true,"href":"https:\/\/www.europesays.com\/fr\/wp-json\/wp\/v2\/media\/426282"}],"wp:attachment":[{"href":"https:\/\/www.europesays.com\/fr\/wp-json\/wp\/v2\/media?parent=426281"}],"wp:term":[{"taxonomy":"category","embeddable":true,"href":"https:\/\/www.europesays.com\/fr\/wp-json\/wp\/v2\/categories?post=426281"},{"taxonomy":"post_tag","embeddable":true,"href":"https:\/\/www.europesays.com\/fr\/wp-json\/wp\/v2\/tags?post=426281"}],"curies":[{"name":"wp","href":"https:\/\/api.w.org\/{rel}","templated":true}]}}