{"id":426289,"date":"2025-09-29T14:33:11","date_gmt":"2025-09-29T14:33:11","guid":{"rendered":"https:\/\/www.europesays.com\/fr\/426289\/"},"modified":"2025-09-29T14:33:11","modified_gmt":"2025-09-29T14:33:11","slug":"la-turquie-porte-secours-a-lun-des-bateaux-en-panne","status":"publish","type":"post","link":"https:\/\/www.europesays.com\/fr\/426289\/","title":{"rendered":"la Turquie porte secours \u00e0 l\u2019un des bateaux en panne"},"content":{"rendered":"<p>Selon Semih Fener, le capitaine de l\u2019un des navires d\u00e9p\u00each\u00e9s sur place, l\u2019incident \u00e9tait d\u00fb \u00e0 une panne technique.<\/p>\n<p class=\"fig-paragraph\">La\u00a0<a href=\"https:\/\/www.lefigaro.fr\/tag\/turquie\" target=\"_blank\" rel=\"sponsored noopener\" data-gtm-custom-categorie=\"navigation\" data-gtm-custom-action=\"crossclick\" data-gtm-custom-label=\"Contextuel\" data-gtm-event=\"customEventSPE\">Turquie\u00a0<\/a>s&rsquo;est port\u00e9e lundi au secours d&rsquo;un des bateaux de la flottille en route pour<a href=\"http:\/\/www.lefigaro.fr\/culture\/jennifer-lawrence-condamne-un-genocide-inacceptable-a-gaza-20250929\" data-fig-type=\"NewsFlash\" data-gtm-custom-categorie=\"navigation\" data-gtm-custom-action=\"crossclick\" data-gtm-custom-label=\"Contextuel\" data-gtm-event=\"customEventSPE\" data-fig-domain=\"LEFIGARO\" target=\"_blank\" rel=\"noopener\">\u00a0Gaza\u00a0<\/a>victime d&rsquo;une avarie, ont rapport\u00e9 les organisateurs et l&rsquo;agence \u00e9tatique Anadolu. La plateforme qui op\u00e8re la \u00abflottille de la libert\u00e9\u00bb a pour sa part annonc\u00e9 sur son site la panne et affirm\u00e9 que toutes les personnes \u00e0 bord ont \u00e9t\u00e9 secourues, sans mentionner l&rsquo;intervention de la Turquie. \u00abTous les participants ont \u00e9t\u00e9 transf\u00e9r\u00e9s sains et saufs sur un autre bateau. Certains seront r\u00e9affect\u00e9s \u00e0 d&rsquo;autres navires et seront ramen\u00e9s \u00e0 terre\u00bb, pr\u00e9cise le communiqu\u00e9.<\/p>\n<p class=\"fig-paragraph\">Selon Anadolu, le bateau Johnny M. se trouvait dans les eaux internationales entre la Cr\u00e8te, Chypre et l&rsquo;\u00c9gypte lorsqu&rsquo;il a lanc\u00e9 un appel de d\u00e9tresse lundi matin t\u00f4t. Les autorit\u00e9s turques et le Croissant-Rouge turc ont coordonn\u00e9 l&rsquo;op\u00e9ration d&rsquo;\u00e9vacuation. Selon le capitaine de l&rsquo;un des navires d\u00e9p\u00each\u00e9s sur place, Semih Fener, l&rsquo;incident \u00e9tait d\u00fb \u00e0 une panne technique. \u00abNous avons r\u00e9cup\u00e9r\u00e9 douze personnes que nous avons r\u00e9parties sur d&rsquo;autres bateaux. Quatre personnes devront rentrer chez elles\u00bb via la Turquie, a-t-il d\u00e9clar\u00e9.<\/p>\n<p>                                    <a class=\"fig-a11y-skip a11y-hidden\" href=\"#fig-a11y-skip-main-inarticle\"><br \/>\n        Passer la publicit\u00e9<br \/>\n    <\/a><\/p>\n<p class=\"fig-paragraph\"><a href=\"https:\/\/video.lefigaro.fr\/figaro\/international\/lactrice-adele-haenel-annonce-quitter-la-flottille-pour-gaza-apres-une-avarie-sur-son-navire-20250928\" data-fig-type=\"Video\" data-gtm-custom-categorie=\"navigation\" data-gtm-custom-action=\"crossclick\" data-gtm-custom-label=\"Contextuel\" data-gtm-event=\"customEventSPE\" data-fig-domain=\"LEFIGARO\" target=\"_blank\" rel=\"noopener\">La flottille<\/a>\u00a0qui compte arriver \u00abdans quatre jours\u00bb \u00e0 Gaza pour y d\u00e9livrer de l&rsquo;aide humanitaire a subi plusieurs attaques condamn\u00e9es par l&rsquo;ONU et l&rsquo;Union europ\u00e9enne. L&rsquo;Italie et l&rsquo;Espagne ont d\u00e9p\u00each\u00e9 des b\u00e2timents militaires \u00e0 proximit\u00e9 des bateaux, partis au d\u00e9but du mois de Barcelone, en Espagne, pour assurer leur protection.<\/p>\n","protected":false},"excerpt":{"rendered":"Selon Semih Fener, le capitaine de l\u2019un des navires d\u00e9p\u00each\u00e9s sur place, l\u2019incident \u00e9tait d\u00fb \u00e0 une panne&hellip;\n","protected":false},"author":2,"featured_media":426290,"comment_status":"","ping_status":"","sticky":false,"template":"","format":"standard","meta":{"footnotes":""},"categories":[5],"tags":[6599,11,1011,27,665,14,12,3496,28],"class_list":{"0":"post-426289","1":"post","2":"type-post","3":"status-publish","4":"format-standard","5":"has-post-thumbnail","7":"category-international","8":"tag-activistes","9":"tag-actualites","10":"tag-fr","11":"tag-france","12":"tag-gaza","13":"tag-international","14":"tag-news","15":"tag-turquie","16":"tag-world"},"share_on_mastodon":{"url":"https:\/\/pubeurope.com\/@fr\/115288080703916202","error":""},"_links":{"self":[{"href":"https:\/\/www.europesays.com\/fr\/wp-json\/wp\/v2\/posts\/426289","targetHints":{"allow":["GET"]}}],"collection":[{"href":"https:\/\/www.europesays.com\/fr\/wp-json\/wp\/v2\/posts"}],"about":[{"href":"https:\/\/www.europesays.com\/fr\/wp-json\/wp\/v2\/types\/post"}],"author":[{"embeddable":true,"href":"https:\/\/www.europesays.com\/fr\/wp-json\/wp\/v2\/users\/2"}],"replies":[{"embeddable":true,"href":"https:\/\/www.europesays.com\/fr\/wp-json\/wp\/v2\/comments?post=426289"}],"version-history":[{"count":0,"href":"https:\/\/www.europesays.com\/fr\/wp-json\/wp\/v2\/posts\/426289\/revisions"}],"wp:featuredmedia":[{"embeddable":true,"href":"https:\/\/www.europesays.com\/fr\/wp-json\/wp\/v2\/media\/426290"}],"wp:attachment":[{"href":"https:\/\/www.europesays.com\/fr\/wp-json\/wp\/v2\/media?parent=426289"}],"wp:term":[{"taxonomy":"category","embeddable":true,"href":"https:\/\/www.europesays.com\/fr\/wp-json\/wp\/v2\/categories?post=426289"},{"taxonomy":"post_tag","embeddable":true,"href":"https:\/\/www.europesays.com\/fr\/wp-json\/wp\/v2\/tags?post=426289"}],"curies":[{"name":"wp","href":"https:\/\/api.w.org\/{rel}","templated":true}]}}