{"id":426298,"date":"2025-09-29T14:38:10","date_gmt":"2025-09-29T14:38:10","guid":{"rendered":"https:\/\/www.europesays.com\/fr\/426298\/"},"modified":"2025-09-29T14:38:10","modified_gmt":"2025-09-29T14:38:10","slug":"une-association-estime-que-nancy-doit-faire-mieux-pour-la-condition-animale-la-ville-repond","status":"publish","type":"post","link":"https:\/\/www.europesays.com\/fr\/426298\/","title":{"rendered":"Une association estime que Nancy \u00ab\u00a0doit faire mieux\u00a0\u00bb pour la condition animale : la Ville r\u00e9pond"},"content":{"rendered":"<p>            Par<br \/>\n        <strong><br \/>\n            <a href=\"https:\/\/actu.fr\/auteur\/pierre-emile-bouchy-actu-fr\" title=\"Consulter tous les articles de Paul-Emile Bouchy\" target=\"_blank\" rel=\"noopener\">Paul-Emile Bouchy<\/a><br \/>\n        <\/strong><\/p>\n<p>        Publi\u00e9 le<\/p>\n<p>            29 sept. 2025 \u00e0 16h29        <\/p>\n<p>Apr\u00e8s avoir d\u00e9nonc\u00e9 <a href=\"https:\/\/actu.fr\/grand-est\/metz_57463\/metz-une-association-denonce-un-bilan-mitige-sur-la-condition-animale-la-ville-evoque-un-proces-rude_63179444.html\" target=\"_blank\" rel=\"noopener\">un \u00ab\u2009bilan mitig\u00e9\u2009\u00bb sur la condition animale \u00e0 Metz<\/a> (Moselle), l\u2019association PAZ dresse son \u00e9tat des lieux dans ce domaine pour la Ville de <a href=\"https:\/\/actu.fr\/grand-est\/nancy_54395\" target=\"_blank\" rel=\"noopener\">Nancy<\/a> (Meurthe-et-Moselle).<\/p>\n<p class=\" wall-content\">Si l\u2019association salue des avanc\u00e9es notables avec <a href=\"https:\/\/actu.fr\/grand-est\/nancy_54395\/la-ville-de-nancy-vote-la-fin-des-animaux-sauvages-au-parc-de-la-pepiniere_37208920.html\" target=\"_blank\" rel=\"noopener\">la fin de la captivit\u00e9 des animaux sauvages au parc de la P\u00e9pini\u00e8re<\/a> et <strong>l\u2019attribution d\u2019une d\u00e9l\u00e9gation \u00e0 la condition animale<\/strong>, elle estime que <strong>Nancy \u00ab\u2009doit faire mieux pour la condition animale\u2009\u00bb<\/strong> et liste des actions que la municipalit\u00e9 doit entreprendre.<\/p>\n<p>L\u2019association oppos\u00e9e \u00e0 la cr\u00e9ation d\u2019une voli\u00e8re \u00e0 la P\u00e9pini\u00e8re<\/p>\n<p class=\" wall-content\">Dans son bilan, l\u2019association PAZ regrette que la Ville de Nancy n\u2019ait pas \u00ab\u2009clairement pris position\u2009\u00bb sur certaines pratiques comme<strong> les m\u00e9thodes cruelles visant les pigeons, les salons animaliers et l\u2019utilisation des feux d\u2019artifice traditionnels<\/strong>.<\/p>\n<p class=\" wall-content\">Elle s\u2019oppose \u00e9galement <a href=\"https:\/\/actu.fr\/grand-est\/nancy_54395\/nancy-le-parc-de-la-pepiniere-va-accueillir-de-nouveaux-animaux-voici-ce-qui-est-prevu_62821776.html\" target=\"_blank\" rel=\"noopener\">au projet de la voli\u00e8re<\/a> qui est en cours de construction au sein du <a href=\"https:\/\/actu.fr\/tag\/parc-de-la-pepiniere\" target=\"_blank\" rel=\"noopener\">parc de la P\u00e9pini\u00e8re<\/a>. \u00ab\u2009Qu\u2019ils soient domestiques ou sauvages, <strong>mettre des oiseaux en cage est cruel\u2009!<\/strong>\u2009\u00bb, ajoute-t-elle.<\/p>\n<p class=\" wall-content\">\u00c0 ce m\u00eame titre, elle demande aussi \u00e0 <a href=\"https:\/\/actu.fr\/tag\/mathieu-klein\" target=\"_blank\" rel=\"noopener\">Mathieu Klein<\/a>, maire de Nancy et pr\u00e9sident de la M\u00e9tropole du Grand Nancy, \u00e0 <strong>s\u2019engager \u00e0 fermer l\u2019aquarium de Nancy<\/strong>.<\/p>\n<p>La Ville de Nancy d\u00e9fend son bilan<\/p>\n<p class=\" wall-content\">Contact\u00e9 par\u00a0Lorraine Actu, Lo\u00efc Delagneau, chef du service biodiversit\u00e9 urbain \u00e0 la Ville de Nancy, salue le travail de l\u2019association avant de d\u00e9fendre le bilan de la municipalit\u00e9. \u00ab\u2009Aujourd\u2019hui, m\u00eame si des contrats courent toujours avec des entreprises, ils ne sont plus actifs et <strong>il n\u2019y a plus de campagnes syst\u00e9matiques de pi\u00e9geage pour les pigeons<\/strong>. Nous avons mis en place <strong>un pigeonnier contraceptif<\/strong> au plateau de Haye et cherchons un lieu pour en installer un dans le centre-ville.\u2009\u00bb<\/p>\n<p class=\" wall-content\">Concernant l\u2019aquarium et l\u2019espace animalier de la P\u00e9pini\u00e8re, \u00ab\u2009ils ont <strong>un objectif p\u00e9dagogique<\/strong>\u2009\u00bb, mart\u00e8le-t-il\u2009: \u00ab\u2009on a souhait\u00e9 r\u00e9investir fortement cet espace pour en faire <strong>un lieu de sensibilisation au bien-\u00eatre animal<\/strong> et de conservation d\u2019esp\u00e8ces domestiques locales. La voli\u00e8re pourra aussi permettre de s\u00e9curiser des oiseaux en cas d\u2019\u00e9pid\u00e9mie de grippe aviaire.\u2009\u00bb<\/p>\n<p>Votre r\u00e9gion, votre actu !<\/p>\n<p>Recevez chaque jour les infos qui comptent pour vous.<\/p>\n<p>\t<a href=\"https:\/\/actu.fr\/newsletter\" class=\"ac-btn ac-btn--corner ac-btn--medium ac-btn--blue800\" target=\"_blank\" rel=\"noopener\">S&rsquo;incrire<\/a><\/p>\n<p class=\" wall-content\">\u00ab\u2009Toutes les donn\u00e9es de l\u2019association ne sont pas \u00e0 jour. Par exemple, on intervient depuis bien longtemps sur les chats errants en versant des subventions \u00e0 des associations ou encore en mettant des cabanes \u00e0 disposition\u2009\u00bb, ajoute-t-il.<\/p>\n<p>Une impossibilit\u00e9 d\u2019interdire les salons animaliers<\/p>\n<p class=\" wall-content\">\u00ab\u2009La Ville a fait <strong>un gros travail dans les cantines scolaires<\/strong>,\u00a0tient \u00e0 rappeler Lo\u00efc Delagneau avant d\u2019ajouter qu\u2019il y a <a href=\"https:\/\/actu.fr\/grand-est\/nancy_54395\/nancy-les-cantines-scolaires-proposent-desormais-un-repas-vegetarien-quotidien_45652898.html\" target=\"_blank\" rel=\"noopener\">une option v\u00e9g\u00e9tarienne \u00e0 chaque repas<\/a> et qu\u2019on a \u00e9t\u00e9 au-del\u00e0 de la loi en proposant une journ\u00e9e v\u00e9g\u00e9tarienne par semaine.\u2009\u00bb<\/p>\n<p class=\" wall-content\">Concernant les salons animaliers, s\u2019il rappelle que la Ville s\u2019oppose \u00e0 ces \u00e9v\u00e8nements, elle ne poss\u00e8de pas les pr\u00e9rogatives pour s\u2019y opposer lorsqu\u2019ils ont lieu dans des lieux priv\u00e9s.<\/p>\n<p class=\" wall-content\">Personnalisez votre actualit\u00e9 en ajoutant vos villes et m\u00e9dias en favori avec <a href=\"https:\/\/moncompte.actu.fr\" title=\"D\u00e9couvez Mon Actu\" rel=\"nofollow noopener\" data-trk=\"{&quot;cta&quot;:{&quot;action&quot;:&quot;https:\\\/\\\/moncompte.actu.fr&quot;,&quot;category&quot;:&quot;mon compte&quot;,&quot;from&quot;:&quot;article footer&quot;,&quot;name&quot;:&quot;Mon actu&quot;,&quot;type&quot;:&quot;cta&quot;}}\" target=\"_blank\">Mon Actu<\/a>.<\/p>\n","protected":false},"excerpt":{"rendered":"Par Paul-Emile Bouchy Publi\u00e9 le 29 sept. 2025 \u00e0 16h29 Apr\u00e8s avoir d\u00e9nonc\u00e9 un \u00ab\u2009bilan mitig\u00e9\u2009\u00bb sur la&hellip;\n","protected":false},"author":2,"featured_media":426299,"comment_status":"","ping_status":"","sticky":false,"template":"","format":"standard","meta":{"footnotes":""},"categories":[9635],"tags":[1111,11,1867,1777,674,1011,27,775,6795,14606,1702,12,25,104],"class_list":{"0":"post-426298","1":"post","2":"type-post","3":"status-publish","4":"format-standard","5":"has-post-thumbnail","7":"category-nancy","8":"tag-actu","9":"tag-actualites","10":"tag-animaux","11":"tag-eu","12":"tag-europe","13":"tag-fr","14":"tag-france","15":"tag-grand-est","16":"tag-maltraitance-animale","17":"tag-mathieu-klein","18":"tag-nancy","19":"tag-news","20":"tag-republique-francaise","21":"tag-societe"},"share_on_mastodon":{"url":"https:\/\/pubeurope.com\/@fr\/115288100314669042","error":""},"_links":{"self":[{"href":"https:\/\/www.europesays.com\/fr\/wp-json\/wp\/v2\/posts\/426298","targetHints":{"allow":["GET"]}}],"collection":[{"href":"https:\/\/www.europesays.com\/fr\/wp-json\/wp\/v2\/posts"}],"about":[{"href":"https:\/\/www.europesays.com\/fr\/wp-json\/wp\/v2\/types\/post"}],"author":[{"embeddable":true,"href":"https:\/\/www.europesays.com\/fr\/wp-json\/wp\/v2\/users\/2"}],"replies":[{"embeddable":true,"href":"https:\/\/www.europesays.com\/fr\/wp-json\/wp\/v2\/comments?post=426298"}],"version-history":[{"count":0,"href":"https:\/\/www.europesays.com\/fr\/wp-json\/wp\/v2\/posts\/426298\/revisions"}],"wp:featuredmedia":[{"embeddable":true,"href":"https:\/\/www.europesays.com\/fr\/wp-json\/wp\/v2\/media\/426299"}],"wp:attachment":[{"href":"https:\/\/www.europesays.com\/fr\/wp-json\/wp\/v2\/media?parent=426298"}],"wp:term":[{"taxonomy":"category","embeddable":true,"href":"https:\/\/www.europesays.com\/fr\/wp-json\/wp\/v2\/categories?post=426298"},{"taxonomy":"post_tag","embeddable":true,"href":"https:\/\/www.europesays.com\/fr\/wp-json\/wp\/v2\/tags?post=426298"}],"curies":[{"name":"wp","href":"https:\/\/api.w.org\/{rel}","templated":true}]}}