{"id":426310,"date":"2025-09-29T14:44:14","date_gmt":"2025-09-29T14:44:14","guid":{"rendered":"https:\/\/www.europesays.com\/fr\/426310\/"},"modified":"2025-09-29T14:44:14","modified_gmt":"2025-09-29T14:44:14","slug":"sncf-aucun-train-ne-circulera-sur-certaines-lignes-de-seine-maritime-ce-week-end-voici-pourquoi","status":"publish","type":"post","link":"https:\/\/www.europesays.com\/fr\/426310\/","title":{"rendered":"SNCF. Aucun train ne circulera sur certaines lignes de Seine-Maritime ce week-end, voici pourquoi"},"content":{"rendered":"<p>            Par<br \/>\n        <strong><br \/>\n            <a href=\"https:\/\/actu.fr\/auteur\/vanessa-leroy\" title=\"Consulter tous les articles de Vanessa Leroy\" rel=\"nofollow noopener\" target=\"_blank\">Vanessa Leroy<\/a><br \/>\n        <\/strong><\/p>\n<p>        Publi\u00e9 le<\/p>\n<p>            29 sept. 2025 \u00e0 15h41        <\/p>\n<p>Le week-end s\u2019annonce tr\u00e8s perturb\u00e9s dans les gares de <a href=\"https:\/\/actu.fr\/76actu\/\" rel=\"nofollow noopener\" target=\"_blank\">Seine-Maritime<\/a>. La SNCF annonce en effet que des travaux sont programm\u00e9s <strong>sur la ligne Le Havre-Rouen-Paris<\/strong> samedi 4 octobre, toute la journ\u00e9e, et dimanche 5 octobre 2025, jusqu\u2019\u00e0 16 heures. Cons\u00e9quence : aucun train ne circulera <strong>entre Le Havre et Yvetot<\/strong> lors de ces deux jours.<\/p>\n<p>Des cars de substitution \u00ab\u00a0\u00e0 r\u00e9servation obligatoire\u00a0\u00bb<\/p>\n<p class=\" wall-content\">Pour pallier l\u2019absence de trains entre les deux villes, la SNCF pr\u00e9voit <strong>des cars de substitution \u00ab\u00a0\u00e0 r\u00e9servation obligatoire\u00a0\u00bb<\/strong> le samedi matin et le dimanche \u00e0 partir de 12 heures. La circulation doit revenir \u00e0 la normale dimanche, \u00e0 partir de 16 heures.<\/p>\n<p class=\" wall-content\">Autre axe concern\u00e9 par des travaux ce week-end :<strong> la ligne Rouen-Dieppe<\/strong>. Du samedi 4 octobre, \u00e0 partir de 12 heures, au dimanche 5 octobre, jusqu\u2019\u00e0 16 heures, la circulation sera interrompue entre Rouen et Dieppe.<\/p>\n<p class=\" wall-content\">\n<p class=\" wall-content\">L\u00e0 encore, des cars de substitution \u00e0 r\u00e9servation obligatoire sont pr\u00e9vus entre Rouen et Dieppe le samedi midi. Reprise de la circulation normale des trains : dimanche, \u00e0 partir de 16 heures.<\/p>\n<p class=\" wall-content\">Ces travaux entrent dans le cadre d\u2019une op\u00e9ration de \u00ab\u00a0modernisation sur l\u2019\u00e9toile ferroviaire de Rouen\u00a0\u00bb, pr\u00e9cise la SNCF par voie de communiqu\u00e9. Durant plusieurs week-ends entre septembre 2025 et f\u00e9vrier 2026, 16 aiguillages seront remplac\u00e9s. Une op\u00e9ration d\u2019envergure dont le co\u00fbt est estim\u00e9 \u00e0 10 millions d\u2019euros .<\/p>\n<p>Suivez l\u2019actualit\u00e9 du Havre <a href=\"https:\/\/www.whatsapp.com\/channel\/0029VaFqJYE8aKvLBwVrEe0o\" rel=\"nofollow noopener\" target=\"_blank\">sur notre cha\u00eene WhatsApp<\/a> et <a href=\"https:\/\/www.tiktok.com\/@76actu.fr?lang=fr\" rel=\"nofollow noopener\" target=\"_blank\">sur notre compte TikTok<\/a>Suivez l\u2019actualit\u00e9 de Rouen <a href=\"https:\/\/www.whatsapp.com\/channel\/0029VaKfnf99hXF2ddApFB1D\" rel=\"nofollow noopener\" target=\"_blank\">sur notre cha\u00eene WhatsApp<\/a> et <a href=\"https:\/\/www.tiktok.com\/@76actu.fr?lang=fr\" rel=\"nofollow noopener\" target=\"_blank\">sur notre compte TikTok<\/a><\/p>\n<p class=\" wall-content\">Personnalisez votre actualit\u00e9 en ajoutant vos villes et m\u00e9dias en favori avec <a href=\"https:\/\/moncompte.actu.fr\" title=\"D\u00e9couvez Mon Actu\" rel=\"nofollow noopener\" data-trk=\"{&quot;cta&quot;:{&quot;action&quot;:&quot;https:\\\/\\\/moncompte.actu.fr&quot;,&quot;category&quot;:&quot;mon compte&quot;,&quot;from&quot;:&quot;article footer&quot;,&quot;name&quot;:&quot;Mon actu&quot;,&quot;type&quot;:&quot;cta&quot;}}\" target=\"_blank\">Mon Actu<\/a>.<\/p>\n<p>                    <script async src=\"\/\/www.tiktok.com\/embed.js\"><\/script><\/p>\n","protected":false},"excerpt":{"rendered":"Par Vanessa Leroy Publi\u00e9 le 29 sept. 2025 \u00e0 15h41 Le week-end s\u2019annonce tr\u00e8s perturb\u00e9s dans les gares&hellip;\n","protected":false},"author":2,"featured_media":426311,"comment_status":"","ping_status":"","sticky":false,"template":"","format":"standard","meta":{"footnotes":""},"categories":[9587],"tags":[1111,11,1777,674,1011,27,12,5161,25,9590,2215,104,2086],"class_list":{"0":"post-426310","1":"post","2":"type-post","3":"status-publish","4":"format-standard","5":"has-post-thumbnail","7":"category-rouen","8":"tag-actu","9":"tag-actualites","10":"tag-eu","11":"tag-europe","12":"tag-fr","13":"tag-france","14":"tag-news","15":"tag-normandie","16":"tag-republique-francaise","17":"tag-rouen","18":"tag-sncf","19":"tag-societe","20":"tag-travaux"},"share_on_mastodon":{"url":"https:\/\/pubeurope.com\/@fr\/115288123886140526","error":""},"_links":{"self":[{"href":"https:\/\/www.europesays.com\/fr\/wp-json\/wp\/v2\/posts\/426310","targetHints":{"allow":["GET"]}}],"collection":[{"href":"https:\/\/www.europesays.com\/fr\/wp-json\/wp\/v2\/posts"}],"about":[{"href":"https:\/\/www.europesays.com\/fr\/wp-json\/wp\/v2\/types\/post"}],"author":[{"embeddable":true,"href":"https:\/\/www.europesays.com\/fr\/wp-json\/wp\/v2\/users\/2"}],"replies":[{"embeddable":true,"href":"https:\/\/www.europesays.com\/fr\/wp-json\/wp\/v2\/comments?post=426310"}],"version-history":[{"count":0,"href":"https:\/\/www.europesays.com\/fr\/wp-json\/wp\/v2\/posts\/426310\/revisions"}],"wp:featuredmedia":[{"embeddable":true,"href":"https:\/\/www.europesays.com\/fr\/wp-json\/wp\/v2\/media\/426311"}],"wp:attachment":[{"href":"https:\/\/www.europesays.com\/fr\/wp-json\/wp\/v2\/media?parent=426310"}],"wp:term":[{"taxonomy":"category","embeddable":true,"href":"https:\/\/www.europesays.com\/fr\/wp-json\/wp\/v2\/categories?post=426310"},{"taxonomy":"post_tag","embeddable":true,"href":"https:\/\/www.europesays.com\/fr\/wp-json\/wp\/v2\/tags?post=426310"}],"curies":[{"name":"wp","href":"https:\/\/api.w.org\/{rel}","templated":true}]}}