{"id":426312,"date":"2025-09-29T14:45:39","date_gmt":"2025-09-29T14:45:39","guid":{"rendered":"https:\/\/www.europesays.com\/fr\/426312\/"},"modified":"2025-09-29T14:45:39","modified_gmt":"2025-09-29T14:45:39","slug":"les-roz-handdu-en-version-docteur-jekyll-et-mister-hyde-face-a-rouen-concarneau-handball","status":"publish","type":"post","link":"https:\/\/www.europesays.com\/fr\/426312\/","title":{"rendered":"Les Roz Hand&rsquo;Du, en version Docteur Jekyll et Mister Hyde face \u00e0 Rouen &#8211; concarneau &#8211; handball"},"content":{"rendered":"<p><strong>Les Roz Hand&rsquo;Du 29 ont \u00e9t\u00e9 \u00e0 image du Dieu de la mythlogie romaine, Janus, \u00e0 deux visages, en ce samedi soir, \u00e0 la salle du Rozanduc, face \u00e0 Rouen ( 2\u00e8me du dernier exercice en N1F). Avec une victoire et une d\u00e9faite en entr\u00e9e de leur championnat, les Sudistes voulaient en m\u00eame temps que garder leur invincibilit\u00e9 \u00e0 domicile, pencher aussi du bon c\u00f4t\u00e9 de la balance, en allant chercher un deuxi\u00e8me succ\u00e8s, dans ce lancement de championnat N1F, ce samedi soir. Mais c&rsquo;est tout l&rsquo;inverse qui semblait se produire en premi\u00e8re mi-temps, dans un gros retard \u00e0 l&rsquo;allumage local. Les Rouennaises profitaient de cette apathie locale, pour mettre le large m\u00eame au score, versant m\u00eame sur un probl\u00e9matique 5-12, vers la 20\u00e8me minute. Heureusement, \u00e0 la mi-temps, le r\u00e9veil avait \u00e9t\u00e9 mis, gr\u00e2ce \u00e0 Ludivine Mey ou Cassidy Chambonnier, pour contre-balancer cet ascendant visiteur (11-14, 30&prime;).<\/strong><\/p>\n<p>  \t\t\t<img decoding=\"async\" typeof=\"foaf:Image\" src=\"https:\/\/www.europesays.com\/fr\/wp-content\/uploads\/2025\/09\/img-20250927-wa0004.jpg\" alt=\"\"\/>  \t\t\t  \t\t\t<\/p>\n<p><strong>L\u00e9gende: <\/strong>Les Roz Hand&rsquo;Du sont revenues de nulle part dans leur match au sommet face \u00e0 Rouen, en renversant une situation compromise \u00e0 son d\u00e9part. <strong>Cr\u00e9dit photo:<\/strong> A.B<\/p>\n<p>Le repos permit de reposer les t\u00eates et remettre le plan d&rsquo;action en route. Si la premi\u00e8re mi-temps avait connu des turbulences, la deuxi\u00e8me serait d&rsquo;un tout autre rapport, d&rsquo;abord en \u00e9tablissant un retour \u00e0 une assise d\u00e9fensive forte. Remis sur les rails, le collectif sudiste pouvait s&#8217;employer devant l&rsquo;\u00e9touffoir de la salle, Rouen n&rsquo;\u00e9tait plus aussi ma\u00eetre, les Sudistes \u00e9taient revenues de nulle part, en allant chercher une victoire au combat, un 28-24 \u00e0 l&rsquo;arriv\u00e9e, qui m\u00eame sans \u00eatre dans un grand jour, permet de se relever et d&rsquo;obtenir une victoire face \u00e0 une \u00e9quipe qui jouera une nouvelle fois le haut de tableau, en face.<\/p>\n<p>Encourageant et aussi une belle le\u00e7on \u00e0 retenir pour la suite de cette saisons pour les Rose et Noire.<\/p>\n","protected":false},"excerpt":{"rendered":"Les Roz Hand&rsquo;Du 29 ont \u00e9t\u00e9 \u00e0 image du Dieu de la mythlogie romaine, Janus, \u00e0 deux visages,&hellip;\n","protected":false},"author":2,"featured_media":426313,"comment_status":"","ping_status":"","sticky":false,"template":"","format":"standard","meta":{"footnotes":""},"categories":[9587],"tags":[1111,11,1777,674,1011,27,12,5161,25,9590],"class_list":{"0":"post-426312","1":"post","2":"type-post","3":"status-publish","4":"format-standard","5":"has-post-thumbnail","7":"category-rouen","8":"tag-actu","9":"tag-actualites","10":"tag-eu","11":"tag-europe","12":"tag-fr","13":"tag-france","14":"tag-news","15":"tag-normandie","16":"tag-republique-francaise","17":"tag-rouen"},"share_on_mastodon":{"url":"https:\/\/pubeurope.com\/@fr\/115288128241671481","error":""},"_links":{"self":[{"href":"https:\/\/www.europesays.com\/fr\/wp-json\/wp\/v2\/posts\/426312","targetHints":{"allow":["GET"]}}],"collection":[{"href":"https:\/\/www.europesays.com\/fr\/wp-json\/wp\/v2\/posts"}],"about":[{"href":"https:\/\/www.europesays.com\/fr\/wp-json\/wp\/v2\/types\/post"}],"author":[{"embeddable":true,"href":"https:\/\/www.europesays.com\/fr\/wp-json\/wp\/v2\/users\/2"}],"replies":[{"embeddable":true,"href":"https:\/\/www.europesays.com\/fr\/wp-json\/wp\/v2\/comments?post=426312"}],"version-history":[{"count":0,"href":"https:\/\/www.europesays.com\/fr\/wp-json\/wp\/v2\/posts\/426312\/revisions"}],"wp:featuredmedia":[{"embeddable":true,"href":"https:\/\/www.europesays.com\/fr\/wp-json\/wp\/v2\/media\/426313"}],"wp:attachment":[{"href":"https:\/\/www.europesays.com\/fr\/wp-json\/wp\/v2\/media?parent=426312"}],"wp:term":[{"taxonomy":"category","embeddable":true,"href":"https:\/\/www.europesays.com\/fr\/wp-json\/wp\/v2\/categories?post=426312"},{"taxonomy":"post_tag","embeddable":true,"href":"https:\/\/www.europesays.com\/fr\/wp-json\/wp\/v2\/tags?post=426312"}],"curies":[{"name":"wp","href":"https:\/\/api.w.org\/{rel}","templated":true}]}}