{"id":426316,"date":"2025-09-29T14:47:16","date_gmt":"2025-09-29T14:47:16","guid":{"rendered":"https:\/\/www.europesays.com\/fr\/426316\/"},"modified":"2025-09-29T14:47:16","modified_gmt":"2025-09-29T14:47:16","slug":"grenoble-cette-aide-financiere-plebiscitee-par-les-habitants-renforcee-par-la-metropole","status":"publish","type":"post","link":"https:\/\/www.europesays.com\/fr\/426316\/","title":{"rendered":"Grenoble. Cette aide financi\u00e8re pl\u00e9biscit\u00e9e par les habitants renforc\u00e9e par la M\u00e9tropole"},"content":{"rendered":"<p>            Par<br \/>\n        <strong><br \/>\n            <a href=\"https:\/\/actu.fr\/auteur\/lisa-rodrigues\" title=\"Consulter tous les articles de Lisa Rodrigues\" target=\"_blank\" rel=\"noopener\">Lisa Rodrigues<\/a><br \/>\n        <\/strong><\/p>\n<p>        Publi\u00e9 le<\/p>\n<p>            29 sept. 2025 \u00e0 15h24        <\/p>\n<p>Le dernier conseil m\u00e9tropolitain de <a href=\"https:\/\/actu.fr\/tag\/grenoble-alpes-metropole\" target=\"_blank\" rel=\"noopener\">Grenoble-Alpes M\u00e9tropole<\/a> mise sur le v\u00e9lo. Parmi les d\u00e9lib\u00e9rations adopt\u00e9es par les \u00e9lus, la reprise de l\u2019aide financi\u00e8re port\u00e9e conjointement par la M\u00e9tropole et le SMMAG pour l\u2019achat d\u2019un v\u00e9lo, qu\u2019il soit d\u2019occasion ou neuf, \u00e9lectrique ou non.<\/p>\n<p class=\" wall-content\">Surtout, celle-ci est <strong>prolong\u00e9e \u00ab\u00a0jusqu\u2019au 31 d\u00e9cembre 2026\u00a0\u00bb<\/strong> avec une enveloppe estim\u00e9e \u00e0 900 000 euros pour l\u2019ann\u00e9e 2026, indique Sylvain Laval, vice-pr\u00e9sident charg\u00e9 des mobilit\u00e9s douces.\u00a0<\/p>\n<p>Un dispositif qui marche (trop) bien<\/p>\n<p class=\" wall-content\">\u00c0 noter que depuis le lancement de l\u2019aide en 2023, <strong>5 451 v\u00e9los ont \u00e9t\u00e9 achet\u00e9s<\/strong>, pour un investissement total de 4,3 millions d\u2019euros (dont 1,4 million pris en charge par la M\u00e9tropole).<\/p>\n<p class=\" wall-content\">\u00ab\u00a0Le dispositif parvient \u00e0 aider la plupart des foyers\u00a0\u00bb en ayant fait la demande, notamment parmi les m\u00e9nages les moins ais\u00e9s, assure l\u2019\u00e9lu. \u00ab\u00a0Le montant de l\u2019aide d\u00e9pend du revenu du foyer et permet au b\u00e9n\u00e9ficiaire de ne pas faire d\u2019avance de frais\u00a0\u00bb gr\u00e2ce \u00e0 des conventions pass\u00e9s entre la M\u00e9tropole et des professionnels.<\/p>\n<p class=\" wall-content\">Pourtant, malgr\u00e9 ce succ\u00e8s, <a href=\"https:\/\/actu.fr\/auvergne-rhone-alpes\/grenoble_38185\/grenoble-victime-de-son-succes-cette-aide-financiere-est-suspendue-plus-tot-que-prevu_62668923.html\" target=\"_blank\" rel=\"noopener\">l\u2019aide a \u00e9t\u00e9 suspendue<\/a> en mai dernier, l\u2019enveloppe allou\u00e9e ayant \u00e9t\u00e9 vid\u00e9e. \u00ab\u00a0Il y a eu <strong>un emballement de demande d\u2019aide<\/strong> en d\u00e9but d\u2019ann\u00e9e 2025, notamment pour des v\u00e9los cargo\u00a0\u00bb, explique Sylvain Laval.<\/p>\n<p class=\" wall-content\">En plus de cette hausse de la demande, \u00ab\u00a0le montant de l\u2019aide \u00e9tait tr\u00e8s g\u00e9n\u00e9reuse par rapport aux prix du march\u00e9\u00a0\u00bb, ce qui explique en partie l\u2019ass\u00e8chement rapide de l\u2019enveloppe allou\u00e9e.\u00a0<\/p>\n<p>Suspension de l&rsquo;aide pour remplacer son v\u00e9hicule<\/p>\n<p>Alors que des \u00ab\u00a0incertitudes sur le cadre r\u00e9glementaire national au niveau de la ZFE\u00a0\u00bb sont toujours d&rsquo;actualit\u00e9 et face \u00ab\u00a0aux contraintes budg\u00e9taires\u00a0\u00bb actuelles, le conseil m\u00e9tropolitain grenoblois a act\u00e9 la suspension de l&rsquo;aide financi\u00e8re pour renouveler sa voiture ou son deux-roues en un mod\u00e8le moins polluant.<br \/>L&rsquo;aide pour le changement de mobilit\u00e9 (passer aux transports en commun par exemple) est maintenue.<\/p>\n<p>Votre r\u00e9gion, votre actu !<\/p>\n<p>Recevez chaque jour les infos qui comptent pour vous.<\/p>\n<p>\t<a href=\"https:\/\/actu.fr\/newsletter\" class=\"ac-btn ac-btn--corner ac-btn--medium ac-btn--blue800\" target=\"_blank\" rel=\"noopener\">S&rsquo;incrire<\/a><br \/>\nDes cas de fraude d\u00e9tect\u00e9s<\/p>\n<p class=\" wall-content\">En partie seulement, car comme l\u2019ont soulign\u00e9 les services de Grenoble-Alpes M\u00e9tropole, <a href=\"https:\/\/actu.fr\/auvergne-rhone-alpes\/grenoble_38185\/grenoble-la-police-controle-velos-et-trottinettes-une-flambee-d-infractions-en-3h_62632393.html\" target=\"_blank\" rel=\"noopener\">des fraudes<\/a> ont \u00e9t\u00e9 rep\u00e9r\u00e9es chez des professionnels partenaires du dispositif.\u00a0\u00a0<\/p>\n<blockquote class=\"ac-article-quote wall-content\">\n<p>Deux v\u00e9locistes ont fait l&rsquo;objet d&rsquo;une attention particuli\u00e8re par signalement, dont un a \u00e9t\u00e9 transmis au procureur de la R\u00e9publique et exclut du dispositif pour fraude.<\/p>\n<p>    <strong>Sylvain Laval<\/strong><br \/>\n        Vice-pr\u00e9sident de Grenoble-Alpes M\u00e9tropole charg\u00e9 des mobilit\u00e9s douces    <\/p><\/blockquote>\n<p class=\" wall-content\">Des corrections ont donc \u00e9t\u00e9 apport\u00e9es au dispositif pour \u00e9viter de nouvelles tentatives de fraude du c\u00f4t\u00e9 des v\u00e9locistes, mais aussi du c\u00f4t\u00e9 des b\u00e9n\u00e9ficiaires.<\/p>\n<p class=\" wall-content\">Une <strong>\u00ab\u00a0campagne de contr\u00f4le\u00a0\u00bb<\/strong> va ainsi \u00eatre men\u00e9e par la M\u00e9tropole aupr\u00e8s des b\u00e9n\u00e9ficiaires pour s\u2019assurer qu\u2019ils conservent leur v\u00e9lo achet\u00e9 via le dispositif \u00ab\u00a0pendant au moins trois ans\u00a0\u00bb apr\u00e8s l\u2019achat, souligne Sylvain Laval.\u00a0<\/p>\n<p class=\" wall-content\">Personnalisez votre actualit\u00e9 en ajoutant vos villes et m\u00e9dias en favori avec <a href=\"https:\/\/moncompte.actu.fr\" title=\"D\u00e9couvez Mon Actu\" rel=\"nofollow noopener\" data-trk=\"{&quot;cta&quot;:{&quot;action&quot;:&quot;https:\\\/\\\/moncompte.actu.fr&quot;,&quot;category&quot;:&quot;mon compte&quot;,&quot;from&quot;:&quot;article footer&quot;,&quot;name&quot;:&quot;Mon actu&quot;,&quot;type&quot;:&quot;cta&quot;}}\" target=\"_blank\">Mon Actu<\/a>.<\/p>\n","protected":false},"excerpt":{"rendered":"Par Lisa Rodrigues Publi\u00e9 le 29 sept. 2025 \u00e0 15h24 Le dernier conseil m\u00e9tropolitain de Grenoble-Alpes M\u00e9tropole mise&hellip;\n","protected":false},"author":2,"featured_media":117149,"comment_status":"","ping_status":"","sticky":false,"template":"","format":"standard","meta":{"footnotes":""},"categories":[9566],"tags":[1111,11,2430,1777,674,1011,27,2731,19692,12,25,104,208],"class_list":{"0":"post-426316","1":"post","2":"type-post","3":"status-publish","4":"format-standard","5":"has-post-thumbnail","7":"category-grenoble","8":"tag-actu","9":"tag-actualites","10":"tag-auvergne-rhone-alpes","11":"tag-eu","12":"tag-europe","13":"tag-fr","14":"tag-france","15":"tag-grenoble","16":"tag-grenoble-alpes-metropole","17":"tag-news","18":"tag-republique-francaise","19":"tag-societe","20":"tag-velo"},"share_on_mastodon":{"url":"https:\/\/pubeurope.com\/@fr\/115288135667581252","error":""},"_links":{"self":[{"href":"https:\/\/www.europesays.com\/fr\/wp-json\/wp\/v2\/posts\/426316","targetHints":{"allow":["GET"]}}],"collection":[{"href":"https:\/\/www.europesays.com\/fr\/wp-json\/wp\/v2\/posts"}],"about":[{"href":"https:\/\/www.europesays.com\/fr\/wp-json\/wp\/v2\/types\/post"}],"author":[{"embeddable":true,"href":"https:\/\/www.europesays.com\/fr\/wp-json\/wp\/v2\/users\/2"}],"replies":[{"embeddable":true,"href":"https:\/\/www.europesays.com\/fr\/wp-json\/wp\/v2\/comments?post=426316"}],"version-history":[{"count":0,"href":"https:\/\/www.europesays.com\/fr\/wp-json\/wp\/v2\/posts\/426316\/revisions"}],"wp:featuredmedia":[{"embeddable":true,"href":"https:\/\/www.europesays.com\/fr\/wp-json\/wp\/v2\/media\/117149"}],"wp:attachment":[{"href":"https:\/\/www.europesays.com\/fr\/wp-json\/wp\/v2\/media?parent=426316"}],"wp:term":[{"taxonomy":"category","embeddable":true,"href":"https:\/\/www.europesays.com\/fr\/wp-json\/wp\/v2\/categories?post=426316"},{"taxonomy":"post_tag","embeddable":true,"href":"https:\/\/www.europesays.com\/fr\/wp-json\/wp\/v2\/tags?post=426316"}],"curies":[{"name":"wp","href":"https:\/\/api.w.org\/{rel}","templated":true}]}}