{"id":426325,"date":"2025-09-29T14:52:11","date_gmt":"2025-09-29T14:52:11","guid":{"rendered":"https:\/\/www.europesays.com\/fr\/426325\/"},"modified":"2025-09-29T14:52:11","modified_gmt":"2025-09-29T14:52:11","slug":"gestion-de-leau-la-metropole-nice-cote-dazur-lance-un-projet-pilote-avec","status":"publish","type":"post","link":"https:\/\/www.europesays.com\/fr\/426325\/","title":{"rendered":"Gestion de l\u2019eau : la M\u00e9tropole Nice C\u00f4te d\u2019Azur lance un projet pilote avec (\u2026)"},"content":{"rendered":"<p>                    <img loading=\"lazy\" decoding=\"async\" src=\"https:\/\/www.europesays.com\/fr\/wp-content\/uploads\/2025\/09\/ebc0aa86a48c21eeb0ea5d083853c1.png\" class=\"img-responsive post-image\" width=\"680\" height=\"510\" alt=\"Gestion de l'eau : la (\u2026)\" title=\"Gestion de l'eau : la M\u00e9tropole Nice C\u00f4te d'Azur lance un projet pilote avec Xylem et l'Universit\u00e9 C\u00f4te d'Azur\"\/><\/p>\n<p class=\"chapo\">La M\u00e9tropole Nice C\u00f4te d\u2019Azur, sa R\u00e9gie Eau et Assainissement, l\u2019entreprise Xylem et l\u2019Universit\u00e9 C\u00f4te d\u2019Azur ont pr\u00e9sent\u00e9 le 26 septembre le projet \u00ab\u00a0Agir et Innover pour l\u2019Eau\u00a0\u00bb, destin\u00e9 \u00e0 transformer la gestion des ressources hydriques sur le territoire.<\/p>\n<p>                    Une plateforme num\u00e9rique pour piloter l\u2019eau en temps r\u00e9el<\/p>\n<p>Le c\u0153ur du projet repose sur la cr\u00e9ation d\u2019une plateforme num\u00e9rique modulaire capable de <strong>collecter et d\u2019analyser en continu des milliers de donn\u00e9es issues des r\u00e9seaux d\u2019eau.<\/strong><br class=\"autobr\"\/><br \/>\nCette technologie int\u00e9grera\u00a0:<br \/>\n<br \/><b>\u2013<\/b>\u00a0une base de gestion des donn\u00e9es,<br \/>\n<br \/><b>\u2013<\/b>\u00a0des modules m\u00e9tiers (gestion des ressources, r\u00e9silience, efficacit\u00e9 \u00e9nerg\u00e9tique, sensibilisation des usagers),<br \/>\n<br \/><b>\u2013<\/b>\u00a0et un tableau de bord strat\u00e9gique en temps r\u00e9el.<\/p>\n<p><strong>Objectif\u00a0:<\/strong> r\u00e9duire les pertes d\u2019eau, am\u00e9liorer l\u2019efficacit\u00e9 \u00e9nerg\u00e9tique et renforcer la r\u00e9silience du r\u00e9seau face aux al\u00e9as climatiques tels que s\u00e9cheresses et inondations.<\/p>\n<p><strong>La plateforme sera dans un premier temps d\u00e9ploy\u00e9e \u00e0 l\u2019\u00e9chelle de l\u2019ensemble du r\u00e9seau m\u00e9tropolitain. Le projet servira de d\u00e9monstrateur, avec la perspective d\u2019une extension \u00e0 d\u2019autres territoires en France.<\/strong><\/p>\n<p>Pour<strong> Jeanick Brisswalter, <\/strong> Pr\u00e9sident d\u2019Universit\u00e9 C\u00f4te d\u2019Azur\u00a0: \u00ab\u00a0La connaissance de la ressource en eau est un enjeu primordial pour agir sur sa gouvernance et ses usages. Ce projet ambitieux associant recherches acad\u00e9miques et technologiques, participe \u00e0 relever les d\u00e9fis que posent d\u00e9sormais les changements globaux \u00e0 nos soci\u00e9t\u00e9s. Conna\u00eetre, identifier les r\u00e9servoirs profonds et superficiels, les \u00e9changes entre eux, acqu\u00e9rir des donn\u00e9es, les analyser, les positionner comme param\u00e8tres de contr\u00f4le dans les simulations sont autant de d\u00e9marches scientifiques qu\u2019apportera Universit\u00e9 C\u00f4te d\u2019Azur dans ce projet \u00e0 forts enjeux \u00ab\u00a0Agir et Innover pour l\u2019Eau\u00a0\u00bb. C\u2019est en agissant et en innovant ensemble avec les acteurs du territoire que nous parviendrons \u00e0 relever ces d\u00e9fis et apporter des solutions pour g\u00e9rer toujours plus durablement cette ressource et anticiper son devenir \u00a0\u00bb<\/p>\n<p>Un partenariat \u00e0 trois volets<\/p>\n<p><strong>Trois acteurs principaux portent ce projet<\/strong>\u00a0:<\/p>\n<p><strong>Xylem, <\/strong> entreprise mondiale sp\u00e9cialis\u00e9e dans les solutions num\u00e9riques de gestion de l\u2019eau, apporte son expertise technologique.<\/p>\n<p><strong>La R\u00e9gie Eau et Assainissement de la M\u00e9tropo<\/strong>le, qui g\u00e8re au quotidien les infrastructures, assure l\u2019ancrage op\u00e9rationnel.<\/p>\n<p><strong>Universit\u00e9 C\u00f4te d\u2019Azur,<\/strong> via ses laboratoires<strong> G\u00e9oazur et IMREDD<\/strong>, contribue par ses recherches en g\u00e9osciences, innovation urbaine et mod\u00e9lisation.<\/p>\n<p>Un enjeu environnemental et strat\u00e9gique<\/p>\n<p>Pour les partenaires, cette initiative doit r\u00e9pondre \u00e0 la pression croissante sur les r\u00e9seaux d\u2019eau, dans un contexte marqu\u00e9 par les changements climatiques et la rar\u00e9faction de la ressource.<br class=\"autobr\"\/><br \/>\nEn associant recherche acad\u00e9mique, innovation num\u00e9rique et gestion op\u00e9rationnelle, le projet ambitionne de poser un nouveau standard pour la gouvernance de l\u2019eau en France.<\/p>\n<p>\u00ab\u00a0Les services d\u2019eau sont soumis \u00e0 une pression croissante pour renforcer la r\u00e9silience de leurs r\u00e9seaux et am\u00e9liorer leur efficacit\u00e9 op\u00e9rationnelle. L\u2019utilisation de solutions intelligentes telles que l\u2019analyse de donn\u00e9es, les modules de d\u00e9tection des fuites en temps r\u00e9el et les outils de maintenance pr\u00e9dictive leur permet de relever ces d\u00e9fis de mani\u00e8re proactive. Avec ce projet, Eau d\u2019Azur fait preuve d\u2019audace pour maintenir une gestion de l\u2019eau efficace, r\u00e9siliente et intelligente sur l\u2019ensemble de son r\u00e9seau. L\u2019int\u00e9gration de solutions num\u00e9riques telles que Xylem Vue dans le cadre du projet est essentielle pour fournir une vue holistique des donn\u00e9es afin de simplifier et d\u2019optimiser la gestion du r\u00e9seau, am\u00e9liorant ainsi la s\u00e9curit\u00e9 et la fiabilit\u00e9 des ressources en eau. Nous sommes ravis, avec cette initiative, d\u2019aider la M\u00e9tropole Nice \u00e0 devenir une r\u00e9gion pionni\u00e8re en France, en utilisant les technologies num\u00e9riques pour transformer la gestion de l\u2019eau\u00a0\u00bb, a d\u00e9clar\u00e9 <strong>Olivier Lamarie,<\/strong> Directeur g\u00e9n\u00e9ral de Xylem France et Belux.<\/p>\n<p><br class=\"autobr\"\/><br \/>\n<strong>Financ\u00e9 en partie dans le cadre du Plan France 2030 et de l\u2019appel \u00e0 projets Innov\u2019EAU port\u00e9 par l\u2019ADEME, ce programme de trois ans repr\u00e9sente un investissement total de 5,9 millions d\u2019euros, dont 4 millions de subvention publique.<\/strong><\/p>\n<p>Visuel de une\u00a0: illustration \u00a9DR<\/p>\n","protected":false},"excerpt":{"rendered":"La M\u00e9tropole Nice C\u00f4te d\u2019Azur, sa R\u00e9gie Eau et Assainissement, l\u2019entreprise Xylem et l\u2019Universit\u00e9 C\u00f4te d\u2019Azur ont pr\u00e9sent\u00e9&hellip;\n","protected":false},"author":2,"featured_media":426326,"comment_status":"","ping_status":"","sticky":false,"template":"","format":"standard","meta":{"footnotes":""},"categories":[2819],"tags":[1111,11,2408,1777,674,1011,27,12,2401,882,25],"class_list":{"0":"post-426325","1":"post","2":"type-post","3":"status-publish","4":"format-standard","5":"has-post-thumbnail","7":"category-nice","8":"tag-actu","9":"tag-actualites","10":"tag-appels-d","11":"tag-eu","12":"tag-europe","13":"tag-fr","14":"tag-france","15":"tag-news","16":"tag-nice","17":"tag-provence-alpes-cote-dazur","18":"tag-republique-francaise"},"share_on_mastodon":{"url":"https:\/\/pubeurope.com\/@fr\/115288155771881664","error":""},"_links":{"self":[{"href":"https:\/\/www.europesays.com\/fr\/wp-json\/wp\/v2\/posts\/426325","targetHints":{"allow":["GET"]}}],"collection":[{"href":"https:\/\/www.europesays.com\/fr\/wp-json\/wp\/v2\/posts"}],"about":[{"href":"https:\/\/www.europesays.com\/fr\/wp-json\/wp\/v2\/types\/post"}],"author":[{"embeddable":true,"href":"https:\/\/www.europesays.com\/fr\/wp-json\/wp\/v2\/users\/2"}],"replies":[{"embeddable":true,"href":"https:\/\/www.europesays.com\/fr\/wp-json\/wp\/v2\/comments?post=426325"}],"version-history":[{"count":0,"href":"https:\/\/www.europesays.com\/fr\/wp-json\/wp\/v2\/posts\/426325\/revisions"}],"wp:featuredmedia":[{"embeddable":true,"href":"https:\/\/www.europesays.com\/fr\/wp-json\/wp\/v2\/media\/426326"}],"wp:attachment":[{"href":"https:\/\/www.europesays.com\/fr\/wp-json\/wp\/v2\/media?parent=426325"}],"wp:term":[{"taxonomy":"category","embeddable":true,"href":"https:\/\/www.europesays.com\/fr\/wp-json\/wp\/v2\/categories?post=426325"},{"taxonomy":"post_tag","embeddable":true,"href":"https:\/\/www.europesays.com\/fr\/wp-json\/wp\/v2\/tags?post=426325"}],"curies":[{"name":"wp","href":"https:\/\/api.w.org\/{rel}","templated":true}]}}