{"id":426332,"date":"2025-09-29T14:56:14","date_gmt":"2025-09-29T14:56:14","guid":{"rendered":"https:\/\/www.europesays.com\/fr\/426332\/"},"modified":"2025-09-29T14:56:14","modified_gmt":"2025-09-29T14:56:14","slug":"une-proprietaire-condamnee-en-gironde","status":"publish","type":"post","link":"https:\/\/www.europesays.com\/fr\/426332\/","title":{"rendered":"une propri\u00e9taire condamn\u00e9e en Gironde"},"content":{"rendered":"<p>            Par<br \/>\n        <strong><br \/>\n            <a href=\"https:\/\/actu.fr\/auteur\/juliette-cardinale\" title=\"Consulter tous les articles de Juliette Cardinale\" target=\"_blank\" rel=\"noopener\">Juliette Cardinale<\/a><br \/>\n        <\/strong><\/p>\n<p>        Publi\u00e9 le<\/p>\n<p>            29 sept. 2025 \u00e0 16h34        <\/p>\n<p>Les images \u00e9taient effroyables.\u00a0Le samedi 28\u00a0septembre 2024, 17 chats de race Maine coon avaient \u00e9t\u00e9 saisis dans des <strong>conditions terribles<\/strong> dans un \u00e9levage laiss\u00e9 \u00e0 l\u2019abandon <a href=\"https:\/\/actu.fr\/nouvelle-aquitaine\/queyrac_33348\" target=\"_blank\" rel=\"noopener\">\u00e0 Queyrac (Gironde).<\/a> \u00ab\u2009C\u2019\u00e9tait la <strong>maison de l\u2019horreur\u2009\u00bb,<\/strong> avait alors affirm\u00e9 le vice-pr\u00e9sident de l\u2019association V\u00e9nus <a href=\"https:\/\/actu.fr\/nouvelle-aquitaine\/queyrac_33348\/l-horreur-a-ciel-ferme-d-un-elevage-de-chats-maine-coon-en-gironde-on-a-senti-la-mort-dans-leur-regard_61683210.html\" target=\"_blank\" rel=\"noopener\">\u00e0 actu Bordeaux.<\/a> Presque un an plus tard, ce vendredi 26\u00a0septembre 2025, la propri\u00e9taire des chats a \u00e9t\u00e9 jug\u00e9e et condamn\u00e9e.<\/p>\n<p>Des animaux dans un \u00e9tat effroyable<\/p>\n<p class=\" wall-content\">Ce jour-l\u00e0, l\u2019association V\u00e9nus intervenait \u00e0 la demande du 36 77, <strong>sur r\u00e9quisition<\/strong> du parquet de Bordeaux. Quatre membres de l\u2019association et son pr\u00e9sident \u00e9taient sur les lieux, avec les forces de l\u2019ordre et l\u2019\u00e9lu de garde.<\/p>\n<p class=\" wall-content\">Ils ont trouv\u00e9 des animaux \u00ab\u2009cachectiques\u2009\u00bb aux \u00ab\u2009pelages ternes\u2009\u00bb et \u00ab\u2009yeux larmoyants\u2009\u00bb. \u00ab\u2009D\u00e8s notre arriv\u00e9e, ils se sont ru\u00e9s contre les grilles\u2026 avec des regards du Christ en croix\u2009: <strong>affam\u00e9s, d\u00e9sesp\u00e9r\u00e9s,<\/strong> mais porteurs d\u2019une flamme d\u2019espoir\u2009\u00bb, se souvient Laurent, Blanchard-Talou, vice-pr\u00e9sident de l\u2019association V\u00e9nus.<\/p>\n<p class=\" wall-content\">Il d\u00e9crit <strong>\u00ab\u2009une horreur \u00e0 huis clos\u2009\u00bb<\/strong> dans un cadre effroyable\u2009: des \u00ab\u2009selles diarrh\u00e9iques partout\u2009\u00bb, \u00ab\u2009un cadavre en d\u00e9composition\u2009\u00bb dans une malle\u2026<\/p>\n<p>    <a href=\"https:\/\/www.facebook.com\/plugins\/post.php?href=https%3A%2F%2Fwww.facebook.com%2Fassociation.Venus%2Fposts%2Fpfbid08SN5hBZQLYZrxHsgjfDfHvwxTgLkyEfDFvDDWCV4NWRu69bhoBtJqeLbXAgEEwYrl&amp;show_text=true&amp;width=350\" title=\"Ouvrie le lien\" target=\"_blank\" rel=\"noopener\">Cliquez ici pour visualiser le contenu<\/a><\/p>\n<p class=\" wall-content\">Les chats ont \u00e9t\u00e9 attrap\u00e9s \u00ab\u2009parfois avec les mains, parfois avec des \u00e9puisettes\u2009\u00bb. <strong>Aucun d\u2019entre eux n\u2019a cherch\u00e9 \u00e0 mordre<\/strong> ou griffer les membres de V\u00e9nus. Certains animaux ne pesaient pas plus de trois kilos, alors qu\u2019un chat Maine coon fait entre 9 et 11 kilos.<\/p>\n<p class=\" wall-content\">L\u2019un des animaux, une chatte, \u00ab\u2009avait <strong>boulevers\u00e9\u2009\u00bb<\/strong> le pr\u00e9sident de l\u2019association, Didier. \u00ab\u2009Assise sur la rambarde de l\u2019escalier, elle lui avait accroch\u00e9 l\u2019\u00e2me par son regard. Elle s\u2019\u00e9tait laiss\u00e9e caresser\u2026 Elle s\u2019appelle d\u00e9sormais Isis\u2009\u00bb, explique Laurent, <a href=\"https:\/\/www.facebook.com\/photo\/?fbid=1233685308800699&amp;set=pcb.1233685712133992\" target=\"_blank\" rel=\"noopener\">photos des chats en bien meilleure sant\u00e9 \u00e0 l\u2019appui.<\/a><\/p>\n<p>Votre r\u00e9gion, votre actu !<\/p>\n<p>Recevez chaque jour les infos qui comptent pour vous.<\/p>\n<p>\t<a href=\"https:\/\/actu.fr\/newsletter\" class=\"ac-btn ac-btn--corner ac-btn--medium ac-btn--blue800\" target=\"_blank\" rel=\"noopener\">S&rsquo;incrire<\/a><br \/>\nCondamn\u00e9e \u00e0 quatre mois de prison<\/p>\n<p class=\" wall-content\">Ce vendredi 26\u00a0septembre, la quinquag\u00e9naire \u00e9tait jug\u00e9e pour des faits d\u2019abandons et de mauvais traitements d\u2019animaux, en qualit\u00e9 de professionnelle de l\u2019\u00e9levage. Elle a\u00a0\u00e9t\u00e9 condamn\u00e9e \u00e0 <strong>quatre mois d\u2019emprisonnement avec sursis,<\/strong> interdiction d\u00e9finitive d\u2019exercer toute activit\u00e9 en lien avec les animaux et confiscation des animaux.<\/p>\n<p class=\" wall-content\">Elle a \u00e9galement \u00e9t\u00e9 condamn\u00e9e \u00e0 verser des dommages et int\u00e9r\u00eats \u00e0 hauteur de\u2009: <strong>5\u2009800\u00a0euros pour l\u2019association V\u00e9nus<\/strong> (remboursement des factures), 300\u00a0euros pour chaque association partie civile (pr\u00e9judice moral) et 500\u00a0euros pour chaque association (frais d\u2019avocat).<\/p>\n<p class=\" wall-content\">\u00ab\u2009Aucun pr\u00e9judice de sentience n\u2019a \u00e9t\u00e9 reconnu pour lequel notre association a <strong>d\u00e9cid\u00e9 de faire appel<\/strong> par le biais de notre avocate\u2009\u00bb, a pr\u00e9cis\u00e9 l\u2019association V\u00e9nus.<\/p>\n<p class=\" wall-content\">Personnalisez votre actualit\u00e9 en ajoutant vos villes et m\u00e9dias en favori avec <a href=\"https:\/\/moncompte.actu.fr\" title=\"D\u00e9couvez Mon Actu\" rel=\"nofollow noopener\" data-trk=\"{&quot;cta&quot;:{&quot;action&quot;:&quot;https:\\\/\\\/moncompte.actu.fr&quot;,&quot;category&quot;:&quot;mon compte&quot;,&quot;from&quot;:&quot;article footer&quot;,&quot;name&quot;:&quot;Mon actu&quot;,&quot;type&quot;:&quot;cta&quot;}}\" target=\"_blank\">Mon Actu<\/a>.<\/p>\n","protected":false},"excerpt":{"rendered":"Par Juliette Cardinale Publi\u00e9 le 29 sept. 2025 \u00e0 16h34 Les images \u00e9taient effroyables.\u00a0Le samedi 28\u00a0septembre 2024, 17&hellip;\n","protected":false},"author":2,"featured_media":426333,"comment_status":"","ping_status":"","sticky":false,"template":"","format":"standard","meta":{"footnotes":""},"categories":[2817],"tags":[1111,11,1867,1997,1777,674,1011,27,303,12,2219,25,104],"class_list":{"0":"post-426332","1":"post","2":"type-post","3":"status-publish","4":"format-standard","5":"has-post-thumbnail","7":"category-bordeaux","8":"tag-actu","9":"tag-actualites","10":"tag-animaux","11":"tag-bordeaux","12":"tag-eu","13":"tag-europe","14":"tag-fr","15":"tag-france","16":"tag-justice","17":"tag-news","18":"tag-nouvelle-aquitaine","19":"tag-republique-francaise","20":"tag-societe"},"share_on_mastodon":{"url":"https:\/\/pubeurope.com\/@fr\/115288171180662632","error":""},"_links":{"self":[{"href":"https:\/\/www.europesays.com\/fr\/wp-json\/wp\/v2\/posts\/426332","targetHints":{"allow":["GET"]}}],"collection":[{"href":"https:\/\/www.europesays.com\/fr\/wp-json\/wp\/v2\/posts"}],"about":[{"href":"https:\/\/www.europesays.com\/fr\/wp-json\/wp\/v2\/types\/post"}],"author":[{"embeddable":true,"href":"https:\/\/www.europesays.com\/fr\/wp-json\/wp\/v2\/users\/2"}],"replies":[{"embeddable":true,"href":"https:\/\/www.europesays.com\/fr\/wp-json\/wp\/v2\/comments?post=426332"}],"version-history":[{"count":0,"href":"https:\/\/www.europesays.com\/fr\/wp-json\/wp\/v2\/posts\/426332\/revisions"}],"wp:featuredmedia":[{"embeddable":true,"href":"https:\/\/www.europesays.com\/fr\/wp-json\/wp\/v2\/media\/426333"}],"wp:attachment":[{"href":"https:\/\/www.europesays.com\/fr\/wp-json\/wp\/v2\/media?parent=426332"}],"wp:term":[{"taxonomy":"category","embeddable":true,"href":"https:\/\/www.europesays.com\/fr\/wp-json\/wp\/v2\/categories?post=426332"},{"taxonomy":"post_tag","embeddable":true,"href":"https:\/\/www.europesays.com\/fr\/wp-json\/wp\/v2\/tags?post=426332"}],"curies":[{"name":"wp","href":"https:\/\/api.w.org\/{rel}","templated":true}]}}