{"id":426334,"date":"2025-09-29T14:57:13","date_gmt":"2025-09-29T14:57:13","guid":{"rendered":"https:\/\/www.europesays.com\/fr\/426334\/"},"modified":"2025-09-29T14:57:13","modified_gmt":"2025-09-29T14:57:13","slug":"bordeaux-rive-droite-ouvre-son-premier-burger-king","status":"publish","type":"post","link":"https:\/\/www.europesays.com\/fr\/426334\/","title":{"rendered":"Bordeaux Rive Droite ouvre son premier Burger King"},"content":{"rendered":"<p>Pr\u00e9pare-toi : d\u00e8s ce mercredi 1er octobre 2025, un tout nouveau Burger King s\u2019installe sur la rive droite de Bordeaux !<\/p>\n<p style=\"font-size:16px\">Install\u00e9 sur l\u2019ancien site du Quick, ferm\u00e9 en 2023, ce <strong><a href=\"https:\/\/www.burgerking.fr\/\" target=\"_blank\" rel=\"noreferrer noopener nofollow\">Burger King<\/a> \u00ab\u00a0atypique\u00a0\u00bb<\/strong> a de quoi surprendre : situ\u00e9 en plein c\u0153ur de la Bastide, \u00e0 proximit\u00e9 du <strong>pont de Pierre<\/strong>, il propose une <strong>grande terrasse ensoleill\u00e9e<\/strong>, une <strong>aire de jeux<\/strong> pour les plus jeunes, et m\u00eame un <strong>drive<\/strong>, chose rare dans un secteur aussi central.<\/p>\n<p style=\"font-size:16px\">Le restaurant s\u2019\u00e9tend sur <strong>350 m\u00b2<\/strong>, avec <strong>85 places assises \u00e0 l\u2019int\u00e9rieur<\/strong> et <strong>72 en terrasse<\/strong>. Un vrai plus pour les amateurs de burgers qui veulent profiter des beaux jours, ou simplement r\u00e9cup\u00e9rer leur commande en voiture sans quitter le centre-ville.<\/p>\n<p><img fetchpriority=\"high\" decoding=\"async\" width=\"380\" height=\"250\" data-id=\"84285\" src=\"https:\/\/www.europesays.com\/fr\/wp-content\/uploads\/2025\/09\/image-81.png\" alt=\"\" class=\"wp-image-84285\"  \/>Le nouveau Burger King remplacera l\u2019enseigne Quick. <\/p>\n<p><img loading=\"lazy\" decoding=\"async\" width=\"1024\" height=\"446\" data-id=\"84284\" src=\"https:\/\/www.europesays.com\/fr\/wp-content\/uploads\/2025\/09\/image-80-1024x446.png\" alt=\"\" class=\"wp-image-84284\"  \/>En plein c\u0153ur de la Bastide, un Burger King atypique avec terrasse, aire de jeux et drive.<\/p>\n<p style=\"font-size:16px\"><a href=\"https:\/\/www.burgerking.fr\/\" target=\"_blank\" rel=\"noreferrer noopener nofollow\">Burger King<\/a> Bastide s\u2019inscrit aussi dans son quartier. L\u2019enseigne devient <strong>sponsor de l\u2019\u00e9quipe f\u00e9minine de football locale<\/strong>, et mise sur <strong>l\u2019emploi local<\/strong> : une soixantaine de personnes ont \u00e9t\u00e9 recrut\u00e9es, en majorit\u00e9 des <strong>\u00e9tudiants<\/strong>, gr\u00e2ce \u00e0 un partenariat avec France Travail.<\/p>\n<p style=\"font-size:16px\">Avant l\u2019ouverture officielle, des <strong>tests en conditions r\u00e9elles<\/strong> ont \u00e9t\u00e9 organis\u00e9s pour ajuster les derniers d\u00e9tails. Un concours sur les r\u00e9seaux sociaux a m\u00eame permis \u00e0 200 chanceux de d\u00e9couvrir le lieu en avant-premi\u00e8re \u2013 preuve que ce lancement \u00e9tait <strong>tr\u00e8s attendu<\/strong>.<\/p>\n<p style=\"font-size:16px\">D\u00e8s le 1er octobre, tu pourras t\u2019y rendre <strong>tous les jours de 11h \u00e0 23h<\/strong> (et jusqu\u2019\u00e0 <strong>00h30 les vendredis et samedis<\/strong> en drive). Bref, un nouveau spot pour manger vite\u2026 et bien install\u00e9, m\u00eame sur la rive droite.<\/p>\n<p style=\"font-size:16px\">\u00c0 lire aussi : <a href=\"https:\/\/www.bougerabordeaux.com\/actu\/bordeaux-vinyl-market-deux-jours-pour-chiner-des-pepites-musicales\/\" target=\"_blank\" rel=\"noreferrer noopener nofollow\">Bordeaux Vinyl Market : deux jours pour chiner des p\u00e9pites musicales<\/a><\/p>\n","protected":false},"excerpt":{"rendered":"Pr\u00e9pare-toi : d\u00e8s ce mercredi 1er octobre 2025, un tout nouveau Burger King s\u2019installe sur la rive droite&hellip;\n","protected":false},"author":2,"featured_media":426335,"comment_status":"","ping_status":"","sticky":false,"template":"","format":"standard","meta":{"footnotes":""},"categories":[2817],"tags":[1111,11,1997,1777,674,1011,27,12,2219,25],"class_list":{"0":"post-426334","1":"post","2":"type-post","3":"status-publish","4":"format-standard","5":"has-post-thumbnail","7":"category-bordeaux","8":"tag-actu","9":"tag-actualites","10":"tag-bordeaux","11":"tag-eu","12":"tag-europe","13":"tag-fr","14":"tag-france","15":"tag-news","16":"tag-nouvelle-aquitaine","17":"tag-republique-francaise"},"share_on_mastodon":{"url":"https:\/\/pubeurope.com\/@fr\/115288175273295722","error":""},"_links":{"self":[{"href":"https:\/\/www.europesays.com\/fr\/wp-json\/wp\/v2\/posts\/426334","targetHints":{"allow":["GET"]}}],"collection":[{"href":"https:\/\/www.europesays.com\/fr\/wp-json\/wp\/v2\/posts"}],"about":[{"href":"https:\/\/www.europesays.com\/fr\/wp-json\/wp\/v2\/types\/post"}],"author":[{"embeddable":true,"href":"https:\/\/www.europesays.com\/fr\/wp-json\/wp\/v2\/users\/2"}],"replies":[{"embeddable":true,"href":"https:\/\/www.europesays.com\/fr\/wp-json\/wp\/v2\/comments?post=426334"}],"version-history":[{"count":0,"href":"https:\/\/www.europesays.com\/fr\/wp-json\/wp\/v2\/posts\/426334\/revisions"}],"wp:featuredmedia":[{"embeddable":true,"href":"https:\/\/www.europesays.com\/fr\/wp-json\/wp\/v2\/media\/426335"}],"wp:attachment":[{"href":"https:\/\/www.europesays.com\/fr\/wp-json\/wp\/v2\/media?parent=426334"}],"wp:term":[{"taxonomy":"category","embeddable":true,"href":"https:\/\/www.europesays.com\/fr\/wp-json\/wp\/v2\/categories?post=426334"},{"taxonomy":"post_tag","embeddable":true,"href":"https:\/\/www.europesays.com\/fr\/wp-json\/wp\/v2\/tags?post=426334"}],"curies":[{"name":"wp","href":"https:\/\/api.w.org\/{rel}","templated":true}]}}