{"id":426336,"date":"2025-09-29T14:58:10","date_gmt":"2025-09-29T14:58:10","guid":{"rendered":"https:\/\/www.europesays.com\/fr\/426336\/"},"modified":"2025-09-29T14:58:10","modified_gmt":"2025-09-29T14:58:10","slug":"un-vol-ryanair-venu-de-londres-sarrete-durgence-a-toulouse-apres-une-bagarre-entre-des-passagers-ivres","status":"publish","type":"post","link":"https:\/\/www.europesays.com\/fr\/426336\/","title":{"rendered":"Un vol Ryanair venu de Londres s&rsquo;arr\u00eate d&rsquo;urgence \u00e0 Toulouse apr\u00e8s une bagarre entre des passagers ivres"},"content":{"rendered":"<p>            Par<br \/>\n        <strong><br \/>\n            <a href=\"https:\/\/actu.fr\/auteur\/anaelle-montagne\" title=\"Consulter tous les articles de Anaelle Montagne\" rel=\"nofollow noopener\" target=\"_blank\">Anaelle Montagne<\/a><br \/>\n        <\/strong><\/p>\n<p>        Publi\u00e9 le<\/p>\n<p>            29 sept. 2025 \u00e0 16h39        <\/p>\n<p>Les passagers britanniques ont la r\u00e9putation de boire quelques coups avant de monter dans l\u2019avion, mais ceux-l\u00e0 y ont \u00e9t\u00e9 un peu fort sur la bi\u00e8re. Un vol Ryanair reliant <strong>Londres \u00e0 Alicante<\/strong>, en Espagne, a d\u00fb \u00eatre d\u00e9rout\u00e9 et atterrir d\u2019urgence \u00e0 <a href=\"https:\/\/actu.fr\/toulouse\/\" rel=\"nofollow noopener\" target=\"_blank\">Toulouse<\/a>\u2026 \u00e0 cause de passagers trop saouls, qui en sont venus aux mains en plein vol.<\/p>\n<p>Intervention de la gendarmerie<\/p>\n<p class=\" wall-content\">Une fois l\u2019avion \u00e0 terre dans la Ville rose, la gendarmerie a d\u00fb intervenir pour sortir de force les Britanniques de l\u2019avion. Non sans mal, comme on peut le voir dans une vid\u00e9o publi\u00e9e sur TikTok.<\/p>\n<blockquote class=\"tiktok-embed\" cite=\"https:\/\/www.tiktok.com\/@rubytuesdaytinsley\/video\/7555170166594899202\" data-video-id=\"7555170166594899202\" data-embed-from=\"oembed\" style=\"max-width:605px; min-width:325px;\"><p>\n<a target=\"_blank\" title=\"@rubytuesdaytinsley\" href=\"https:\/\/www.tiktok.com\/@rubytuesdaytinsley?refer=embed\" rel=\"nofollow noopener\">@rubytuesdaytinsley<\/a> <\/p>\n<p>Well I\u2019ve got to do it now\u2026giving what everyone asked for with the original sound @Ryanair @jet2 \ud83e\udd23\ud83d\ude43\ud83d\ude2d\u2708\ufe0f  <a title=\"ryanair\" target=\"_blank\" href=\"https:\/\/www.tiktok.com\/tag\/ryanair?refer=embed\" rel=\"nofollow noopener\">#ryanair<\/a> <a title=\"flight\" target=\"_blank\" href=\"https:\/\/www.tiktok.com\/tag\/flight?refer=embed\" rel=\"nofollow noopener\">#flight<\/a> <a title=\"police\" target=\"_blank\" href=\"https:\/\/www.tiktok.com\/tag\/police?refer=embed\" rel=\"nofollow noopener\">#police<\/a> <a title=\"jet2holiday\" target=\"_blank\" href=\"https:\/\/www.tiktok.com\/tag\/jet2holiday?refer=embed\" rel=\"nofollow noopener\">#jet2holiday<\/a> <a title=\"benidorm\" target=\"_blank\" href=\"https:\/\/www.tiktok.com\/tag\/benidorm?refer=embed\" rel=\"nofollow noopener\">#benidorm<\/a><\/p>\n<p> <a target=\"_blank\" title=\"\u266c original sound - rubytinsley\" href=\"https:\/\/www.tiktok.com\/music\/original-sound-7555170177495665430?refer=embed\" rel=\"nofollow noopener\">\u266c original sound \u2013 rubytinsley<\/a> <\/p>\n<\/blockquote>\n<p>Bruyants et indisciplin\u00e9s<\/p>\n<p class=\" wall-content\">Tania Nichols, une passag\u00e8re, confie \u00e0 nos confr\u00e8res britanniques du <a href=\"https:\/\/www.dailymail.co.uk\/news\/article-15143769\/Moment-British-stag-group-thrown-Ryanair-flight-French-police-one-thrown-aisle-pleading-son-warning-Youre-making-mistake-youre-coming-me.html\" rel=\"nofollow noopener\" target=\"_blank\">Daily Mail<\/a> que le groupe d\u2019hommes, assis pr\u00e8s d\u2019elle, avait \u00e9t\u00e9 \u00ab\u2009bruyant et indisciplin\u00e9\u2009\u00bb avant m\u00eame le d\u00e9collage.<\/p>\n<p class=\" wall-content\">Imm\u00e9diatement apr\u00e8s le d\u00e9collage, toujours selon Tania Nichols, ils auraient commenc\u00e9 \u00e0 boire et \u00e0 avoir des conversations \u00ab\u2009bruyantes et inappropri\u00e9es, tout pr\u00e8s de jeunes enfants\u2009\u00bb.<\/p>\n<p class=\" wall-content\">Une altercation \u00e9clate peu apr\u00e8s en d\u00e9pit des efforts des stewards et des h\u00f4tesses de l\u2019air. Le groupe d\u2019hommes en vient aux mains, impliquant les autres passagers malgr\u00e9 eux.<\/p>\n<p>Vid\u00e9os : en ce moment sur ActuLe vol d\u00e9rout\u00e9<\/p>\n<p class=\" wall-content\">Face au chaos ambiant, le pilote annonce finalement un arr\u00eat impr\u00e9vu \u00e0<strong> Toulouse<\/strong>, o\u00f9 les gendarmes interviennent enfin, pour expulser les Britanniques r\u00e9calcitrants\u2026 sous les applaudissements des autres passagers.<\/p>\n<p>Votre r\u00e9gion, votre actu !<\/p>\n<p>Recevez chaque jour les infos qui comptent pour vous.<\/p>\n<p>\t<a href=\"https:\/\/actu.fr\/newsletter\" class=\"ac-btn ac-btn--corner ac-btn--medium ac-btn--blue800\" rel=\"nofollow noopener\" target=\"_blank\">S&rsquo;incrire<\/a><\/p>\n<p class=\" wall-content\">Suite \u00e0 l\u2019incident, Ryanair a indiqu\u00e9 au Daily Mail avoir une \u00ab\u2009politique de tol\u00e9rance z\u00e9ro\u2009\u00bb envers ce genre de comportement. La compagnie indique que l\u2019affaire est d\u00e9sormais entre les mains des forces de l\u2019ordre locales.<\/p>\n<p class=\" wall-content\">Personnalisez votre actualit\u00e9 en ajoutant vos villes et m\u00e9dias en favori avec <a href=\"https:\/\/moncompte.actu.fr\" title=\"D\u00e9couvez Mon Actu\" rel=\"nofollow noopener\" data-trk=\"{&quot;cta&quot;:{&quot;action&quot;:&quot;https:\\\/\\\/moncompte.actu.fr&quot;,&quot;category&quot;:&quot;mon compte&quot;,&quot;from&quot;:&quot;article footer&quot;,&quot;name&quot;:&quot;Mon actu&quot;,&quot;type&quot;:&quot;cta&quot;}}\" target=\"_blank\">Mon Actu<\/a>.<\/p>\n<p>                    <script async src=\"\/\/www.tiktok.com\/embed.js\"><\/script><\/p>\n","protected":false},"excerpt":{"rendered":"Par Anaelle Montagne Publi\u00e9 le 29 sept. 2025 \u00e0 16h39 Les passagers britanniques ont la r\u00e9putation de boire&hellip;\n","protected":false},"author":2,"featured_media":426337,"comment_status":"","ping_status":"","sticky":false,"template":"","format":"standard","meta":{"footnotes":""},"categories":[2816],"tags":[1111,11,1777,674,118,1011,27,12,2680,25,8683,2312],"class_list":{"0":"post-426336","1":"post","2":"type-post","3":"status-publish","4":"format-standard","5":"has-post-thumbnail","7":"category-toulouse","8":"tag-actu","9":"tag-actualites","10":"tag-eu","11":"tag-europe","12":"tag-faits-divers","13":"tag-fr","14":"tag-france","15":"tag-news","16":"tag-occitanie","17":"tag-republique-francaise","18":"tag-ryanair","19":"tag-toulouse"},"share_on_mastodon":{"url":"https:\/\/pubeurope.com\/@fr\/115288179190172357","error":""},"_links":{"self":[{"href":"https:\/\/www.europesays.com\/fr\/wp-json\/wp\/v2\/posts\/426336","targetHints":{"allow":["GET"]}}],"collection":[{"href":"https:\/\/www.europesays.com\/fr\/wp-json\/wp\/v2\/posts"}],"about":[{"href":"https:\/\/www.europesays.com\/fr\/wp-json\/wp\/v2\/types\/post"}],"author":[{"embeddable":true,"href":"https:\/\/www.europesays.com\/fr\/wp-json\/wp\/v2\/users\/2"}],"replies":[{"embeddable":true,"href":"https:\/\/www.europesays.com\/fr\/wp-json\/wp\/v2\/comments?post=426336"}],"version-history":[{"count":0,"href":"https:\/\/www.europesays.com\/fr\/wp-json\/wp\/v2\/posts\/426336\/revisions"}],"wp:featuredmedia":[{"embeddable":true,"href":"https:\/\/www.europesays.com\/fr\/wp-json\/wp\/v2\/media\/426337"}],"wp:attachment":[{"href":"https:\/\/www.europesays.com\/fr\/wp-json\/wp\/v2\/media?parent=426336"}],"wp:term":[{"taxonomy":"category","embeddable":true,"href":"https:\/\/www.europesays.com\/fr\/wp-json\/wp\/v2\/categories?post=426336"},{"taxonomy":"post_tag","embeddable":true,"href":"https:\/\/www.europesays.com\/fr\/wp-json\/wp\/v2\/tags?post=426336"}],"curies":[{"name":"wp","href":"https:\/\/api.w.org\/{rel}","templated":true}]}}