{"id":426338,"date":"2025-09-29T14:59:11","date_gmt":"2025-09-29T14:59:11","guid":{"rendered":"https:\/\/www.europesays.com\/fr\/426338\/"},"modified":"2025-09-29T14:59:11","modified_gmt":"2025-09-29T14:59:11","slug":"la-video-des-gendarmes-tentant-devacuer-des-passagers-ivres-dun-vol-ryanair-devient-virale","status":"publish","type":"post","link":"https:\/\/www.europesays.com\/fr\/426338\/","title":{"rendered":"La vid\u00e9o des gendarmes tentant d\u2019\u00e9vacuer des passagers ivres d\u2019un vol Ryanair devient virale"},"content":{"rendered":"<p>Les vid\u00e9os ont \u00e9t\u00e9 vues des centaines de milliers de fois sur les r\u00e9seaux sociaux (X et TikTok notamment) depuis leur mise en ligne. Un avion de la compagnie <a href=\"https:\/\/www.20minutes.fr\/economie\/ryanair\/\" class=\"c-link c-link--is-underlined\" target=\"_blank\" rel=\"noopener\">Ryanair<\/a> reliant <a href=\"https:\/\/www.20minutes.fr\/dossier\/londres\" class=\"c-link c-link--is-underlined\" target=\"_blank\" rel=\"noopener\">Londres<\/a> (<a href=\"https:\/\/www.20minutes.fr\/monde\/royaume-uni\/\" class=\"c-link c-link--is-underlined\" target=\"_blank\" rel=\"noopener\">Royaume-Uni<\/a>) \u00e0 Alicante (<a href=\"https:\/\/www.20minutes.fr\/dossier\/espagne\" class=\"c-link c-link--is-underlined\" target=\"_blank\" rel=\"noopener\">Espagne<\/a>), vendredi, a d\u00fb se poser en urgence sur l\u2019a\u00e9roport de <a href=\"https:\/\/www.20minutes.fr\/toulouse\/\" class=\"c-link c-link--is-underlined\" target=\"_blank\" rel=\"noopener\">Toulouse<\/a>-Blagnac en raison de la pr\u00e9sence de six passagers ivres \u00e0 bord de l\u2019appareil.<\/p>\n<p>Insultes, bagarres, menaces\u2026 Les individus ont \u00e9t\u00e9 d\u00e9barqu\u00e9s apr\u00e8s l\u2019intervention de la gendarmerie des transports a\u00e9riens et du peloton de surveillance et d\u2019intervention de la Gendarmerie des transports a\u00e9riens. L\u2019avion a pu repartir ensuite.<\/p>\n<p class=\"mb-xxl@xs color-ultramarine font-weight-semi-bold@xs font-source-serif-pro heading-s@xs\">L\u2019acc\u00e8s \u00e0 ce contenu a \u00e9t\u00e9 bloqu\u00e9 afin de respecter votre choix de consentement<\/p>\n<p class=\"mb-m@xs text-l@xs\">En cliquant sur\u00ab J\u2019accepte \u00bb, vous acceptez le d\u00e9p\u00f4t de cookies par des services externes et aurez ainsi acc\u00e8s aux contenus de nos partenaires.<\/p>\n<p class=\"mb-xl@xs text-s@xs\">Plus d\u2019informations sur la page<a href=\"https:\/\/www.20minutes.fr\/gestion-cookies\" class=\"mx-xxs@xs color-ultramarine\" target=\"_blank\" rel=\"noopener\">Politique de gestion des cookies<\/a><\/p>\n<p>J\u2019accepte<\/p>\n<p>Interrog\u00e9e par <a href=\"https:\/\/www.bfmtv.com\/economie\/entreprises\/transports\/ils-pouvaient-a-peine-se-tenir-debout-six-britanniques-ivres-et-violents-ont-ete-expulses-en-france-d-un-vol-ryanair-qui-a-du-etre-detourne-a-l-aeroport-de-toulouse_AN-202509290500.html\" target=\"_blank\" class=\"c-link c-link--is-underlined\" rel=\"noopener\">BFMTV<\/a>, la compagnie irlandaise confirme que le vol \u00ab\u00a0a \u00e9t\u00e9 d\u00e9tourn\u00e9 vers Toulouse apr\u00e8s que plusieurs passagers l\u2019ont perturb\u00e9. L\u2019\u00e9quipage a alors sollicit\u00e9 l\u2019intervention de la police, qui a accueilli l\u2019avion \u00e0 son arriv\u00e9e \u00e0 l\u2019a\u00e9roport\u00a0\u00bb.<\/p>\n<\/p>\n<p>Ryanair rappelle sa \u00ab\u00a0politique de tol\u00e9rance z\u00e9ro face aux comportements inacceptables des passagers\u00a0\u00bb. Les incidents se multiplient ces derni\u00e8res ann\u00e9es avec des passagers alcoolis\u00e9s causant des troubles importants. En f\u00e9vrier\u00a02024, Michael O\u2019Leary, le PDG de la compagnie low-cost, d\u00e9non\u00e7ait aupr\u00e8s du <a href=\"https:\/\/www.telegraph.co.uk\/travel\/comment\/problem-drunk-and-disorderly-flyers-plane-airlines-violent\/\" target=\"_blank\" class=\"c-link c-link--is-underlined\" rel=\"noopener\">Telegraph<\/a> que des agressions en vol se d\u00e9roulent \u00ab\u00a0chaque semaine\u00a0\u00bb.<\/p>\n<p><a href=\"https:\/\/www.20minutes.fr\/economie\/ryanair\/\" class=\"c-link c-btn c-btn--primary\" target=\"_blank\" rel=\"noopener\">Notre dossier sur Ryanair<\/a><\/p>\n<p>En mai, l\u2019IATA (association mondiale des compagnies a\u00e9riennes), alertait sur \u00ab\u00a0La tendance croissante des incidents de passagers indisciplin\u00e9s\u00a0\u00bb. \u00ab\u00a0Nous n\u2019autorisons pas les gens \u00e0 conduire en \u00e9tat d\u2019ivresse, alors pourquoi continuons-nous \u00e0 les faire monter dans des avions \u00e0 10.000 m\u00e8tres d\u2019altitude\u00a0?\u00a0\u00bb, s\u2019agace de son c\u00f4t\u00e9 Michael O\u2019Leary.<\/p>\n","protected":false},"excerpt":{"rendered":"Les vid\u00e9os ont \u00e9t\u00e9 vues des centaines de milliers de fois sur les r\u00e9seaux sociaux (X et TikTok&hellip;\n","protected":false},"author":2,"featured_media":426339,"comment_status":"","ping_status":"","sticky":false,"template":"","format":"standard","meta":{"footnotes":""},"categories":[2816],"tags":[1111,47,11,37,123,1777,674,118,1011,27,2722,4534,2721,12,2680,25,473,8683,2312,809],"class_list":{"0":"post-426338","1":"post","2":"type-post","3":"status-publish","4":"format-standard","5":"has-post-thumbnail","7":"category-toulouse","8":"tag-actu","9":"tag-actualite","10":"tag-actualites","11":"tag-avion","12":"tag-espagne","13":"tag-eu","14":"tag-europe","15":"tag-faits-divers","16":"tag-fr","17":"tag-france","18":"tag-haute-garonne","19":"tag-londres","20":"tag-midi-pyrenees","21":"tag-news","22":"tag-occitanie","23":"tag-republique-francaise","24":"tag-royaume-uni","25":"tag-ryanair","26":"tag-toulouse","27":"tag-violence"},"share_on_mastodon":{"url":"https:\/\/pubeurope.com\/@fr\/115288183036456547","error":""},"_links":{"self":[{"href":"https:\/\/www.europesays.com\/fr\/wp-json\/wp\/v2\/posts\/426338","targetHints":{"allow":["GET"]}}],"collection":[{"href":"https:\/\/www.europesays.com\/fr\/wp-json\/wp\/v2\/posts"}],"about":[{"href":"https:\/\/www.europesays.com\/fr\/wp-json\/wp\/v2\/types\/post"}],"author":[{"embeddable":true,"href":"https:\/\/www.europesays.com\/fr\/wp-json\/wp\/v2\/users\/2"}],"replies":[{"embeddable":true,"href":"https:\/\/www.europesays.com\/fr\/wp-json\/wp\/v2\/comments?post=426338"}],"version-history":[{"count":0,"href":"https:\/\/www.europesays.com\/fr\/wp-json\/wp\/v2\/posts\/426338\/revisions"}],"wp:featuredmedia":[{"embeddable":true,"href":"https:\/\/www.europesays.com\/fr\/wp-json\/wp\/v2\/media\/426339"}],"wp:attachment":[{"href":"https:\/\/www.europesays.com\/fr\/wp-json\/wp\/v2\/media?parent=426338"}],"wp:term":[{"taxonomy":"category","embeddable":true,"href":"https:\/\/www.europesays.com\/fr\/wp-json\/wp\/v2\/categories?post=426338"},{"taxonomy":"post_tag","embeddable":true,"href":"https:\/\/www.europesays.com\/fr\/wp-json\/wp\/v2\/tags?post=426338"}],"curies":[{"name":"wp","href":"https:\/\/api.w.org\/{rel}","templated":true}]}}