{"id":426340,"date":"2025-09-29T15:00:12","date_gmt":"2025-09-29T15:00:12","guid":{"rendered":"https:\/\/www.europesays.com\/fr\/426340\/"},"modified":"2025-09-29T15:00:12","modified_gmt":"2025-09-29T15:00:12","slug":"le-printemps-lille-organise-un-defile-de-mode-dans-un-lieu-emblematique-voici-comment-y-assister","status":"publish","type":"post","link":"https:\/\/www.europesays.com\/fr\/426340\/","title":{"rendered":"Le Printemps Lille organise un d\u00e9fil\u00e9 de mode dans un lieu embl\u00e9matique : voici comment y assister"},"content":{"rendered":"<p>            Par<br \/>\n        <strong><br \/>\n            <a href=\"https:\/\/actu.fr\/auteur\/hervine-mahaud\" title=\"Consulter tous les articles de Hervine Mahaud\" target=\"_blank\" rel=\"noopener\">Hervine Mahaud<\/a><br \/>\n        <\/strong><\/p>\n<p>        Publi\u00e9 le<\/p>\n<p>            29 sept. 2025 \u00e0 16h50        <\/p>\n<p data-end=\"323\">Un <b>d\u00e9fil\u00e9 in\u00e9dit<\/b>, des performances artistiques et un d\u00e9cor prestigieux : le <b>Printemps Lille<\/b> transforme l\u2019<b>Op\u00e9ra de Lille<\/b> en podium d\u2019exception, le mardi 30 septembre 2025 \u00e0 19h30. L\u2019\u00e9v\u00e9nement, r\u00e9serv\u00e9 \u00e0 une poign\u00e9e de chanceux, sera \u00e0 revivre d\u00e8s le lendemain, le 1er octobre, sur le <a href=\"https:\/\/www.instagram.com\/printempslille\/?hl=fr\" target=\"_blank\" rel=\"noopener\">compte Instagram du Printemps Lille<\/a>.<\/p>\n<p>Le Printemps prend vie sur sc\u00e8ne<\/p>\n<p data-end=\"712\" class=\" wall-content\">\u00c0 l\u2019occasion de la <a href=\"https:\/\/actu.fr\/tag\/fashion-week\" target=\"_blank\" rel=\"noopener\">Fashion Week<\/a> de Paris, qui se tient du 29 septembre au 7 octobre 2025, le grand magasin lillois d\u00e9ploie une soir\u00e9e hors norme, o\u00f9 la mode et l\u2019art dialogueront sous les dorures de l\u2019Op\u00e9ra. Un cadre majestueux pour sublimer les<b> tendances automne-hiver 2025<\/b>, pr\u00e9sent\u00e9es \u00e0 travers une s\u00e9lection pointue : <b>grandes maisons de couture, cr\u00e9ateurs \u00e9mergents et marques phares<\/b> du Printemps d\u00e9fileront c\u00f4te \u00e0 c\u00f4te.<\/p>\n<p data-end=\"712\" class=\" wall-content\">\n<a href=\"https:\/\/www.instagram.com\/p\/DObRSmxCEWa\/embed\" title=\"Ouvrir le lien sur Instagram\" target=\"_blank\" rel=\"noopener\">Visualiser le contenu sur Instagram<\/a><\/p>\n<p data-end=\"1026\" class=\" wall-content\"><b>Mode femme, homme, accessoires, beaut\u00e9<\/b>\u2026 L\u2019univers entier du Printemps prendra vie dans une <b>sc\u00e9nographie contemporaine, \u00e9l\u00e9gante et audacieuse<\/b>. La soir\u00e9e sera \u00e9galement ponctu\u00e9e de performances musicales et artistiques, avec la participation de talents r\u00e9gionaux et quelques surprises r\u00e9serv\u00e9es aux spectateurs.<\/p>\n<p>Un rendez-vous qui unit mode et culture<\/p>\n<p data-end=\"1406\" class=\" wall-content\">Avec ce d\u00e9fil\u00e9, le Printemps Lille confirme sa volont\u00e9 de mettre en avant la cr\u00e9ation tout en soutenant les <b>institutions culturelles locales<\/b>. En choisissant l\u2019Op\u00e9ra, lieu embl\u00e9matique de la m\u00e9tropole, le magasin signe une rencontre entre deux univers d\u2019excellence : <b>l\u2019effervescence de la mode et l\u2019exigence de la sc\u00e8ne artistique<\/b>.<\/p>\n<p data-end=\"1625\" class=\" wall-content\">Depuis 1865, le Printemps s\u2019attache \u00e0 surprendre, \u00e0 anticiper les \u00e9volutions soci\u00e9tales et \u00e0 proposer une exp\u00e9rience toujours plus responsable et inclusive. Ce d\u00e9fil\u00e9 in\u00e9dit s\u2019inscrit pleinement dans cette d\u00e9marche.<\/p>\n<p>Pour ceux qui ne pourront pas y \u00eatre<\/p>\n<p data-end=\"2083\" class=\" wall-content\">Le nombre de places \u00e9tant limit\u00e9, tout le monde ne pourra pas assister \u00e0 cette soir\u00e9e exceptionnelle. Mais le Printemps Lille n\u2019oublie personne : <b data-end=\"1994\">les temps forts du d\u00e9fil\u00e9 seront \u00e0 revivre d\u00e8s le lendemain, mercredi 1er octobre \u00e0 19h, sur le compte Instagram @printempslille.<\/b> Une occasion unique de d\u00e9couvrir, en images et en coulisses, l\u2019\u00e9nergie de l\u2019\u00e9v\u00e9nement.<\/p>\n<p class=\" wall-content\">Personnalisez votre actualit\u00e9 en ajoutant vos villes et m\u00e9dias en favori avec <a href=\"https:\/\/moncompte.actu.fr\" title=\"D\u00e9couvez Mon Actu\" rel=\"nofollow noopener\" data-trk=\"{&quot;cta&quot;:{&quot;action&quot;:&quot;https:\\\/\\\/moncompte.actu.fr&quot;,&quot;category&quot;:&quot;mon compte&quot;,&quot;from&quot;:&quot;article footer&quot;,&quot;name&quot;:&quot;Mon actu&quot;,&quot;type&quot;:&quot;cta&quot;}}\" target=\"_blank\">Mon Actu<\/a>.<\/p>\n<p>                    <script async src=\"\/\/www.instagram.com\/embed.js\"><\/script><\/p>\n","protected":false},"excerpt":{"rendered":"Par Hervine Mahaud Publi\u00e9 le 29 sept. 2025 \u00e0 16h50 Un d\u00e9fil\u00e9 in\u00e9dit, des performances artistiques et un&hellip;\n","protected":false},"author":2,"featured_media":426341,"comment_status":"","ping_status":"","sticky":false,"template":"","format":"standard","meta":{"footnotes":""},"categories":[2815],"tags":[1111,11,1777,674,992,1011,27,811,1307,1652,12,25],"class_list":{"0":"post-426340","1":"post","2":"type-post","3":"status-publish","4":"format-standard","5":"has-post-thumbnail","7":"category-lille","8":"tag-actu","9":"tag-actualites","10":"tag-eu","11":"tag-europe","12":"tag-fashion-week","13":"tag-fr","14":"tag-france","15":"tag-hauts-de-france","16":"tag-lille","17":"tag-loisirs-culture","18":"tag-news","19":"tag-republique-francaise"},"share_on_mastodon":{"url":"https:\/\/pubeurope.com\/@fr\/115288186943349055","error":""},"_links":{"self":[{"href":"https:\/\/www.europesays.com\/fr\/wp-json\/wp\/v2\/posts\/426340","targetHints":{"allow":["GET"]}}],"collection":[{"href":"https:\/\/www.europesays.com\/fr\/wp-json\/wp\/v2\/posts"}],"about":[{"href":"https:\/\/www.europesays.com\/fr\/wp-json\/wp\/v2\/types\/post"}],"author":[{"embeddable":true,"href":"https:\/\/www.europesays.com\/fr\/wp-json\/wp\/v2\/users\/2"}],"replies":[{"embeddable":true,"href":"https:\/\/www.europesays.com\/fr\/wp-json\/wp\/v2\/comments?post=426340"}],"version-history":[{"count":0,"href":"https:\/\/www.europesays.com\/fr\/wp-json\/wp\/v2\/posts\/426340\/revisions"}],"wp:featuredmedia":[{"embeddable":true,"href":"https:\/\/www.europesays.com\/fr\/wp-json\/wp\/v2\/media\/426341"}],"wp:attachment":[{"href":"https:\/\/www.europesays.com\/fr\/wp-json\/wp\/v2\/media?parent=426340"}],"wp:term":[{"taxonomy":"category","embeddable":true,"href":"https:\/\/www.europesays.com\/fr\/wp-json\/wp\/v2\/categories?post=426340"},{"taxonomy":"post_tag","embeddable":true,"href":"https:\/\/www.europesays.com\/fr\/wp-json\/wp\/v2\/tags?post=426340"}],"curies":[{"name":"wp","href":"https:\/\/api.w.org\/{rel}","templated":true}]}}