{"id":426350,"date":"2025-09-29T15:05:14","date_gmt":"2025-09-29T15:05:14","guid":{"rendered":"https:\/\/www.europesays.com\/fr\/426350\/"},"modified":"2025-09-29T15:05:14","modified_gmt":"2025-09-29T15:05:14","slug":"le-chef-fabrice-bonnot-veut-peser-sur-les-municipales-a-lyon","status":"publish","type":"post","link":"https:\/\/www.europesays.com\/fr\/426350\/","title":{"rendered":"le chef Fabrice Bonnot veut peser sur les municipales \u00e0 Lyon"},"content":{"rendered":"<p>Le chef Fabrice Bonnot, pr\u00e9sident de l\u2019association des commer\u00e7ants du quartier Charit\u00e9-Bellecour (2e), met fin au suspense. Lui qui mijotait une \u00ab\u00a0grande annonce\u00a0\u00bb depuis plusieurs mois, l\u00e8ve enfin la cloche de ses ambitions. \u00ab\u00a0J\u2019affirme ma volont\u00e9 d\u2019\u00eatre le repr\u00e9sentant et le porte-parole des commer\u00e7ants de Lyon. C\u2019est \u00e0 l\u2019unisson que nous pourrons faire changer les choses\u00a0\u00bb, harangue dans un communiqu\u00e9 le patron du\u00a0restaurant Cuisine et D\u00e9pendances.<\/p>\n<p>Fabrice Bonnot veut \u00ab\u00a0r\u00e9parer le commerce lyonnais apr\u00e8s des ann\u00e9es d\u2019erreurs consid\u00e9rables\u00a0\u00bb. C\u2019est pourquoi il appelle chacun \u00e0 signer <a href=\"https:\/\/docs.google.com\/forms\/d\/e\/1FAIpQLSdvCS9R5_3Pf_GyHmOrwdpHKV5vqGs2jUZQzKKYXeD73p28Uw\/viewform\" target=\"_blank\" rel=\"nofollow noopener\">sa charte, baptis\u00e9e \u201cLa voix des commer\u00e7ants\u201d<\/a>\u00a0; elle vise \u00e0 \u00ab\u00a0peser dans les d\u00e9cisions de demain, d\u00e9fendre nos int\u00e9r\u00eats et pr\u00e9parer l\u2019avenir.\u00a0\u00bb Face \u00e0 \u00ab\u00a0l\u2019urgence\u00a0\u00bb, le chef appelle \u00e0 la mobilisation g\u00e9n\u00e9rale de ses pairs\u00a0: \u00ab\u00a0Rejoignez-moi [\u2026] pour redonner aux commerces la place qu\u2019ils m\u00e9ritent dans l\u2019avenir de notre ville.\u00a0\u00bb<\/p>\n<p>  \u00ab\u00a0J\u2019en attends plus de Jean-Michel Aulas\u00a0\u00bb<\/p>\n<p>Alors que d\u00e9bute \u00e0 Lyon la campagne des municipales 2026, Fabrice Bonnot insiste\u00a0: \u00ab\u00a0C\u2019est maintenant qu\u2019il faut trouver une orientation pour le commerce de demain\u00a0\u00bb. Pas de candidature ni de soutien officiel, donc, pour le chef lyonnais. M\u00eame si, contact\u00e9 ce lundi, il dit ne fermer aucune porte. \u00ab\u00a0\u00c0 un moment, je prendrai position en faveur de tel ou tel candidat. Mais pas tout de suite. Je veux d\u2019abord conna\u00eetre les programmes de chacun, avec d\u00e9tail.\u00a0\u00bb<\/p>\n<p>Lui qui \u00ab\u00a0discute avec tout le monde\u00a0\u00bb, r\u00e9clame plus de concret sur la question du commerce, notamment de la part de Jean-Michel Aulas. \u00ab\u00a0J\u2019attends de savoir ce qu\u2019il compte apporter. Parce que l\u00e0, il va falloir trouver des id\u00e9es, \u00eatre force de proposition. C\u2019est d\u2019ailleurs tout l\u2019objet de cette charte\u00a0\u00bb Pour lui, \u00ab\u00a0Lyon m\u00e9rite mieux qu\u2019un slogan \u00e9lectoral. Les politiques doivent changer de m\u00e9thode, s\u2019inspirer des acteurs de terrain.\u00a0Il est temps qu\u2019on nous \u00e9coute.\u00a0\u00bb<\/p>\n","protected":false},"excerpt":{"rendered":"Le chef Fabrice Bonnot, pr\u00e9sident de l\u2019association des commer\u00e7ants du quartier Charit\u00e9-Bellecour (2e), met fin au suspense. Lui&hellip;\n","protected":false},"author":2,"featured_media":426351,"comment_status":"","ping_status":"","sticky":false,"template":"","format":"standard","meta":{"footnotes":""},"categories":[1889],"tags":[1111,11,2430,4406,33,2757,1777,674,107,1011,27,2428,2756,12,25,2429],"class_list":{"0":"post-426350","1":"post","2":"type-post","3":"status-publish","4":"format-standard","5":"has-post-thumbnail","7":"category-lyon","8":"tag-actu","9":"tag-actualites","10":"tag-auvergne-rhone-alpes","11":"tag-commerce-et-services","12":"tag-economie","13":"tag-edition-lyon-villeurbanne","14":"tag-eu","15":"tag-europe","16":"tag-fil-info","17":"tag-fr","18":"tag-france","19":"tag-lyon","20":"tag-lyon-bassin","21":"tag-news","22":"tag-republique-francaise","23":"tag-rhone"},"share_on_mastodon":{"url":"https:\/\/pubeurope.com\/@fr\/115288206591624039","error":""},"_links":{"self":[{"href":"https:\/\/www.europesays.com\/fr\/wp-json\/wp\/v2\/posts\/426350","targetHints":{"allow":["GET"]}}],"collection":[{"href":"https:\/\/www.europesays.com\/fr\/wp-json\/wp\/v2\/posts"}],"about":[{"href":"https:\/\/www.europesays.com\/fr\/wp-json\/wp\/v2\/types\/post"}],"author":[{"embeddable":true,"href":"https:\/\/www.europesays.com\/fr\/wp-json\/wp\/v2\/users\/2"}],"replies":[{"embeddable":true,"href":"https:\/\/www.europesays.com\/fr\/wp-json\/wp\/v2\/comments?post=426350"}],"version-history":[{"count":0,"href":"https:\/\/www.europesays.com\/fr\/wp-json\/wp\/v2\/posts\/426350\/revisions"}],"wp:featuredmedia":[{"embeddable":true,"href":"https:\/\/www.europesays.com\/fr\/wp-json\/wp\/v2\/media\/426351"}],"wp:attachment":[{"href":"https:\/\/www.europesays.com\/fr\/wp-json\/wp\/v2\/media?parent=426350"}],"wp:term":[{"taxonomy":"category","embeddable":true,"href":"https:\/\/www.europesays.com\/fr\/wp-json\/wp\/v2\/categories?post=426350"},{"taxonomy":"post_tag","embeddable":true,"href":"https:\/\/www.europesays.com\/fr\/wp-json\/wp\/v2\/tags?post=426350"}],"curies":[{"name":"wp","href":"https:\/\/api.w.org\/{rel}","templated":true}]}}