{"id":426370,"date":"2025-09-29T15:16:12","date_gmt":"2025-09-29T15:16:12","guid":{"rendered":"https:\/\/www.europesays.com\/fr\/426370\/"},"modified":"2025-09-29T15:16:12","modified_gmt":"2025-09-29T15:16:12","slug":"la-pression-monte-sur-lallemagne-pour-son-soutien-a-israel","status":"publish","type":"post","link":"https:\/\/www.europesays.com\/fr\/426370\/","title":{"rendered":"la pression monte sur l\u2019Allemagne pour son soutien \u00e0 Isra\u00ebl"},"content":{"rendered":"<p>La pression monte sur l\u2019Allemagne pour qu\u2019elle rejoigne les initiatives visant \u00e0 sanctionner Isra\u00ebl en raison de <a target=\"_self\" href=\"https:\/\/www.lanouvellerepublique.fr\/a-la-une\/gaza-le-hamas-dit-avoir-perdu-le-contact-avec-deux-otages-a-gaza-ville-a-cause-des-raids-israeliens-1759070738\" rel=\"nofollow noopener\">la guerre \u00e0 Gaza<\/a>, alimentant un d\u00e9bat tendu dans un pays hant\u00e9 par sa culpabilit\u00e9 pour l\u2019Holocauste. Berlin, soutien ind\u00e9fectible d\u2019Isra\u00ebl, se retrouve en porte-\u00e0-faux avec de nombreux alli\u00e9s europ\u00e9ens. Mais aussi vis-\u00e0-vis de sa soci\u00e9t\u00e9 civile.<\/p>\n<p>Si l\u2019attaque du Hamas du 7\u00a0octobre 2023 a \u00e9t\u00e9 unanimement condamn\u00e9e en Occident, nombreux sont ceux \u00e0 juger d\u00e9sormais, en Europe, que la riposte isra\u00e9lienne est compl\u00e8tement disproportionn\u00e9e. Cette semaine, l\u2019attention se tourne vers Berlin, qui va devoir prendre position face aux <a target=\"_self\" href=\"https:\/\/www.lanouvellerepublique.fr\/a-la-une\/guerre-a-gaza-la-commission-europeenne-propose-des-sanctions-inedites-contre-israel-mais-redoute-qu-elles-n-aboutissent-pas-1758117033\" rel=\"nofollow noopener\">propositions de sanctions d\u2019Isra\u00ebl par l\u2019Union europ\u00e9enne (UE)<\/a>, qui envisage de restreindre ses \u00e9changes commerciaux avec l\u2019\u00c9tat h\u00e9breu, lors d\u2019un sommet pr\u00e9vu le 1er\u00a0octobre \u00e0 Copenhague, au Danemark.<\/p>\n<p>Red\u00e9finir le \u00ab\u00a0plus jamais \u00e7a\u00a0\u00bb<\/p>\n<p>\u00ab\u00a0L\u2019Allemagne est sous une pression accrue venant de plusieurs directions\u00a0\u00bb, rel\u00e8ve Mariam Salehi, chercheuse en relations internationales \u00e0 l\u2019Universit\u00e9 libre de Berlin. \u00ab\u00a0\u00c7a provient de partenaires au sein de l\u2019Union europ\u00e9enne [\u2026] mais aussi de la soci\u00e9t\u00e9 civile\u00a0\u00bb, poursuit-elle.<\/p>\n<p>Remettre en question le soutien \u00e0 Isra\u00ebl reste un tabou en Allemagne, o\u00f9 le r\u00e9gime nazi a extermin\u00e9 six millions de Juifs durant la Seconde Guerre mondiale. L\u2019ex-chanceli\u00e8re Angela Merkel avait \u00e9rig\u00e9 la s\u00e9curit\u00e9 isra\u00e9lienne au rang de \u00ab\u00a0raison d\u2019\u00c9tat\u00a0\u00bb. Les propos de son ancien conseiller diplomatique Christoph Heusgen qui, fin ao\u00fbt, jugeait qu\u2019Isra\u00ebl risque de devenir un \u00ab\u00a0\u00c9tat d\u2019apartheid\u00a0\u00bb et appelait Berlin \u00e0 reconna\u00eetre l\u2019\u00c9tat palestinien, ont donc eu l\u2019effet d\u2019une bombe, cet \u00e9t\u00e9.<\/p>\n<p>De quoi nourrir le d\u00e9bat de savoir si, quatre-vingts\u00a0ans apr\u00e8s la fin de la guerre, le \u00ab\u00a0plus jamais \u00e7a\u00a0\u00bb ne doit pas \u00eatre red\u00e9fini. \u00ab\u00a0Tel qu\u2019il est interpr\u00e9t\u00e9 aujourd\u2019hui, ce principe implique une responsabilit\u00e9 envers l\u2019\u00c9tat d\u2019Isra\u00ebl. Mais on pourrait aussi le voir comme une responsabilit\u00e9 envers le droit international [\u2026] et la promesse qu\u2019aucun g\u00e9nocide ne doit jamais se produire\u00a0\u00bb, estime Mariam Salehi.<\/p>\n<p>Friedrich Merz sur la r\u00e9serve<\/p>\n<p>Face \u00e0 la situation humanitaire \u00e0 Gaza, Berlin a un peu durci le ton. En ao\u00fbt, le nouveau chancelier Friedrich Merz, issu de la CDU, a annonc\u00e9 de premi\u00e8res restrictions sur les ventes d\u2019armes \u00e0 Isra\u00ebl. Si la d\u00e9cision a \u00e9t\u00e9 salu\u00e9e par la gauche, elle a \u00e9t\u00e9 vivement critiqu\u00e9e \u00e0 droite. La CSU avait d\u00e9nonc\u00e9 \u00ab\u00a0une inversion des r\u00f4les entre victimes et bourreaux\u00a0\u00bb.<\/p>\n<p>Friedrich Merz est toutefois pour l\u2019instant rest\u00e9 tr\u00e8s prudent, se gardant bien d\u2019employer le terme de <a target=\"_self\" href=\"https:\/\/www.lanouvellerepublique.fr\/a-la-une\/gaza-une-commission-d-enquete-mandatee-par-l-onu-accuse-israel-de-genocide-1758037573\" rel=\"nofollow noopener\">\u00ab\u00a0g\u00e9nocide\u00a0\u00bb<\/a><a target=\"_self\" href=\"https:\/\/www.lanouvellerepublique.fr\/a-la-une\/gaza-une-commission-d-enquete-mandatee-par-l-onu-accuse-israel-de-genocide-1758037573\" rel=\"nofollow noopener\"> s\u2019agissant de Gaza<\/a> et n\u2019envisageant pas de reconna\u00eetre l\u2019\u00c9tat palestinien, contrairement \u00e0 la France ou au Royaume-Uni. Les trois quarts\u00a0des Allemands jugent pourtant injustifi\u00e9e l\u2019ampleur de l\u2019action militaire isra\u00e9lienne \u00e0 Gaza. Les manifestations contre la guerre y sont devenues hebdomadaires, r\u00e9unissant encore quelques dizaines de milliers de personnes, samedi, \u00e0 Berlin.<\/p>\n","protected":false},"excerpt":{"rendered":"La pression monte sur l\u2019Allemagne pour qu\u2019elle rejoigne les initiatives visant \u00e0 sanctionner Isra\u00ebl en raison de la&hellip;\n","protected":false},"author":2,"featured_media":426371,"comment_status":"","ping_status":"","sticky":false,"template":"","format":"standard","meta":{"footnotes":""},"categories":[1587],"tags":[328,11,672,1804,1805,1803,1777,674,329,665,1801,664,74,12,316,1802,364],"class_list":{"0":"post-426370","1":"post","2":"type-post","3":"status-publish","4":"format-standard","5":"has-post-thumbnail","7":"category-allemagne","8":"tag-a-la-une","9":"tag-actualites","10":"tag-allemagne","11":"tag-bundesrepublik-deutschland","12":"tag-de","13":"tag-deutschland","14":"tag-eu","15":"tag-europe","16":"tag-france-monde","17":"tag-gaza","18":"tag-germany","19":"tag-israel","20":"tag-monde","21":"tag-news","22":"tag-politique","23":"tag-republique-federale-dallemagne","24":"tag-union-europeenne"},"share_on_mastodon":{"url":"https:\/\/pubeurope.com\/@fr\/115288249796495478","error":""},"_links":{"self":[{"href":"https:\/\/www.europesays.com\/fr\/wp-json\/wp\/v2\/posts\/426370","targetHints":{"allow":["GET"]}}],"collection":[{"href":"https:\/\/www.europesays.com\/fr\/wp-json\/wp\/v2\/posts"}],"about":[{"href":"https:\/\/www.europesays.com\/fr\/wp-json\/wp\/v2\/types\/post"}],"author":[{"embeddable":true,"href":"https:\/\/www.europesays.com\/fr\/wp-json\/wp\/v2\/users\/2"}],"replies":[{"embeddable":true,"href":"https:\/\/www.europesays.com\/fr\/wp-json\/wp\/v2\/comments?post=426370"}],"version-history":[{"count":0,"href":"https:\/\/www.europesays.com\/fr\/wp-json\/wp\/v2\/posts\/426370\/revisions"}],"wp:featuredmedia":[{"embeddable":true,"href":"https:\/\/www.europesays.com\/fr\/wp-json\/wp\/v2\/media\/426371"}],"wp:attachment":[{"href":"https:\/\/www.europesays.com\/fr\/wp-json\/wp\/v2\/media?parent=426370"}],"wp:term":[{"taxonomy":"category","embeddable":true,"href":"https:\/\/www.europesays.com\/fr\/wp-json\/wp\/v2\/categories?post=426370"},{"taxonomy":"post_tag","embeddable":true,"href":"https:\/\/www.europesays.com\/fr\/wp-json\/wp\/v2\/tags?post=426370"}],"curies":[{"name":"wp","href":"https:\/\/api.w.org\/{rel}","templated":true}]}}