{"id":426376,"date":"2025-09-29T15:19:11","date_gmt":"2025-09-29T15:19:11","guid":{"rendered":"https:\/\/www.europesays.com\/fr\/426376\/"},"modified":"2025-09-29T15:19:11","modified_gmt":"2025-09-29T15:19:11","slug":"tetes-de-cochon-devant-des-mosquees-en-ile-de-france-11-personnes-arretees-en-serbie","status":"publish","type":"post","link":"https:\/\/www.europesays.com\/fr\/426376\/","title":{"rendered":"T\u00eates de cochon devant des mosqu\u00e9es en \u00cele-de-France\u00a0: 11 personnes arr\u00eat\u00e9es en Serbie"},"content":{"rendered":"<p class=\"paragraph text_align_left lp-f-body-02\">Trois semaines apr\u00e8s <a href=\"https:\/\/www.leparisien.fr\/faits-divers\/des-tetes-de-cochon-retrouvees-devant-des-mosquees-a-paris-et-montreuil-une-enquete-ouverte-09-09-2025-7RT7XZHINBCTFMSK2FMTJFMLWM.php\" rel=\"noopener\" target=\"_blank\">la d\u00e9couverte de neuf t\u00eates de cochon devant des mosqu\u00e9es en \u00cele-de-France<\/a>, le minist\u00e8re de l\u2019Int\u00e9rieur annonce l\u2019arrestation de 11 personnes en Serbie.<\/p>\n<p class=\"paragraph text_align_left lp-f-body-02\">Ces individus sont soup\u00e7onn\u00e9es d\u2019avoir particip\u00e9 \u00e0 plusieurs op\u00e9rations en France et en Allemagne \u00ab\u00a0incitant \u00e0 la haine\u00a0\u00bb, notamment \u00ab\u00a0en jetant de la peinture verte sur le Mus\u00e9e de l\u2019Holocauste, plusieurs synagogues et un restaurant juif\u00a0\u00bb et \u00ab\u00a0en pla\u00e7ant des t\u00eates de cochon pr\u00e8s de sites religieux musulmans\u00a0\u00bb, a indiqu\u00e9 la police lundi.<\/p>\n<p class=\"paragraph text_align_left lp-f-body-02\">La police serbe a, sur ordre du parquet de Smederevo, arr\u00eat\u00e9 onze personnes dans le cadre de cette enqu\u00eate, \u00ab\u00a0soup\u00e7onn\u00e9es de crimes de conspiration, d\u2019incitation \u00e0 la haine et d\u2019espionnage\u00a0\u00bb et qui souhaitaient porter atteinte \u00ab\u00a0aux droits et libert\u00e9s humains fondamentaux (\u2026) sur le territoire de la R\u00e9publique Fran\u00e7aise et de la R\u00e9publique F\u00e9d\u00e9rale d\u2019Allemagne\u00a0\u00bb.<\/p>\n<p class=\"paragraph text_align_left lp-f-body-02\">Ces personnes auraient \u00e9t\u00e9 entra\u00een\u00e9es par un autre ressortissant serbe, \u00ab\u00a0actuellement en fuite\u00a0\u00bb et \u00ab\u00a0<a href=\"https:\/\/www.leparisien.fr\/faits-divers\/les-tetes-de-cochon-retrouvees-devant-des-mosquees-en-ile-de-france-ont-ete-deposees-par-des-etrangers-ayant-aussitot-quitte-le-territoire-10-09-2025-AB5NRWEN2ZGAFBAHGEJSIVTL4Q.php\" target=\"_self\" rel=\"noopener\">agissant sous les instructions d\u2019un service de renseignement \u00e9tranger<\/a>\u00a0\u00bb, ajoute le communiqu\u00e9 du minist\u00e8re de l\u2019Int\u00e9rieur, sans pr\u00e9ciser de quelle nationalit\u00e9.<\/p>\n<p class=\"lp-card-podcast-highlighting__title  lp-f-subtitle-05\">[2\/2] Disparition du petit Philippe Bertrand\u00a0: mensonge et peine de mort<\/p>\n<p class=\"lp-card-podcast-highlighting__description lp-f-ui-05\">Crime story raconte chaque semaine les grandes affaires criminelles.<\/p>\n<p><a class=\"lp-card-podcast-highlighting__call-to-action\" data-page-type=\"HP\" data-block-name=\"podcast-highlight\">\u00c9couter<\/a>\u00ab\u00a0Une volont\u00e9 manifeste de provoquer le trouble au sein de la nation\u00a0\u00bb<\/p>\n<p class=\"paragraph text_align_left lp-f-body-02\">Depuis octobre\u00a02023, le spectre d\u2019une ing\u00e9rence \u00e9trang\u00e8re en France plane sur neuf dossiers g\u00e9r\u00e9s par le parquet de Paris, des tentatives de d\u00e9stabilisation que beaucoup d\u2019observateurs attribuent \u00e0 la Russie.<\/p>\n<p class=\"paragraph text_align_left lp-f-body-02\">Dans le dernier dossier en date, neuf t\u00eates de porc, animal consid\u00e9r\u00e9 comme impur par l\u2019islam, ont \u00e9t\u00e9 d\u00e9couvertes d\u00e9but septembre devant des mosqu\u00e9es \u00e0 Paris et en r\u00e9gion parisienne. Rapidement, l\u2019enqu\u00eate a \u00e9voqu\u00e9 deux personnes s\u2019\u00e9tant d\u00e9plac\u00e9es avec un v\u00e9hicule dont la plaque d\u2019immatriculation \u00e9tait serbe et ayant utilis\u00e9 une ligne t\u00e9l\u00e9phonique croate.<\/p>\n<p class=\"paragraph text_align_left lp-f-body-02\">Ces t\u00eates de porc, animal consid\u00e9r\u00e9 comme impur par l\u2019islam, avaient notamment \u00e9t\u00e9 d\u00e9couvertes le 9\u00a0septembre au matin sur la voie publique \u00e0 Paris \u2014 devant des mosqu\u00e9es des XVe, XVIIIe et XXe\u00a0arrondissement \u2014, devant l\u2019entr\u00e9e de la mosqu\u00e9e Islah \u00e0 Montreuil (Seine-Saint-Denis), ainsi qu\u2019\u00e0 Montrouge, Malakoff (Hauts-de-Seine) et <a href=\"https:\/\/www.leparisien.fr\/val-de-marne-94\/ces-evenements-sont-graves-emoi-a-gentilly-apres-la-decouverte-dune-tete-de-cochon-devant-la-mosquee-10-09-2025-NQ43BM2YW5HVPODC3UYAPVCSPU.php\" rel=\"noopener\" target=\"_blank\">Gentilly (Val-de-Marne)<\/a>. \u00ab\u00a0Macron\u00a0\u00bb \u00e9tait inscrit sur l\u2019une de ces t\u00eates de cochon.<\/p>\n<p class=\"paragraph text_align_left lp-f-body-02\">\u00ab\u00a0Leurs objectifs incluaient la diffusion d\u2019id\u00e9es pr\u00f4nant et incitant \u00e0 la haine, \u00e0 des discriminations et \u00e0 la violence fond\u00e9es sur des diff\u00e9rences\u00a0\u00bb de couleur de peau, de religion, de nationalit\u00e9 et d\u2019origine ethnique, selon le communiqu\u00e9 du minist\u00e8re de l\u2019Int\u00e9rieur serbe.<\/p>\n<p class=\"paragraph text_align_left lp-f-body-02\">Fin avril, le M\u00e9morial de la Shoah, trois synagogues et un restaurant avaient \u00e9t\u00e9 asperg\u00e9s de peinture verte \u00e0 Paris &#8211; trois Serbes sont inculp\u00e9s et \u00e9crou\u00e9s en France dans le cadre de cette enqu\u00eate.<\/p>\n","protected":false},"excerpt":{"rendered":"Trois semaines apr\u00e8s la d\u00e9couverte de neuf t\u00eates de cochon devant des mosqu\u00e9es en \u00cele-de-France, le minist\u00e8re de&hellip;\n","protected":false},"author":2,"featured_media":380793,"comment_status":"","ping_status":"","sticky":false,"template":"","format":"standard","meta":{"footnotes":""},"categories":[2],"tags":[11,898,8936,118,1011,27,14,12,25],"class_list":{"0":"post-426376","1":"post","2":"type-post","3":"status-publish","4":"format-standard","5":"has-post-thumbnail","7":"category-actualites","8":"tag-actualites","9":"tag-alerte","10":"tag-breaking-news","11":"tag-faits-divers","12":"tag-fr","13":"tag-france","14":"tag-international","15":"tag-news","16":"tag-republique-francaise"},"share_on_mastodon":{"url":"https:\/\/pubeurope.com\/@fr\/115288261667431039","error":""},"_links":{"self":[{"href":"https:\/\/www.europesays.com\/fr\/wp-json\/wp\/v2\/posts\/426376","targetHints":{"allow":["GET"]}}],"collection":[{"href":"https:\/\/www.europesays.com\/fr\/wp-json\/wp\/v2\/posts"}],"about":[{"href":"https:\/\/www.europesays.com\/fr\/wp-json\/wp\/v2\/types\/post"}],"author":[{"embeddable":true,"href":"https:\/\/www.europesays.com\/fr\/wp-json\/wp\/v2\/users\/2"}],"replies":[{"embeddable":true,"href":"https:\/\/www.europesays.com\/fr\/wp-json\/wp\/v2\/comments?post=426376"}],"version-history":[{"count":0,"href":"https:\/\/www.europesays.com\/fr\/wp-json\/wp\/v2\/posts\/426376\/revisions"}],"wp:featuredmedia":[{"embeddable":true,"href":"https:\/\/www.europesays.com\/fr\/wp-json\/wp\/v2\/media\/380793"}],"wp:attachment":[{"href":"https:\/\/www.europesays.com\/fr\/wp-json\/wp\/v2\/media?parent=426376"}],"wp:term":[{"taxonomy":"category","embeddable":true,"href":"https:\/\/www.europesays.com\/fr\/wp-json\/wp\/v2\/categories?post=426376"},{"taxonomy":"post_tag","embeddable":true,"href":"https:\/\/www.europesays.com\/fr\/wp-json\/wp\/v2\/tags?post=426376"}],"curies":[{"name":"wp","href":"https:\/\/api.w.org\/{rel}","templated":true}]}}