{"id":42638,"date":"2025-04-21T23:30:08","date_gmt":"2025-04-21T23:30:08","guid":{"rendered":"https:\/\/www.europesays.com\/fr\/42638\/"},"modified":"2025-04-21T23:30:08","modified_gmt":"2025-04-21T23:30:08","slug":"om-un-dernier-entrainement-a-la-commanderie-avant-de-senvoler-pour-rome","status":"publish","type":"post","link":"https:\/\/www.europesays.com\/fr\/42638\/","title":{"rendered":"OM. Un dernier entra\u00eenement \u00e0 La Commanderie avant de s&rsquo;envoler pour Rome"},"content":{"rendered":"<p>En choisissant <a href=\"https:\/\/www.laprovence.com\/article\/om\/11432215485503\/om-tout-savoir-et-tout-comprendre-sur-le-stage-a-l-etranger-voulu-par-de-zerbi-et-sa-direction\" target=\"_blank\" rel=\"noopener\">Rome comme terre d&rsquo;exil,<\/a> ces prochains jours, l&rsquo;OM imaginait se recueillir dans la tranquillit\u00e9, avant la r\u00e9ception du Stade Brestois, ce dimanche soir (20h45).<\/p>\n<p>Loin de La Commanderie, du tumulte marseillais. Mais l&rsquo;institution proven\u00e7ale, qui avait jet\u00e9 son d\u00e9volu sur la capitale italienne le week-end dernier, a \u00e9t\u00e9 rattrap\u00e9e par une triste nouvelle. Ce lundi, <a href=\"https:\/\/www.laprovence.com\/article\/societe\/19283758541145\/le-pape-francois-est-mort-a-lage-de-88-ans-retour-sur-un-parcours-atypique\" target=\"_blank\" rel=\"noopener\">le d\u00e9c\u00e8s du pape Fran\u00e7ois<\/a>, d&rsquo;un AVC \u00e0 88 ans, a provoqu\u00e9 un vif \u00e9moi aupr\u00e8s des fid\u00e8les, au sein de l&rsquo;\u00c9glise et de son si\u00e8ge, le Vatican&#8230; nich\u00e9 dans Rome.\u00a0<\/p>\n<p>Si la disparition du souverain pontife a \u00e9branl\u00e9 la soci\u00e9t\u00e9 italienne, en deuil, notamment la Serie A qui a report\u00e9 quatre rencontres de sa 33e journ\u00e9e, les plans de l&rsquo;Olympique ne seront, eux, pas revus.\u00a0<\/p>\n<p>Comme convenu entre la direction et le staff technique, pour pr\u00e9parer et souder les troupes en cette fin de saison d\u00e9cisive pour l&rsquo;avenir du club, Roberto De Zerbi et sa bande s&rsquo;envoleront ce mardi.<\/p>\n<p>Apr\u00e8s une s\u00e9ance matinale au centre Robert-Louis-Dreyfus, Adrien Rabiot et sa bande prendront leurs quartiers dans le nord de Rome. Jusqu&rsquo;\u00e0 leur retour en Provence, ce samedi apr\u00e8s-midi, ils s&rsquo;entra\u00eeneront sur des installations situ\u00e9es dans la banlieue nord de la Ville \u00e9ternelle.<\/p>\n<p>Pour rappel, pareille Initiative sera sans doute reconduite la semaine prochaine.\u00a0<\/p>\n","protected":false},"excerpt":{"rendered":"En choisissant Rome comme terre d&rsquo;exil, ces prochains jours, l&rsquo;OM imaginait se recueillir dans la tranquillit\u00e9, avant la&hellip;\n","protected":false},"author":2,"featured_media":42639,"comment_status":"","ping_status":"","sticky":false,"template":"","format":"standard","meta":{"footnotes":""},"categories":[9],"tags":[17,3917,12945,4431,6769,1011,27,149,471,6953,60],"class_list":{"0":"post-42638","1":"post","2":"type-post","3":"status-publish","4":"format-standard","5":"has-post-thumbnail","7":"category-sports","8":"tag-17","9":"tag-avant","10":"tag-commanderie","11":"tag-dernier","12":"tag-entrainement","13":"tag-fr","14":"tag-france","15":"tag-om","16":"tag-pour","17":"tag-senvoler","18":"tag-sports"},"share_on_mastodon":{"url":"https:\/\/pubeurope.com\/@fr\/114378560564523226","error":""},"_links":{"self":[{"href":"https:\/\/www.europesays.com\/fr\/wp-json\/wp\/v2\/posts\/42638","targetHints":{"allow":["GET"]}}],"collection":[{"href":"https:\/\/www.europesays.com\/fr\/wp-json\/wp\/v2\/posts"}],"about":[{"href":"https:\/\/www.europesays.com\/fr\/wp-json\/wp\/v2\/types\/post"}],"author":[{"embeddable":true,"href":"https:\/\/www.europesays.com\/fr\/wp-json\/wp\/v2\/users\/2"}],"replies":[{"embeddable":true,"href":"https:\/\/www.europesays.com\/fr\/wp-json\/wp\/v2\/comments?post=42638"}],"version-history":[{"count":0,"href":"https:\/\/www.europesays.com\/fr\/wp-json\/wp\/v2\/posts\/42638\/revisions"}],"wp:featuredmedia":[{"embeddable":true,"href":"https:\/\/www.europesays.com\/fr\/wp-json\/wp\/v2\/media\/42639"}],"wp:attachment":[{"href":"https:\/\/www.europesays.com\/fr\/wp-json\/wp\/v2\/media?parent=42638"}],"wp:term":[{"taxonomy":"category","embeddable":true,"href":"https:\/\/www.europesays.com\/fr\/wp-json\/wp\/v2\/categories?post=42638"},{"taxonomy":"post_tag","embeddable":true,"href":"https:\/\/www.europesays.com\/fr\/wp-json\/wp\/v2\/tags?post=42638"}],"curies":[{"name":"wp","href":"https:\/\/api.w.org\/{rel}","templated":true}]}}