{"id":426382,"date":"2025-09-29T15:25:12","date_gmt":"2025-09-29T15:25:12","guid":{"rendered":"https:\/\/www.europesays.com\/fr\/426382\/"},"modified":"2025-09-29T15:25:12","modified_gmt":"2025-09-29T15:25:12","slug":"atp-tokyo-di-pasquale-sur-la-finale-entre-alcaraz-et-fritz-il-ny-a-pas-la-meme-deception-apres-une-defaite-en-laver-cup-que-sur-un-tournoi-atp-ce-que-je-dis-juste-cest-que-m","status":"publish","type":"post","link":"https:\/\/www.europesays.com\/fr\/426382\/","title":{"rendered":"ATP &#8211; Tokyo > Di Pasquale sur la finale entre Alcaraz et Fritz : \u00ab\u00a0Il n\u2019y a pas la m\u00eame d\u00e9ception apr\u00e8s une d\u00e9faite en Laver Cup que sur un tournoi ATP. Ce que je dis juste, c\u2019est que match \u00e9tait important pour Taylor\u00a0\u00bb"},"content":{"rendered":"<p>Dix jours apr\u00e8s la victoire de Taylor Fritz contre Carlos Alcaraz lors de la Laver Cup \u00e0 San Francisco, les deux hommes vont se retrouver en finale de l\u2019ATP 500 de\u00a0Tokyo.\u00a0<\/p>\n<p>L\u2019ancien joueur fran\u00ad\u00e7ais Arnaud Di Pasquale, consul\u00adtant pour Europoort, estime que cette premi\u00e8re victoire face \u00e0 l\u2019Espagnol (en quatre confron\u00adta\u00adtions) va donner beau\u00adcoup de confiance \u00e0 l\u2019Am\u00e9ricain.\u00a0<\/p>\n<p><strong>\u00ab\u202fIl n\u2019y a pas la m\u00eame d\u00e9cep\u00adtion apr\u00e8s une d\u00e9faite en Laver Cup que sur un tournoi ATP. Il y a une diff\u00e9\u00adrence c\u2019est certain. Ce que je dis juste, c\u2019est que match \u00e9tait impor\u00adtant pour Fritz. Gagner ce match contre Alcaraz lui a proba\u00adble\u00adment fait du bien. Il arrive peut\u2010\u00eatre avec simple\u00adment la possi\u00adbi\u00adlit\u00e9 d\u2019y croire vrai\u00adment. Quand on connait le niveau d\u2019Alcaraz on peut avoir du mal \u00e0 y croire vrai\u00adment. L\u00e0, Fritz va jouer sa carte \u00e0 fond. Il va proba\u00adble\u00adment pouvoir bous\u00adculer l\u2019Espagnol qui a montr\u00e9 quelques moments de sauts de concen\u00adtra\u00adtion, m\u00eame si son tennis est bien l\u00e0 quand il se remet la t\u00eate \u00e0 l\u2019endroit. C\u2019est quand m\u00eame assez dingue le spec\u00adtacle qu\u2019il nous\u00a0donne.\u202f\u00bb<\/strong><\/p>\n<p class=\"post-published-date\" style=\"color: silver; font-size: 75%; text-align: left;\">Publi\u00e9 le lundi 29 septembre 2025 \u00e0 16:10<\/p>\n","protected":false},"excerpt":{"rendered":"Dix jours apr\u00e8s la victoire de Taylor Fritz contre Carlos Alcaraz lors de la Laver Cup \u00e0 San&hellip;\n","protected":false},"author":2,"featured_media":426383,"comment_status":"","ping_status":"","sticky":false,"template":"","format":"standard","meta":{"footnotes":""},"categories":[1415],"tags":[1744,1011,27,60,1467],"class_list":{"0":"post-426382","1":"post","2":"type-post","3":"status-publish","4":"format-standard","5":"has-post-thumbnail","7":"category-tennis","8":"tag-alcaraz","9":"tag-fr","10":"tag-france","11":"tag-sports","12":"tag-tennis"},"share_on_mastodon":{"url":"https:\/\/pubeurope.com\/@fr\/115288285015518518","error":""},"_links":{"self":[{"href":"https:\/\/www.europesays.com\/fr\/wp-json\/wp\/v2\/posts\/426382","targetHints":{"allow":["GET"]}}],"collection":[{"href":"https:\/\/www.europesays.com\/fr\/wp-json\/wp\/v2\/posts"}],"about":[{"href":"https:\/\/www.europesays.com\/fr\/wp-json\/wp\/v2\/types\/post"}],"author":[{"embeddable":true,"href":"https:\/\/www.europesays.com\/fr\/wp-json\/wp\/v2\/users\/2"}],"replies":[{"embeddable":true,"href":"https:\/\/www.europesays.com\/fr\/wp-json\/wp\/v2\/comments?post=426382"}],"version-history":[{"count":0,"href":"https:\/\/www.europesays.com\/fr\/wp-json\/wp\/v2\/posts\/426382\/revisions"}],"wp:featuredmedia":[{"embeddable":true,"href":"https:\/\/www.europesays.com\/fr\/wp-json\/wp\/v2\/media\/426383"}],"wp:attachment":[{"href":"https:\/\/www.europesays.com\/fr\/wp-json\/wp\/v2\/media?parent=426382"}],"wp:term":[{"taxonomy":"category","embeddable":true,"href":"https:\/\/www.europesays.com\/fr\/wp-json\/wp\/v2\/categories?post=426382"},{"taxonomy":"post_tag","embeddable":true,"href":"https:\/\/www.europesays.com\/fr\/wp-json\/wp\/v2\/tags?post=426382"}],"curies":[{"name":"wp","href":"https:\/\/api.w.org\/{rel}","templated":true}]}}