{"id":426384,"date":"2025-09-29T15:27:11","date_gmt":"2025-09-29T15:27:11","guid":{"rendered":"https:\/\/www.europesays.com\/fr\/426384\/"},"modified":"2025-09-29T15:27:11","modified_gmt":"2025-09-29T15:27:11","slug":"changement-de-programme-la-saison-motogp-sera-lancee-depuis-kuala-lumpur","status":"publish","type":"post","link":"https:\/\/www.europesays.com\/fr\/426384\/","title":{"rendered":"Changement de programme\u00a0:\u00a0la saison MotoGP sera lanc\u00e9e depuis Kuala Lumpur"},"content":{"rendered":"<p>La grande pr\u00e9sentation officielle de la saison MotoGP est un format qui a \u00e9t\u00e9 inaugur\u00e9 cette ann\u00e9e \u00e0 Bangkok, avec une premi\u00e8re \u00e9dition tr\u00e8s bien accueillie par les \u00e9quipes et le public. Le but est de marquer le d\u00e9but de l&rsquo;ann\u00e9e avec un rendez-vous populaire r\u00e9unissant l&rsquo;ensemble des pilotes, en compl\u00e9ment des pr\u00e9sentations organis\u00e9es par chaque \u00e9quipe et qui s&rsquo;\u00e9talent sur plusieurs semaines.<\/p>\n<p>Au lendemain du GP de Catalogne, les \u00e9quipes MotoGP se sont vu annoncer par l&rsquo;organisation du championnat que cet \u00e9v\u00e9nement <a href=\"https:\/\/fr.motorsport.com\/all\/news\/ceremonie-presentation-saison-2026-singapour\/10757853\/\" target=\"_self\" rel=\"noopener nofollow\">serait organis\u00e9 la saison prochaine \u00e0 Singapour<\/a>. Certaines ont d&rsquo;ores et d\u00e9j\u00e0 commenc\u00e9 \u00e0 travailler sur ce d\u00e9placement entre Sepang, th\u00e9\u00e2tre des premiers essais d&rsquo;avant-saison pr\u00e9vus la premi\u00e8re semaine de f\u00e9vrier, et Singapour, ce qui repr\u00e9sente environ quatre heures de route.<\/p>\n<p>Cependant, des questions logistiques et op\u00e9rationnelles ont conduit la Dorna \u00e0 changer les plans et \u00e0 opter pour une solution plus prudente\u00a0:\u00a0la pr\u00e9sentation aura finalement lieu \u00e0 Kuala Lumpur, \u00e0 moins d&rsquo;une heure du circuit o\u00f9 se d\u00e9roulera le test. Les dates pr\u00e9vues sont maintenues, c&rsquo;est-\u00e0-dire que l&rsquo;\u00e9v\u00e9nement s&rsquo;\u00e9talera entre la fin d\u2019apr\u00e8s-midi du 6 f\u00e9vrier et la journ\u00e9e du 7 f\u00e9vrier, les activit\u00e9s ne commen\u00e7ant donc qu&rsquo;au lendemain de la fin du test.<\/p>\n<p>Un calendrier plus pratique<\/p>\n<p>L&rsquo;<a href=\"https:\/\/fr.motorsport.com\/motogp\/news\/instances-fim-dorna-irta-msma\/10697472\/\" rel=\"nofollow noopener\" target=\"_blank\">IRTA<\/a>, association regroupant les \u00e9quipes inscrites au championnat, a \u00e9t\u00e9 inform\u00e9e de ce changement pendant le week-end de Motegi. Il s&rsquo;agit d&rsquo;une modification qui facilitera les choses pour tout le monde, et ce d&rsquo;autant plus que plusieurs constructeurs et sponsors choisissent habituellement la capitale malaisienne pour leurs propres pr\u00e9sentations. C&rsquo;est l\u00e0, par exemple, que Yamaha a d\u00e9voil\u00e9 en grande pompe son tout nouveau projet MotoGP, depuis l&rsquo;une des terrasses de l&rsquo;un des h\u00f4tels les plus luxueux de la ville, avec en toile de fond les embl\u00e9matiques tours Petronas.<\/p>\n<p>Le calendrier hivernal est donc \u00e0 pr\u00e9sent finalis\u00e9. Le premier rendez-vous est fix\u00e9 \u00e0 Sepang, pour le Shakedown auquel pourront participer les pilotes essayeurs des constructeurs et les rookies de la nouvelle saison, du 29 au 31 janvier. Viendra ensuite le premier test collectif, toujours \u00e0 Sepang, du 3 au 5 f\u00e9vrier.<\/p>\n<p>Apr\u00e8s la pr\u00e9sentation du championnat les 6 et 7 f\u00e9vrier, le second test sera quant \u00e0 lui organis\u00e9 en Tha\u00eflande, sur le circuit de Buriram, les 21 et 22 f\u00e9vrier. C&rsquo;est l\u00e0 \u00e9galement que sera donn\u00e9 le coup d&rsquo;envoi du championnat, la semaine suivante, ce qui rendra pratiquement impossible toute modification profonde des motos avant l&rsquo;homologation \u00e0 r\u00e9aliser juste avant la premi\u00e8re course.<\/p>\n<p>Lire aussi :<\/p>\n","protected":false},"excerpt":{"rendered":"La grande pr\u00e9sentation officielle de la saison MotoGP est un format qui a \u00e9t\u00e9 inaugur\u00e9 cette ann\u00e9e \u00e0&hellip;\n","protected":false},"author":2,"featured_media":426385,"comment_status":"","ping_status":"","sticky":false,"template":"","format":"standard","meta":{"footnotes":""},"categories":[1413],"tags":[55515,1011,27,1457,1456,1458,60],"class_list":{"0":"post-426384","1":"post","2":"type-post","3":"status-publish","4":"format-standard","5":"has-post-thumbnail","7":"category-moto","8":"tag-changement-de-programmeu00a0u00a0la-saison-motogp-sera-lancu00e9e-depuis-kuala-lumpur","9":"tag-fr","10":"tag-france","11":"tag-moto","12":"tag-motocycle","13":"tag-motogp","14":"tag-sports"},"share_on_mastodon":{"url":"https:\/\/pubeurope.com\/@fr\/115288292980823657","error":""},"_links":{"self":[{"href":"https:\/\/www.europesays.com\/fr\/wp-json\/wp\/v2\/posts\/426384","targetHints":{"allow":["GET"]}}],"collection":[{"href":"https:\/\/www.europesays.com\/fr\/wp-json\/wp\/v2\/posts"}],"about":[{"href":"https:\/\/www.europesays.com\/fr\/wp-json\/wp\/v2\/types\/post"}],"author":[{"embeddable":true,"href":"https:\/\/www.europesays.com\/fr\/wp-json\/wp\/v2\/users\/2"}],"replies":[{"embeddable":true,"href":"https:\/\/www.europesays.com\/fr\/wp-json\/wp\/v2\/comments?post=426384"}],"version-history":[{"count":0,"href":"https:\/\/www.europesays.com\/fr\/wp-json\/wp\/v2\/posts\/426384\/revisions"}],"wp:featuredmedia":[{"embeddable":true,"href":"https:\/\/www.europesays.com\/fr\/wp-json\/wp\/v2\/media\/426385"}],"wp:attachment":[{"href":"https:\/\/www.europesays.com\/fr\/wp-json\/wp\/v2\/media?parent=426384"}],"wp:term":[{"taxonomy":"category","embeddable":true,"href":"https:\/\/www.europesays.com\/fr\/wp-json\/wp\/v2\/categories?post=426384"},{"taxonomy":"post_tag","embeddable":true,"href":"https:\/\/www.europesays.com\/fr\/wp-json\/wp\/v2\/tags?post=426384"}],"curies":[{"name":"wp","href":"https:\/\/api.w.org\/{rel}","templated":true}]}}