{"id":426386,"date":"2025-09-29T15:28:11","date_gmt":"2025-09-29T15:28:11","guid":{"rendered":"https:\/\/www.europesays.com\/fr\/426386\/"},"modified":"2025-09-29T15:28:11","modified_gmt":"2025-09-29T15:28:11","slug":"le-match-entre-valence-et-le-real-oviedo-reporte-a-cause-des-intemperies","status":"publish","type":"post","link":"https:\/\/www.europesays.com\/fr\/426386\/","title":{"rendered":"le match entre Valence et le Real Oviedo report\u00e9 \u00e0 cause des intemp\u00e9ries"},"content":{"rendered":"<p>Pr\u00e9vu ce lundi soir, la rencontre a \u00e9t\u00e9 d\u00e9cal\u00e9e en raison de l\u2019alerte rouge qui touche la r\u00e9gion de Valence depuis dimanche.<\/p>\n<p class=\"fig-paragraph\">Le match de<a href=\"https:\/\/www.lefigaro.fr\/sports\/football\/espagne\" target=\"_blank\" data-fig-type=\"Section\" rel=\"nofollow noopener\" data-gtm-custom-categorie=\"navigation\" data-gtm-custom-action=\"crossclick\" data-gtm-custom-label=\"Contextuel\" data-gtm-event=\"customEventSPE\" data-fig-domain=\"LEFIGARO\">\u00a0Liga<\/a>\u00a0entre\u00a0<a href=\"https:\/\/www.lefigaro.fr\/sports\/football\/live\/liga\/2025\/2571983\/valence-athletic-bilbao?msockid=2338e949ff1a6caa28edff13fe766dd0\" target=\"_blank\" rel=\"nofollow noopener\" data-gtm-custom-categorie=\"navigation\" data-gtm-custom-action=\"crossclick\" data-gtm-custom-label=\"Contextuel\" data-gtm-event=\"customEventSPE\">Valence<\/a>\u00a0et le Real Oviedo pr\u00e9vu lundi dans la soir\u00e9e a \u00e9t\u00e9 report\u00e9 en raison de l&rsquo;alerte rouge maintenue dans la communaut\u00e9 valencienne, frapp\u00e9e par de fortes pluies depuis dimanche, a annonc\u00e9 la f\u00e9d\u00e9ration epagnole de football (RFEF).<\/p>\n<p class=\"fig-paragraph\">Le match, pr\u00e9vu \u00e0 19h00 GMT au Mestalla stadium, a du coup \u00e9t\u00e9 d\u00e9cal\u00e9 d&rsquo;une journ\u00e9e, fix\u00e9 au mardi 18h00 GMT, \u00absi les conditions m\u00e9t\u00e9o le permettent\u00bb, a pr\u00e9cis\u00e9 la RFEF.<\/p>\n<p>                                    <a class=\"fig-a11y-skip a11y-hidden\" href=\"#fig-a11y-skip-main-inarticle\"><br \/>\n        Passer la publicit\u00e9<br \/>\n    <\/a><\/p>\n<p class=\"fig-paragraph\">En octobre 2024, l&rsquo;est de l&rsquo;Espagne avait \u00e9t\u00e9 frapp\u00e9 par des inondations meurtri\u00e8res qui avaient fait 235 morts.<\/p>\n<p class=\"fig-paragraph\">Depuis dimanche, la r\u00e9gion a \u00e9t\u00e9 plac\u00e9e en alerte rouge par l&rsquo;agence m\u00e9t\u00e9o espagnole.<\/p>\n<p class=\"fig-paragraph\">Les pr\u00e9cipitations qui ont touch\u00e9 la r\u00e9gion de Valence dans la nuit de dimanche \u00e0 lundi n&rsquo;ont pour l&rsquo;instant pas caus\u00e9 de dommages corporels, ont indiqu\u00e9 les m\u00e9dias locaux.<\/p>\n<p class=\"fig-paragraph\">Les \u00e9coles et coll\u00e8ges sont rest\u00e9s portes closes lundi dans la ville de Valence, et plusieurs espaces publics ont \u00e9galement \u00e9t\u00e9 ferm\u00e9s.<\/p>\n","protected":false},"excerpt":{"rendered":"Pr\u00e9vu ce lundi soir, la rencontre a \u00e9t\u00e9 d\u00e9cal\u00e9e en raison de l\u2019alerte rouge qui touche la r\u00e9gion&hellip;\n","protected":false},"author":2,"featured_media":426387,"comment_status":"","ping_status":"","sticky":false,"template":"","format":"standard","meta":{"footnotes":""},"categories":[1412],"tags":[15007,525,3233,1981,15006,814,123,1451,5695,15008,2257,63,1452,1453,1454,1455,1011,27,453,955,15009,4790,1980,60],"class_list":{"0":"post-426386","1":"post","2":"type-post","3":"status-publish","4":"format-standard","5":"has-post-thumbnail","7":"category-f1","8":"tag-atletico","9":"tag-calendrier","10":"tag-championnat","11":"tag-classement","12":"tag-coupe-du-roi","13":"tag-direct","14":"tag-espagne","15":"tag-f1","16":"tag-fc-barcelone","17":"tag-fc-valence","18":"tag-foot","19":"tag-football","20":"tag-formula-1","21":"tag-formula1","22":"tag-formule-1","23":"tag-formule1","24":"tag-fr","25":"tag-france","26":"tag-liga","27":"tag-match","28":"tag-messi","29":"tag-real-madrid","30":"tag-resultats","31":"tag-sports"},"share_on_mastodon":{"url":"https:\/\/pubeurope.com\/@fr\/115288297222642962","error":""},"_links":{"self":[{"href":"https:\/\/www.europesays.com\/fr\/wp-json\/wp\/v2\/posts\/426386","targetHints":{"allow":["GET"]}}],"collection":[{"href":"https:\/\/www.europesays.com\/fr\/wp-json\/wp\/v2\/posts"}],"about":[{"href":"https:\/\/www.europesays.com\/fr\/wp-json\/wp\/v2\/types\/post"}],"author":[{"embeddable":true,"href":"https:\/\/www.europesays.com\/fr\/wp-json\/wp\/v2\/users\/2"}],"replies":[{"embeddable":true,"href":"https:\/\/www.europesays.com\/fr\/wp-json\/wp\/v2\/comments?post=426386"}],"version-history":[{"count":0,"href":"https:\/\/www.europesays.com\/fr\/wp-json\/wp\/v2\/posts\/426386\/revisions"}],"wp:featuredmedia":[{"embeddable":true,"href":"https:\/\/www.europesays.com\/fr\/wp-json\/wp\/v2\/media\/426387"}],"wp:attachment":[{"href":"https:\/\/www.europesays.com\/fr\/wp-json\/wp\/v2\/media?parent=426386"}],"wp:term":[{"taxonomy":"category","embeddable":true,"href":"https:\/\/www.europesays.com\/fr\/wp-json\/wp\/v2\/categories?post=426386"},{"taxonomy":"post_tag","embeddable":true,"href":"https:\/\/www.europesays.com\/fr\/wp-json\/wp\/v2\/tags?post=426386"}],"curies":[{"name":"wp","href":"https:\/\/api.w.org\/{rel}","templated":true}]}}