{"id":426388,"date":"2025-09-29T15:29:16","date_gmt":"2025-09-29T15:29:16","guid":{"rendered":"https:\/\/www.europesays.com\/fr\/426388\/"},"modified":"2025-09-29T15:29:16","modified_gmt":"2025-09-29T15:29:16","slug":"cyclisme-championnats-deurope-les-europe-en-france-cette-semaine-programme-parcours","status":"publish","type":"post","link":"https:\/\/www.europesays.com\/fr\/426388\/","title":{"rendered":"Cyclisme. Championnats d&rsquo;Europe &#8211; Les Europe en France cette semaine&#8230; programme, parcours"},"content":{"rendered":"<p>Cette ann\u00e9e, les <strong><a href=\"https:\/\/www.cyclismactu.net\/..\/news-championnats-d-europe-route-les-selections-femmes-et-jeunes-des-bleus-aux-europe-90215.html\" target=\"_blank\" rel=\"noopener\">Championnats d&rsquo;Europe<\/a><\/strong> sur route  auront lieu en France du 1er au 5 octobre, dans les d\u00e9partements de  l&rsquo;Ard\u00e8che et de la Dr\u00f4me. Pendant 5 jours de comp\u00e9titions, l&rsquo;<strong>Union Europ\u00e9eenne de Cyclisme<\/strong> (UEC) attribuera un total de 14 titres, avec la course en ligne et le  contre-la-montre dans les cat\u00e9gories Juniors, U23 et Elite, ainsi que  deux relais mixte (Juniors et Elite). 800 coureurs sont attendus au  d\u00e9part, pour ce qui sera la 10e \u00e9dition des <strong>Championnats d&rsquo;Europe sur route<\/strong> et la troisi\u00e8me qui se dispute en France, apr\u00e8s les \u00e9ditions 2016 (Plumelec) et 2020 (Bretagne).<\/p>\n<p>Vid\u00e9o &#8211; Tadej Pogacar vers un doubl\u00e9 Mondiaux &#8211; Europe ? Lire la suite de l&rsquo;article&#13;<\/p>\n<p>\u00a0<\/p>\n<p>&#13;<br \/>\nUn parcours pour costaud&#13;<\/p>\n<p>Longue de 203,1 kilom\u00e8tres, la course en ligne \u00c9lite Hommes &#8211; qui s&rsquo;\u00e9lancera de\u00a0<strong>Privas<\/strong>\u00a0et se conclura \u00e0\u00a0<strong>Guilherand-Granges<\/strong>\u00a0&#8211; contiendra 3 306 m\u00e8tres de d\u00e9nivel\u00e9 positif. Tandis que la mont\u00e9e de\u00a0<strong>Saint-Romain-de-Lerps<\/strong>\u00a0(6,8 km \u00e0 7,3%) sera \u00e0 gravir \u00e0 trois reprises en milieu de course, celle du\u00a0<strong>Val d&rsquo;Enfer<\/strong>\u00a0(1,7  km \u00e0 9,3%) sera escalad\u00e9e six fois, dont trois fois dans les 40  derniers kilom\u00e8tres. Nul doute qu&rsquo;il faudra \u00eatre particuli\u00e8rement  costaud pour \u00eatre sacr\u00e9 champion d&rsquo;Europe cette ann\u00e9e.<\/p>\n<p>&#13;<\/p>\n<p>La course en ligne \u00c9lites Femmes fera quant \u00e0 elle 116,1  kilom\u00e8tres, avec un denivel\u00e9 positif de 2 271 m\u00e8tres. Les femmes iront  au sommet de\u00a0<strong>Saint-Romain-de-Lerps<\/strong>\u00a0\u00e0 une reprise et grimperont le\u00a0<strong>Val d&rsquo;Enfer<\/strong>\u00a0trois fois, dont deux dans les 25 derni\u00e8res bornes. Trac\u00e9s entre\u00a0<strong>Loriol-sur-Dr\u00f4me\u00a0<\/strong>et\u00a0<strong>\u00c9toile-sur-Dr\u00f4me<\/strong>,  les contre-la-montre individuels, seront d&rsquo;une distance de 24,1  kilom\u00e8tres et identiques pour les hommes et pour les femmes. Enfin, les  contre-la-montre mixte en relais (\u00c9lite et Juniors) verront leur d\u00e9part  et leur arriv\u00e9e se faire \u00e0<strong>\u00a0\u00c9toile-sur-Rh\u00f4ne<\/strong>, avec un parcours de 40 kilom\u00e8tres au programme.<\/p>\n<p>&#13;<br \/>\n&#13;<br \/>\nLes profils des courses Elite Femmes et Hommes :&#13;<br \/>\n&#13;<\/p>\n<p><strong><img decoding=\"async\" src=\"https:\/\/www.europesays.com\/fr\/wp-content\/uploads\/2025\/09\/Profil Europe Femme.jpg\" style=\"max-width:100%;max-height:100%;\" alt=\"image\" loading=\"lazy\"\/><\/strong><\/p>\n<p>&#13;<br \/>\n&#13;<\/p>\n<p><img decoding=\"async\" src=\"https:\/\/www.europesays.com\/fr\/wp-content\/uploads\/2025\/09\/Profil Europe Homme.jpg\" style=\"max-width:100%;max-height:100%;\" alt=\"image\" loading=\"lazy\"\/><\/p>\n<p>&#13;<\/p>\n<p>\u00a0<\/p>\n<p>&#13;<br \/>\nLe programme complet des Championnats d&rsquo;Europe sur route :&#13;<\/p>\n<p><strong>Mercredi 1er octobre :<\/strong>\u00a0<\/p>\n<p>&#13;<\/p>\n<ul>&#13;<\/p>\n<li>09h30 : CLM Individuel Juniors Femmes<\/li>\n<p>&#13;<\/p>\n<li>10h45 : CLM Individuel Juniors Hommes<\/li>\n<p>&#13;<\/p>\n<li>12h00 : CLM Individuel U23 Femmes<\/li>\n<p>&#13;<\/p>\n<li>12h45 : CLM Individuel U23 Hommes<\/li>\n<p>&#13;<\/p>\n<li>14h20 : CLM Individuel Elite Femmes<\/li>\n<p>&#13;<\/p>\n<li>15h45 : CLM Iindividuel Elite Hommes<\/li>\n<p>&#13;\n<\/ul>\n<p>&#13;<\/p>\n<p><strong>Jeudi 2 Octobre :<\/strong>\u00a0<\/p>\n<p>&#13;<\/p>\n<ul>&#13;<\/p>\n<li>11h00 : CLM par \u00e9quipes mixte en relais Juniors<\/li>\n<p>&#13;<\/p>\n<li>14h30 : CLM par \u00e9quipes mixte en relais Elite<\/li>\n<p>&#13;\n<\/ul>\n<p>&#13;<\/p>\n<p><strong>Vendredi 3 octobre :<\/strong>\u00a0<\/p>\n<p>&#13;<\/p>\n<ul>&#13;<\/p>\n<li>09h00 : Course en ligne U23 Femmes<\/li>\n<p>&#13;<\/p>\n<li>12h40 : Course en ligne Juniors Femmes<\/li>\n<p>&#13;<\/p>\n<li>15h35 : Course en ligne Juniors Hommes<\/li>\n<p>&#13;\n<\/ul>\n<p>&#13;<\/p>\n<p><strong>Samedi 4 octobre :<\/strong>\u00a0<\/p>\n<p>&#13;<\/p>\n<ul>&#13;<\/p>\n<li>09h00 : Course en ligne U23 Hommes<\/li>\n<p>&#13;<\/p>\n<li>14h00 : Course en ligne Elite Femmes<\/li>\n<p>&#13;\n<\/ul>\n<p>&#13;<\/p>\n<p><strong>Dimanche 5 octobre :<\/strong>\u00a0<\/p>\n<p>&#13;<\/p>\n<ul>&#13;<\/p>\n<li>11h45 : Course en ligne Elite Hommes <\/li>\n<p>&#13;\n<\/ul>\n","protected":false},"excerpt":{"rendered":"Cette ann\u00e9e, les Championnats d&rsquo;Europe sur route auront lieu en France du 1er au 5 octobre, dans les&hellip;\n","protected":false},"author":2,"featured_media":426389,"comment_status":"","ping_status":"","sticky":false,"template":"","format":"standard","meta":{"footnotes":""},"categories":[1411],"tags":[34841,1154,207,1011,27,209,60,208],"class_list":{"0":"post-426388","1":"post","2":"type-post","3":"status-publish","4":"format-standard","5":"has-post-thumbnail","7":"category-cyclisme","8":"tag-championnats-d","9":"tag-cycling","10":"tag-cyclisme","11":"tag-fr","12":"tag-france","13":"tag-route","14":"tag-sports","15":"tag-velo"},"share_on_mastodon":{"url":"https:\/\/pubeurope.com\/@fr\/115288301457759497","error":""},"_links":{"self":[{"href":"https:\/\/www.europesays.com\/fr\/wp-json\/wp\/v2\/posts\/426388","targetHints":{"allow":["GET"]}}],"collection":[{"href":"https:\/\/www.europesays.com\/fr\/wp-json\/wp\/v2\/posts"}],"about":[{"href":"https:\/\/www.europesays.com\/fr\/wp-json\/wp\/v2\/types\/post"}],"author":[{"embeddable":true,"href":"https:\/\/www.europesays.com\/fr\/wp-json\/wp\/v2\/users\/2"}],"replies":[{"embeddable":true,"href":"https:\/\/www.europesays.com\/fr\/wp-json\/wp\/v2\/comments?post=426388"}],"version-history":[{"count":0,"href":"https:\/\/www.europesays.com\/fr\/wp-json\/wp\/v2\/posts\/426388\/revisions"}],"wp:featuredmedia":[{"embeddable":true,"href":"https:\/\/www.europesays.com\/fr\/wp-json\/wp\/v2\/media\/426389"}],"wp:attachment":[{"href":"https:\/\/www.europesays.com\/fr\/wp-json\/wp\/v2\/media?parent=426388"}],"wp:term":[{"taxonomy":"category","embeddable":true,"href":"https:\/\/www.europesays.com\/fr\/wp-json\/wp\/v2\/categories?post=426388"},{"taxonomy":"post_tag","embeddable":true,"href":"https:\/\/www.europesays.com\/fr\/wp-json\/wp\/v2\/tags?post=426388"}],"curies":[{"name":"wp","href":"https:\/\/api.w.org\/{rel}","templated":true}]}}