{"id":426392,"date":"2025-09-29T15:31:13","date_gmt":"2025-09-29T15:31:13","guid":{"rendered":"https:\/\/www.europesays.com\/fr\/426392\/"},"modified":"2025-09-29T15:31:13","modified_gmt":"2025-09-29T15:31:13","slug":"carla-bruni-affectee-le-soutien-danouchka-delon","status":"publish","type":"post","link":"https:\/\/www.europesays.com\/fr\/426392\/","title":{"rendered":"Carla Bruni, affect\u00e9e\u00a0: le soutien d&rsquo;Anouchka Delon"},"content":{"rendered":"<p>            <a href=\"https:\/\/www.journaldesfemmes.fr\/people\/magazine\/3242692-la-semaine-des-stars-adriana-karembeu-carla-bruni-actu-people-france\/3242730-moundir\" class=\"app_button_nav_prev jMiddlePreviousButton\" target=\"_blank\" rel=\"noopener\"><\/a><a href=\"https:\/\/www.journaldesfemmes.fr\/people\/magazine\/3242692-la-semaine-des-stars-adriana-karembeu-carla-bruni-actu-people-france\/3242728-prince-william\" class=\"app_button_nav_next jMiddleNextButton\" target=\"_blank\" rel=\"noopener\"><\/a><\/p>\n<p>                <img loading=\"lazy\" decoding=\"async\" src=\"https:\/\/www.europesays.com\/fr\/wp-content\/uploads\/2025\/09\/40048284.jpeg\" alt=\"\" width=\"250\" height=\"458\"\/><br \/>\n            <a href=\"https:\/\/img-3.journaldesfemmes.fr\/O-YLq8_Y_YwxStUzxiJDX69gMto=\/664x\/smart\/6532380f04b8413f97aa1be1b7f51ccc\/ccmcms-jdf\/40048284.jpeg\" class=\"fancy app_btn_1 app_btn--ico\" target=\"_blank\" rel=\"noopener\"><\/a>Carla Bruni \u00a9\u00a0Ik Aldama\/DPA\/SIPA    <\/p>\n<p><strong>Solidarit\u00e9<\/strong>. Carla Bruni a eu un choc quand son mari Nicolas Sarkozy a \u00e9t\u00e9 condamn\u00e9 \u00e0 5 ans de prison ferme\u00a0dans l&rsquo;affaire du financement libyen de sa campagne de 2007. Mais la chanteuse a vite relev\u00e9 la t\u00eate et publi\u00e9 sur les r\u00e9seaux sociaux une photo o\u00f9 elle tient la main de son mari avec la l\u00e9gende en anglais : \u00ab\u00a0L&rsquo;amour est la r\u00e9ponse (&#8230;) La haine n&rsquo;aura pas le dessus\u00a0\u00bb. Une d\u00e9claration qui a \u00e9mu\u00a0Anouchka Delon qui a republi\u00e9 dans une story Instagram le message de Carla Bruni avec le commentaire : \u00ab\u00a0Oui, l&rsquo;amour est toujours la r\u00e9ponse\u00a0! Avec toute ma force\u00a0\u00bb.<\/p>\n","protected":false},"excerpt":{"rendered":"Carla Bruni \u00a9\u00a0Ik Aldama\/DPA\/SIPA Solidarit\u00e9. Carla Bruni a eu un choc quand son mari Nicolas Sarkozy a \u00e9t\u00e9&hellip;\n","protected":false},"author":2,"featured_media":426393,"comment_status":"","ping_status":"","sticky":false,"template":"","format":"standard","meta":{"footnotes":""},"categories":[1359],"tags":[15511,55516,51761,58,59,52292,1011,27,51766,1031,973],"class_list":{"0":"post-426392","1":"post","2":"type-post","3":"status-publish","4":"format-standard","5":"has-post-thumbnail","7":"category-people","8":"tag-carla-bruni-sarkozy","9":"tag-cms-journaldesfemmes-3242712","10":"tag-controller-content","11":"tag-divertissement","12":"tag-entertainment","13":"tag-format-reportage","14":"tag-fr","15":"tag-france","16":"tag-les-histoires-du-jdf","17":"tag-magazine","18":"tag-people"},"share_on_mastodon":{"url":"https:\/\/pubeurope.com\/@fr\/115288309389820910","error":""},"_links":{"self":[{"href":"https:\/\/www.europesays.com\/fr\/wp-json\/wp\/v2\/posts\/426392","targetHints":{"allow":["GET"]}}],"collection":[{"href":"https:\/\/www.europesays.com\/fr\/wp-json\/wp\/v2\/posts"}],"about":[{"href":"https:\/\/www.europesays.com\/fr\/wp-json\/wp\/v2\/types\/post"}],"author":[{"embeddable":true,"href":"https:\/\/www.europesays.com\/fr\/wp-json\/wp\/v2\/users\/2"}],"replies":[{"embeddable":true,"href":"https:\/\/www.europesays.com\/fr\/wp-json\/wp\/v2\/comments?post=426392"}],"version-history":[{"count":0,"href":"https:\/\/www.europesays.com\/fr\/wp-json\/wp\/v2\/posts\/426392\/revisions"}],"wp:featuredmedia":[{"embeddable":true,"href":"https:\/\/www.europesays.com\/fr\/wp-json\/wp\/v2\/media\/426393"}],"wp:attachment":[{"href":"https:\/\/www.europesays.com\/fr\/wp-json\/wp\/v2\/media?parent=426392"}],"wp:term":[{"taxonomy":"category","embeddable":true,"href":"https:\/\/www.europesays.com\/fr\/wp-json\/wp\/v2\/categories?post=426392"},{"taxonomy":"post_tag","embeddable":true,"href":"https:\/\/www.europesays.com\/fr\/wp-json\/wp\/v2\/tags?post=426392"}],"curies":[{"name":"wp","href":"https:\/\/api.w.org\/{rel}","templated":true}]}}