{"id":426414,"date":"2025-09-29T15:43:12","date_gmt":"2025-09-29T15:43:12","guid":{"rendered":"https:\/\/www.europesays.com\/fr\/426414\/"},"modified":"2025-09-29T15:43:12","modified_gmt":"2025-09-29T15:43:12","slug":"a-nice-la-flagornerie-ultime-de-christian-estrosi-apres-la-condamnation-de-nicolas-sarkozy","status":"publish","type":"post","link":"https:\/\/www.europesays.com\/fr\/426414\/","title":{"rendered":"\u00c0 Nice, la flagornerie ultime de Christian Estrosi apr\u00e8s la condamnation de Nicolas Sarkozy"},"content":{"rendered":"<p>        <img decoding=\"async\" loading=\"lazy\" src=\"https:\/\/www.europesays.com\/fr\/wp-content\/uploads\/2025\/09\/da5889d_upload-1-foeestzbxomx-afp-20181116-1aw2si-v1-midres-francepoliticurban.jpg\"  width=\"728\" height=\"409\" alt=\"Nicolas Sarkozy  et Nice Christian Estrosi, lors de l\u2019inauguration de l\u2019All\u00e9e Charles Pasqua le 16\u00a0novembre 2018\u00a0\u00e0 Nice. \"\/>  <\/p>\n<p>VALERY HACHE \/ AFP<\/p>\n<p>Nicolas Sarkozy  et Nice Christian Estrosi, lors de l\u2019inauguration de l\u2019All\u00e9e Charles Pasqua le 16\u00a0novembre 2018\u00a0\u00e0 Nice. <\/p>\n<p class=\"asset asset-text\">POLITIQUE &#8211; On peut \u00eatre (s\u00e9v\u00e8rement) puni par la justice mais avoir quand m\u00eame droit \u00e0 des cadeaux. C\u2019est en tout cas la philosophie de Christian Estrosi, le maire de Nice, qui a annonc\u00e9 ce lundi 29\u00a0septembre rebaptiser un b\u00e2timent de la ville en l\u2019honneur de <a href=\"https:\/\/www.huffingtonpost.fr\/politique\/article\/nicolas-sarkozy-ira-en-prison-mais-ce-n-est-pas-la-fin-de-la-presomption-d-innocence_255379.html\" target=\"_blank\" rel=\"noopener\">Nicolas Sarkozy<\/a>. Et ce, quatre jours seulement apr\u00e8s la condamnation <a href=\"https:\/\/www.huffingtonpost.fr\/justice\/article\/nicolas-sarkozy-ira-t-il-en-prison-ce-que-signifie-le-mandat-de-depot-a-effet-differe_255246.html\" target=\"_blank\" rel=\"noopener\">(il a fait appel)<\/a> de l\u2019ancien pr\u00e9sident dans l\u2019affaire libyenne.<\/p>\n<p class=\"asset asset-text\">\u00ab\u00a0J\u2019ai d\u00e9cid\u00e9 de donner le nom de Nicolas Sarkozy au futur parvis de notre H\u00f4tel des polices municipales et nationales\u00a0\u00bb, \u00e9crit le maire Horizons sur X. L\u2019\u00e9dile le justifie par le soutien de longue date de Nicolas Sarkozy au projet, ainsi que par son \u00ab\u00a0action d\u00e9terminante\u00a0d\u2019abord comme ministre de l\u2019Int\u00e9rieur puis comme Pr\u00e9sident de la R\u00e9publique, en faisant de la s\u00e9curit\u00e9 une priorit\u00e9 nationale \u00bb. On en oublierait presque que l\u2019int\u00e9ress\u00e9 est responsable de la fonte des effectifs de police, r\u00e9duits de <a href=\"https:\/\/www.tf1info.fr\/politique\/baisse-des-effectifs-dans-la-police-comment-nicolas-sarkozy-fait-mentir-les-chiffres-2008655.html\" target=\"_blank\" rel=\"noopener\" title=\"Nouvelle fen\u00eatre\">10\u00a0000\u00a0postes entre 2007\u00a0et 2012<\/a>.<\/p>\n<p class=\"asset asset-text\">Christian Estrosi ne mentionne pas la d\u00e9cision de justice prononc\u00e9e contre l\u2019ancien chef d\u2019\u00c9tat dans l\u2019affaire libyenne. Mais le timing de cet hommage interpelle. Car si le maire ni\u00e7ois n\u2019est pas all\u00e9 jusqu\u2019\u00e0 crier au \u00ab\u00a0proc\u00e8s politique\u00a0\u00bb ni \u00e0 attaquer les magistrats, il a redit son \u00ab\u00a0affection\u00a0\u00bb \u00e0 celui qu\u2019il consid\u00e8re comme son \u00ab\u00a0fr\u00e8re\u00a0\u00bb.<\/p>\n<p> La lecture de ce contenu est susceptible d\u2019entra\u00eener un d\u00e9p\u00f4t de cookies de la part de l\u2019op\u00e9rateur tiers qui l\u2019h\u00e9berge. Compte-tenu des choix que vous avez exprim\u00e9s en mati\u00e8re de d\u00e9p\u00f4t de cookies, nous avons bloqu\u00e9 l\u2019affichage de ce contenu. Si vous souhaitez y acc\u00e9der, vous devez accepter la cat\u00e9gorie de cookies \u201cContenus tiers\u201d en cliquant sur le bouton ci-dessous. <\/p>\n<p> Lire la Vid\u00e9o            <\/p>\n<p class=\"asset asset-text\">Christian Estrosi a rejoint en 2021\u00a0le parti Horizons d\u2019Edouard Philippe, dont il est vice-pr\u00e9sident. Mais avant de changer d\u2019\u00e9curie, il a partag\u00e9 de longues ann\u00e9es de militantisme avec Nicolas Sarkozy. Membre avec l\u2019ancien pr\u00e9sident du RPR, de l\u2019UMP puis des R\u00e9publicains, Christian Estrosi a ensuite occup\u00e9 trois postes minist\u00e9riels\u00a0: le premier, comme ministre d\u00e9l\u00e9gu\u00e9 sous Nicolas Sarkozy \u00e0 l\u2019Int\u00e9rieur, puis comme secr\u00e9taire d\u2019\u00c9tat \u00e0 l\u2019Outre-mer et ministre de l\u2019Industrie.<\/p>\n<p class=\"asset asset-text\">De quoi partager des souvenirs en commun, dont celui-ci\u00a0: le 16\u00a0novembre\u00a02018, le maire de Nice nouvellement \u00e9lu recevait l\u2019ancien pr\u00e9sident de la R\u00e9publique pour inaugurer une all\u00e9e Charles Pasqua, d\u00e9c\u00e9d\u00e9 trois ans plus t\u00f4t et connu tant pour son incarnation du \u00ab\u00a0gaullisme\u00a0\u00bb que pour son implication dans des affaires politico-financi\u00e8res qui lui ont valu deux condamnations avec sursis. On prend presque les m\u00eames, et on recommence.<\/p>\n","protected":false},"excerpt":{"rendered":"VALERY HACHE \/ AFP Nicolas Sarkozy et Nice Christian Estrosi, lors de l\u2019inauguration de l\u2019All\u00e9e Charles Pasqua le&hellip;\n","protected":false},"author":2,"featured_media":426415,"comment_status":"","ping_status":"","sticky":false,"template":"","format":"standard","meta":{"footnotes":""},"categories":[4],"tags":[11,2397,1011,27,12,2401,3091,316,25],"class_list":{"0":"post-426414","1":"post","2":"type-post","3":"status-publish","4":"format-standard","5":"has-post-thumbnail","7":"category-france","8":"tag-actualites","9":"tag-christian-estrosi","10":"tag-fr","11":"tag-france","12":"tag-news","13":"tag-nice","14":"tag-nicolas-sarkozy","15":"tag-politique","16":"tag-republique-francaise"},"share_on_mastodon":{"url":"https:\/\/pubeurope.com\/@fr\/115288356574219020","error":""},"_links":{"self":[{"href":"https:\/\/www.europesays.com\/fr\/wp-json\/wp\/v2\/posts\/426414","targetHints":{"allow":["GET"]}}],"collection":[{"href":"https:\/\/www.europesays.com\/fr\/wp-json\/wp\/v2\/posts"}],"about":[{"href":"https:\/\/www.europesays.com\/fr\/wp-json\/wp\/v2\/types\/post"}],"author":[{"embeddable":true,"href":"https:\/\/www.europesays.com\/fr\/wp-json\/wp\/v2\/users\/2"}],"replies":[{"embeddable":true,"href":"https:\/\/www.europesays.com\/fr\/wp-json\/wp\/v2\/comments?post=426414"}],"version-history":[{"count":0,"href":"https:\/\/www.europesays.com\/fr\/wp-json\/wp\/v2\/posts\/426414\/revisions"}],"wp:featuredmedia":[{"embeddable":true,"href":"https:\/\/www.europesays.com\/fr\/wp-json\/wp\/v2\/media\/426415"}],"wp:attachment":[{"href":"https:\/\/www.europesays.com\/fr\/wp-json\/wp\/v2\/media?parent=426414"}],"wp:term":[{"taxonomy":"category","embeddable":true,"href":"https:\/\/www.europesays.com\/fr\/wp-json\/wp\/v2\/categories?post=426414"},{"taxonomy":"post_tag","embeddable":true,"href":"https:\/\/www.europesays.com\/fr\/wp-json\/wp\/v2\/tags?post=426414"}],"curies":[{"name":"wp","href":"https:\/\/api.w.org\/{rel}","templated":true}]}}