{"id":426422,"date":"2025-09-29T15:49:17","date_gmt":"2025-09-29T15:49:17","guid":{"rendered":"https:\/\/www.europesays.com\/fr\/426422\/"},"modified":"2025-09-29T15:49:17","modified_gmt":"2025-09-29T15:49:17","slug":"libere-il-fracture-un-commerce-a-nancy-le-soir-meme","status":"publish","type":"post","link":"https:\/\/www.europesays.com\/fr\/426422\/","title":{"rendered":"lib\u00e9r\u00e9, il fracture un commerce \u00e0 Nancy le soir m\u00eame"},"content":{"rendered":"<p>Les faits se sont d\u00e9roul\u00e9s en hypercentre de Pont-\u00e0-Mousson, place Duroc. Mardi dernier, pour le d\u00e9jeuner, Gis\u00e8le* s\u2019appr\u00eate \u00e0 r\u00e9gler ses courses. Sauf qu\u2019au moment de chercher ses moyens de paiement, la presque octog\u00e9naire ne trouve plus son portefeuille. Cartes bancaires, esp\u00e8ces\u00a0: tout lui a \u00e9t\u00e9 d\u00e9rob\u00e9\u00a0!<\/p>\n<p>Elle porte plainte au commissariat de la place Saint-Antoine. Plus tard, dans l\u2019apr\u00e8s-midi, un quinquag\u00e9naire veut payer dans un magasin de Pont-\u00e0-Mousson avec une carte au nom de Gis\u00e8le*. L\u2019entourloupe ne fonctionne pas, <a href=\"https:\/\/www.estrepublicain.fr\/defense-guerre-conflit\/2025\/02\/06\/eric-laprevotte-un-nouveau-commandant-chevronne-a-la-tete-du-commissariat#:~:text=Pont-%C3%A0-Mousson%20Eric%20Lapr%C3%A9votte,de%20Pont-%C3%A0-Mousson.\" target=\"_blank\" rel=\"noopener\">les agents de police sont pr\u00e9venus<\/a>. Rapidement, ceux-ci recoupent les diff\u00e9rentes informations avec les images des cam\u00e9ras de vid\u00e9oprotection.<\/p>\n<p>  Un deuxi\u00e8me m\u00e9fait la nuit suivante<\/p>\n<p>Les \u00e9changes entre le commissariat Lobau, \u00e0 Nancy, et le commissariat local permettent de mettre vite un nom sur les photos du suspect. Le soir m\u00eame, il est interpell\u00e9 dans le Grand Nancy et plac\u00e9 en garde \u00e0 vue \u00e0 Pont-\u00e0-Mousson.<\/p>\n<p>Tr\u00e8s d\u00e9favorablement connu des services de police et de justice, l\u2019homme reconna\u00eet les faits et se voit remettre une convocation au tribunal dans le cadre d\u2019une CRPJ (comparution sur reconnaissance pr\u00e9alable de culpabilit\u00e9). Dans l\u2019attente de son proc\u00e8s, il ressort libre.<\/p>\n<p>Sauf que dans la nuit suivante, celle du 23 au 24, donc, il rentre par effraction dans un commerce de Nancy. De nouveau interpell\u00e9, il est une seconde fois plac\u00e9 en garde \u00e0 vue \u00e0 Nancy. Puis transf\u00e9r\u00e9 en d\u00e9tention provisoire dans l\u2019attente de son jugement, qui devait avoir lieu dans le cadre d\u2019une comparution imm\u00e9diate ce lundi 29\u00a0septembre.<\/p>\n<p class=\"note\">* Le pr\u00e9nom a \u00e9t\u00e9 modifi\u00e9<\/p>\n","protected":false},"excerpt":{"rendered":"Les faits se sont d\u00e9roul\u00e9s en hypercentre de Pont-\u00e0-Mousson, place Duroc. Mardi dernier, pour le d\u00e9jeuner, Gis\u00e8le* s\u2019appr\u00eate&hellip;\n","protected":false},"author":2,"featured_media":426423,"comment_status":"","ping_status":"","sticky":false,"template":"","format":"standard","meta":{"footnotes":""},"categories":[9635],"tags":[1111,11,271,272,1704,1706,1777,674,274,1011,27,775,3457,1702,12,10422,10423,25],"class_list":{"0":"post-426422","1":"post","2":"type-post","3":"status-publish","4":"format-standard","5":"has-post-thumbnail","7":"category-nancy","8":"tag-actu","9":"tag-actualites","10":"tag-crime","11":"tag-delit-et-contravention","12":"tag-edition-nancy-et-agglomeration","13":"tag-edition-pont-a-mousson","14":"tag-eu","15":"tag-europe","16":"tag-faits-divers-justice","17":"tag-fr","18":"tag-france","19":"tag-grand-est","20":"tag-meurthe-et-moselle","21":"tag-nancy","22":"tag-news","23":"tag-pont-a-mousson","24":"tag-pont-a-mousson-ville-54c","25":"tag-republique-francaise"},"share_on_mastodon":{"url":"https:\/\/pubeurope.com\/@fr\/115288379535054537","error":""},"_links":{"self":[{"href":"https:\/\/www.europesays.com\/fr\/wp-json\/wp\/v2\/posts\/426422","targetHints":{"allow":["GET"]}}],"collection":[{"href":"https:\/\/www.europesays.com\/fr\/wp-json\/wp\/v2\/posts"}],"about":[{"href":"https:\/\/www.europesays.com\/fr\/wp-json\/wp\/v2\/types\/post"}],"author":[{"embeddable":true,"href":"https:\/\/www.europesays.com\/fr\/wp-json\/wp\/v2\/users\/2"}],"replies":[{"embeddable":true,"href":"https:\/\/www.europesays.com\/fr\/wp-json\/wp\/v2\/comments?post=426422"}],"version-history":[{"count":0,"href":"https:\/\/www.europesays.com\/fr\/wp-json\/wp\/v2\/posts\/426422\/revisions"}],"wp:featuredmedia":[{"embeddable":true,"href":"https:\/\/www.europesays.com\/fr\/wp-json\/wp\/v2\/media\/426423"}],"wp:attachment":[{"href":"https:\/\/www.europesays.com\/fr\/wp-json\/wp\/v2\/media?parent=426422"}],"wp:term":[{"taxonomy":"category","embeddable":true,"href":"https:\/\/www.europesays.com\/fr\/wp-json\/wp\/v2\/categories?post=426422"},{"taxonomy":"post_tag","embeddable":true,"href":"https:\/\/www.europesays.com\/fr\/wp-json\/wp\/v2\/tags?post=426422"}],"curies":[{"name":"wp","href":"https:\/\/api.w.org\/{rel}","templated":true}]}}