{"id":426428,"date":"2025-09-29T15:52:15","date_gmt":"2025-09-29T15:52:15","guid":{"rendered":"https:\/\/www.europesays.com\/fr\/426428\/"},"modified":"2025-09-29T15:52:15","modified_gmt":"2025-09-29T15:52:15","slug":"volkswagen-id-7-tourer-le-break-electrique-qui-surprend","status":"publish","type":"post","link":"https:\/\/www.europesays.com\/fr\/426428\/","title":{"rendered":"Volkswagen ID.7 Tourer, le break \u00e9lectrique qui surprend"},"content":{"rendered":"<p>            Par<br \/>\n        <strong><br \/>\n            <a href=\"https:\/\/actu.fr\/auteur\/g-martin\" title=\"Consulter tous les articles de Gil Martin\" rel=\"nofollow noopener\" target=\"_blank\">Gil Martin<\/a><br \/>\n        <\/strong><\/p>\n<p>        Publi\u00e9 le<\/p>\n<p>            29 sept. 2025 \u00e0 17h28        <\/p>\n<p>Avant l\u2019\u00e9t\u00e9, <strong>Volkswagen<\/strong> a lanc\u00e9 une voiture \u00e9tonnante et finalement assez rare\u00a0: un <strong>break 100% \u00e9lectrique<\/strong>, une alternative sans doute sous-exploit\u00e9e pour concurrencer les volumineux SUV, g\u00e9n\u00e9ralement plus gourmands, notamment sur autoroute. Avec son Tourer, la firme allemande pourrait cr\u00e9er la surprise, tant le break s\u2019av\u00e8re \u00e0 la fois bien con\u00e7u et performant\u2026 malgr\u00e9 un <strong>tarif tout aussi prohibitif<\/strong> !<\/p>\n<p>Une tr\u00e8s belle autonomie<\/p>\n<p class=\" wall-content\">Comme les SUV, le break est fait pour voyager. Mais en a-t-il la capacit\u00e9\u00a0? Oui, avec une autonomie annonc\u00e9e de <strong>680 km (en cycle mixte)<\/strong>, qu\u2019il faut plut\u00f4t ramener \u00e0 <strong>570-600 km<\/strong> pour peu que l\u2019on emprunte l\u2019autoroute ou de longues nationales \u00e0 deux voies. Mais avec une telle autonomie, le <strong>premier break 100% \u00e9lectrique<\/strong> de Volkswagen r\u00e9ussi plut\u00f4t bien son pari : offrir une voiture spacieuse et confortable capable d\u2019amener une famille en vacances. Pour cela, il vaut mieux opter pour la version <strong>Pro S du Tourer<\/strong> qui h\u00e9rite d\u2019une grosse batterie de 86 kWh.<\/p>\n<blockquote class=\"ac-article-quote wall-content\">\n<p>\u00ab\u00a0Le break est tr\u00e8s \u00e0 l\u2019aise sur la route et m\u00eame l\u2019autoroute o\u00f9 il fait appr\u00e9cier son confort (pas de vibrations), son silence, sa souplesse et sa docilit\u00e9\u00a0\u00bb<\/p>\n<p>    <strong\/>\n            <\/p><\/blockquote>\n<p>    <img   decoding=\"async\" loading=\"lazy\" src=\"https:\/\/www.europesays.com\/fr\/wp-content\/uploads\/2025\/09\/photo-id-7-tourer-hayon-960x640.jpg\" alt=\"Avec un poids de presque 2,2 tonnes, il faut 6,7 s au break pour se propulser de 0 \u00e0 100 km\/h\" width=\"960\" height=\"640\"\/><br \/>\n    Avec un poids de presque 2,2 tonnes, il faut 6,7 s au break pour se propulser de 0 \u00e0 100 km\/h (\u00a9Volkswagen)<\/p>\n<p class=\" wall-content\">Elle est associ\u00e9e \u00e0 un moteur \u00e9lectrifi\u00e9 install\u00e9 sur l\u2019essieu arri\u00e8re capable de d\u00e9livrer <strong>286 ch<\/strong> pour un <strong>couple tr\u00e8s int\u00e9ressant de 545 Nm<\/strong>. Autrement dit, le break est capable de performer sur la route, m\u00eame si sa vocation n\u2019est pas de faire la course. Avec un poids de presque 2,2 tonnes, il lui faut <strong>6,7 s<\/strong> pour se propulser de 0 \u00e0 100 km\/h. L\u2019engin atteint les <strong>180 km\/h en vitesse de pointe<\/strong>, largement suffisant pour doubler\u2026 et sur l\u2019autoroute, sa forme, plus pr\u00e8s de la route et plus fluide d\u2019un SUV, lui permet de moins consommer, globalement sous les 19 kWh\/100 km.\u00a0 \u00a0 \u00a0<\/p>\n<p>Vid\u00e9os : en ce moment sur ActuUn peu encombr\u00e9 en ville\u2026<\/p>\n<p class=\" wall-content\">Si l\u2019ID.7 Tourer peut \u00eatre utilis\u00e9 comme la voiture familiale par excellence, il d\u00e9\u00e7oit un peu en ville, parfois g\u00ean\u00e9 par son gabarit mais ce handicap est combl\u00e9 par un <strong>excellent diam\u00e8tre de braquage<\/strong>, assez court. Le break est de suite plus \u00e0 l\u2019aise sur la route et m\u00eame l\u2019autoroute o\u00f9 il fait appr\u00e9cier <strong>son confort<\/strong> (pas de vibrations), <strong>son<\/strong> <strong>silence<\/strong>, sa souplesse et sa docilit\u00e9. Le break offre aussi <strong>une position de conduite id\u00e9ale<\/strong> avec sa sellerie r\u00e9glable, son volant bien vertical et toute une instrumentation comp\u00e8te et lisible qui tombe sous les yeux.<\/p>\n<p>    <img   decoding=\"async\" loading=\"lazy\" src=\"https:\/\/www.europesays.com\/fr\/wp-content\/uploads\/2025\/09\/photo-id-7-tourer-profil-960x640.jpg\" alt=\"Une autonomie annonc\u00e9e de 680 km qu\u2019il faut plut\u00f4t ramener \u00e0 570-600 km pour peu que l\u2019on emprunte l\u2019autoroute ou de longues nationales \" width=\"960\" height=\"640\"\/><br \/>\n    Une autonomie annonc\u00e9e de 680 km qu\u2019il faut plut\u00f4t ramener \u00e0 570-600 km pour peu que l\u2019on emprunte l\u2019autoroute ou de longues nationales (\u00a9Volkswagen)<\/p>\n<p>Votre r\u00e9gion, votre actu !<\/p>\n<p>Recevez chaque jour les infos qui comptent pour vous.<\/p>\n<p>\t<a href=\"https:\/\/actu.fr\/newsletter\" class=\"ac-btn ac-btn--corner ac-btn--medium ac-btn--blue800\" rel=\"nofollow noopener\" target=\"_blank\">S&rsquo;incrire<\/a><br \/>\nUne planche trop simple<\/p>\n<p class=\" wall-content\">Enfin, si ce break s\u2019av\u00e8re plut\u00f4t bien dessin\u00e9 et sa qualit\u00e9 de finition de bonne facture, il aurait tout de m\u00eame m\u00e9rit\u00e9 un petit effort sur l\u2019am\u00e9nagement du poste de conduite. Le break propose un <strong>environnement assez classique<\/strong>, plaisant mais sans originalit\u00e9 : une grande dalle centrale tactile de 15 pouces, qui permet de presque tout faire, orne la planche, et c\u2019est \u00e0 peu pr\u00e8s tout avec le compteur num\u00e9rique\u2026<\/p>\n<p>Un tarif hors-sol !<\/p>\n<p class=\" wall-content\">Le break offre \u00e9galement une sellerie confortable et 5 vraies places, assez spacieuses d\u2019ailleurs \u00e0 l\u2019arri\u00e8re. Au final, ce <strong>break ID.7 Tourer<\/strong> se hisse sans difficult\u00e9s parmi les <strong>meilleures \u00e9lectriques<\/strong> \u00ab longue distance \u00bb du march\u00e9 europ\u00e9en. Le gros point noir pour cet engin bien fait, c\u2019est son prix : le break est accessible \u00e0 partir de 62 690 \u20ac ! <strong>Un tarif hors-sol<\/strong> qui risque de refroidir les amateurs de break qui, sur ce segment des 100% \u00e9lectrique, ont pourtant rarement de quoi se faire plaisir\u2026<\/p>\n<p><img decoding=\"async\" src=\"https:\/\/www.europesays.com\/fr\/wp-content\/uploads\/2025\/09\/photo-id-7-tourer-planche-640x427.jpg\" alt=\"\" width=\"640\" height=\"427\" loading=\"lazy\"\/>Volkswagen ID7 Tourer Pro S : la fiche technique<\/p>\n<p>Poids\u00a0: 2 164 kg<br \/>Dimensions\u00a0: 4,96 m (L), 1,55 m (h)<br \/>puissance\u00a0: 286 ch \u00e0 545 Nm<br \/>Vitesse max\u00a0: 180 km\/h<br \/>De 0 \u00e0 100 km\/h\u00a0: 6,7 s<br \/>Batterie NMC\u00a0: 86 kWh<br \/>Autonomie annonc\u00e9e\u00a0: 683 km (en cycle WLTP)<br \/>Recharge\u00a0borne 400 V : 22 mn de 20 \u00e0 80 %<br \/>Coffre\u00a0: de 605 \u00e0 1 714 l<br \/>Tarifs\u00a0: \u00e0 partir de 62 390 \u20ac<\/p>\n<p class=\" wall-content\">.<\/p>\n<p class=\" wall-content\">Personnalisez votre actualit\u00e9 en ajoutant vos villes et m\u00e9dias en favori avec <a href=\"https:\/\/moncompte.actu.fr\" title=\"D\u00e9couvez Mon Actu\" rel=\"nofollow noopener\" data-trk=\"{&quot;cta&quot;:{&quot;action&quot;:&quot;https:\\\/\\\/moncompte.actu.fr&quot;,&quot;category&quot;:&quot;mon compte&quot;,&quot;from&quot;:&quot;article footer&quot;,&quot;name&quot;:&quot;Mon actu&quot;,&quot;type&quot;:&quot;cta&quot;}}\" target=\"_blank\">Mon Actu<\/a>.<\/p>\n","protected":false},"excerpt":{"rendered":"Par Gil Martin Publi\u00e9 le 29 sept. 2025 \u00e0 17h28 Avant l\u2019\u00e9t\u00e9, Volkswagen a lanc\u00e9 une voiture \u00e9tonnante&hellip;\n","protected":false},"author":2,"featured_media":426429,"comment_status":"","ping_status":"","sticky":false,"template":"","format":"standard","meta":{"footnotes":""},"categories":[9599],"tags":[1111,11,1777,674,1011,27,1305,2208,12,2680,25],"class_list":{"0":"post-426428","1":"post","2":"type-post","3":"status-publish","4":"format-standard","5":"has-post-thumbnail","7":"category-montpellier","8":"tag-actu","9":"tag-actualites","10":"tag-eu","11":"tag-europe","12":"tag-fr","13":"tag-france","14":"tag-lifestyle","15":"tag-montpellier","16":"tag-news","17":"tag-occitanie","18":"tag-republique-francaise"},"share_on_mastodon":{"url":"https:\/\/pubeurope.com\/@fr\/115288391585112008","error":""},"_links":{"self":[{"href":"https:\/\/www.europesays.com\/fr\/wp-json\/wp\/v2\/posts\/426428","targetHints":{"allow":["GET"]}}],"collection":[{"href":"https:\/\/www.europesays.com\/fr\/wp-json\/wp\/v2\/posts"}],"about":[{"href":"https:\/\/www.europesays.com\/fr\/wp-json\/wp\/v2\/types\/post"}],"author":[{"embeddable":true,"href":"https:\/\/www.europesays.com\/fr\/wp-json\/wp\/v2\/users\/2"}],"replies":[{"embeddable":true,"href":"https:\/\/www.europesays.com\/fr\/wp-json\/wp\/v2\/comments?post=426428"}],"version-history":[{"count":0,"href":"https:\/\/www.europesays.com\/fr\/wp-json\/wp\/v2\/posts\/426428\/revisions"}],"wp:featuredmedia":[{"embeddable":true,"href":"https:\/\/www.europesays.com\/fr\/wp-json\/wp\/v2\/media\/426429"}],"wp:attachment":[{"href":"https:\/\/www.europesays.com\/fr\/wp-json\/wp\/v2\/media?parent=426428"}],"wp:term":[{"taxonomy":"category","embeddable":true,"href":"https:\/\/www.europesays.com\/fr\/wp-json\/wp\/v2\/categories?post=426428"},{"taxonomy":"post_tag","embeddable":true,"href":"https:\/\/www.europesays.com\/fr\/wp-json\/wp\/v2\/tags?post=426428"}],"curies":[{"name":"wp","href":"https:\/\/api.w.org\/{rel}","templated":true}]}}